{"id":1235058,"date":"2026-08-14T02:39:27","date_gmt":"2026-08-14T02:39:27","guid":{"rendered":"https:\/\/www.europesays.com\/de\/1235058\/"},"modified":"2026-08-14T02:39:27","modified_gmt":"2026-08-14T02:39:27","slug":"sonnenfinsternis-verkehrschaos-in-bremen-110-anzeigen","status":"publish","type":"post","link":"https:\/\/www.europesays.com\/de\/1235058\/","title":{"rendered":"Sonnenfinsternis: Verkehrschaos in Bremen &#8211; 110 Anzeigen"},"content":{"rendered":"<p>\n                Stand: 13.08.2026 17:02 Uhr<\/p>\n<p>                    <a href=\"https:\/\/www.europesays.com\/de\/wp-content\/uploads\/2026\/08\/sonnenfinsternis-574.webp\" class=\"zoomimage\" title=\"Bild vergr\u00f6\u00dfern\"><\/p>\n<p>        <img decoding=\"async\" src=\"https:\/\/www.europesays.com\/de\/wp-content\/uploads\/2026\/08\/sonnenfinsternis-574.webp\" alt=\"Die Sonne ist w\u00e4hrend einer Sonnenfinsternis nur noch als Sichel zu sehen.\" title=\"Viele Menschen haben die Sonnenfinsternis am Mittwoch gespannt verfolgt. | NDR, Luke Riebe\" class=\"responsive\" loading=\"lazy\"\/><\/p>\n<p>                    <\/a><\/p>\n<p>                    Viele Menschen haben die Sonnenfinsternis am Mittwoch gespannt verfolgt.<\/p>\n<p class=\"\">Die <a href=\"https:\/\/www.ndr.de\/nachrichten\/niedersachsen\/partielle-sonnenfinsternis-das-sind-ihre-schoensten-fotos,sonnenfinsternis-370.html\" title=\"Sonnenfinsternis 2026 in Bildern: Ihre sch\u00f6nsten Fotos\" rel=\"nofollow noopener\" target=\"_blank\">Sonnenfinsternis<\/a> vom Mittwochabend hat in Bremen stellenweise den Verkehr lahmgelegt und einen gr\u00f6\u00dferen Polizeieinsatz in Walle ausgel\u00f6st. Wie die Polizei mitteilte, kam es am Fahrwiesendamm und den Zufahrten der A27 zu besonders viel Verkehr. &#8222;Die dortige M\u00fclldeponie hatte sich kurzfristig zu einem der offenbar begehrtesten Aussichtspunkte Bremens entwickelt&#8220;, hie\u00df es. Laut Polizei waren Zuwegungen zugeparkt, auf zahlreichen Strecken staute sich der Verkehr. Unter anderem h\u00e4tten Autofahrer au\u00dferdem versucht, entgegen der Fahrtrichtung auf die Autobahn aufzufahren, was die Beamten verhindern mussten. Mehr als 110 Anzeigen wegen Ordnungswidrigkeiten wurden der Polizei zufolge insgesamt erfasst. Rund 80 davon bekommen demnach Menschen, die auf einer Kraftfahrstra\u00dfe beziehungsweise Autobahn geparkt haben.<\/p>\n<p>        <img decoding=\"async\" src=\"https:\/\/www.europesays.com\/de\/wp-content\/uploads\/2026\/08\/lenzmond104.webp\" alt=\"Eine partielle Mondfinsternis\" title=\"Eine partielle Mondfinsternis | Nord-West-Media TV\" class=\"responsive\" loading=\"lazy\"\/><\/p>\n<p>Am 28. August ist in Niedersachsen eine partielle Mondfinsternis zu sehen. Fast 93 Prozent des Mondes werden verdunkelt.<\/p>\n<p>        <img decoding=\"async\" src=\"https:\/\/www.europesays.com\/de\/wp-content\/uploads\/2026\/08\/1786675166_378_sonnenfinsternis-502.webp\" alt=\"Partielle Sonnenfinsternis 2026: Der Mond schiebt sich vor die Sonne.\" title=\"Partielle Sonnenfinsternis 2026: Der Mond schiebt sich vor die Sonne. | NDR, Alexa Vehmeier-Mercker \" class=\"responsive\" loading=\"lazy\"\/><\/p>\n<p>Bis zu 87 Prozent der Sonne waren in Niedersachsen verdeckt. Eine \u00e4hnlich starke Sonnenfinsternis gibt es erst 2093.<\/p>\n<p>        <img decoding=\"async\" src=\"https:\/\/www.europesays.com\/de\/wp-content\/uploads\/2026\/08\/sonnenfinsternis-662.webp\" alt=\"Menschen versammeln sich am Steinhuder Meer f\u00fcr die partielle Sonnenfinsternis.\" title=\"Menschen versammeln sich am Steinhuder Meer f\u00fcr die partielle Sonnenfinsternis. | NDR, Volker Wischnowski\" class=\"responsive\" loading=\"lazy\"\/><\/p>\n<p>Die Sonnenfinsternis 2026 war \u00fcber Niedersachsen besonders gut zu sehen. Hier sind die sch\u00f6nsten Fotos unserer Nutzer.<\/p>\n<p>Dieses Thema im Programm:<\/p>\n<p>                NDR 1 Niedersachsen | Regional Oldenburg | 13.08.2026 | 13:30 Uhr<\/p>\n","protected":false},"excerpt":{"rendered":"Stand: 13.08.2026 17:02 Uhr Viele Menschen haben die Sonnenfinsternis am Mittwoch gespannt verfolgt. Die Sonnenfinsternis vom Mittwochabend hat&hellip;\n","protected":false},"author":2,"featured_media":1235059,"comment_status":"","ping_status":"","sticky":false,"template":"","format":"standard","meta":{"footnotes":"","_share_on_mastodon":"0"},"categories":[1824],"tags":[2420,3364,29,588,30,121,107047,5716,601,80512],"class_list":["post-1235058","post","type-post","status-publish","format-standard","has-post-thumbnail","category-bremen","tag-bremen","tag-de","tag-deutschland","tag-einsatz","tag-germany","tag-polizei","tag-sonnenfinsternis","tag-stau","tag-verkehr","tag-walle"],"share_on_mastodon":{"url":"","error":""},"_links":{"self":[{"href":"https:\/\/www.europesays.com\/de\/wp-json\/wp\/v2\/posts\/1235058","targetHints":{"allow":["GET"]}}],"collection":[{"href":"https:\/\/www.europesays.com\/de\/wp-json\/wp\/v2\/posts"}],"about":[{"href":"https:\/\/www.europesays.com\/de\/wp-json\/wp\/v2\/types\/post"}],"author":[{"embeddable":true,"href":"https:\/\/www.europesays.com\/de\/wp-json\/wp\/v2\/users\/2"}],"replies":[{"embeddable":true,"href":"https:\/\/www.europesays.com\/de\/wp-json\/wp\/v2\/comments?post=1235058"}],"version-history":[{"count":0,"href":"https:\/\/www.europesays.com\/de\/wp-json\/wp\/v2\/posts\/1235058\/revisions"}],"wp:featuredmedia":[{"embeddable":true,"href":"https:\/\/www.europesays.com\/de\/wp-json\/wp\/v2\/media\/1235059"}],"wp:attachment":[{"href":"https:\/\/www.europesays.com\/de\/wp-json\/wp\/v2\/media?parent=1235058"}],"wp:term":[{"taxonomy":"category","embeddable":true,"href":"https:\/\/www.europesays.com\/de\/wp-json\/wp\/v2\/categories?post=1235058"},{"taxonomy":"post_tag","embeddable":true,"href":"https:\/\/www.europesays.com\/de\/wp-json\/wp\/v2\/tags?post=1235058"}],"curies":[{"name":"wp","href":"https:\/\/api.w.org\/{rel}","templated":true}]}}