{"id":1235072,"date":"2026-08-14T02:53:19","date_gmt":"2026-08-14T02:53:19","guid":{"rendered":"https:\/\/www.europesays.com\/de\/1235072\/"},"modified":"2026-08-14T02:53:19","modified_gmt":"2026-08-14T02:53:19","slug":"stadt-sucht-neue-leihomas-und-leihopas","status":"publish","type":"post","link":"https:\/\/www.europesays.com\/de\/1235072\/","title":{"rendered":"Stadt sucht neue Leihomas und Leihopas"},"content":{"rendered":"<p>Das Angebot \u201e<a href=\"https:\/\/www.duesseldorf.de\/jugendamt\/buergerschaftliches-engagement\/leihoma-und-leihopa\" rel=\"noopener noreferrer nofollow\" target=\"_blank\" style=\"color: rgb(33, 37, 41);\">Leihoma und Leihopa<\/a>\u201c richtet sich an Familien, die sich eine verl\u00e4ssliche Bezugsperson f\u00fcr ihre Kinder w\u00fcnschen. Gleichzeitig spricht es \u00e4ltere Menschen an, die Freude am Umgang mit Kindern haben und sich ehrenamtlich einbringen m\u00f6chten. Aktuell sind in D\u00fcsseldorf 64 Leihgro\u00dfeltern im Einsatz, darunter 51 Leihomas und 13 Leihopas. Da die Nachfrage bei Familien gro\u00df ist, werden weitere Interessierte gesucht.<\/p>\n","protected":false},"excerpt":{"rendered":"Das Angebot \u201eLeihoma und Leihopa\u201c richtet sich an Familien, die sich eine verl\u00e4ssliche Bezugsperson f\u00fcr ihre Kinder w\u00fcnschen.&hellip;\n","protected":false},"author":2,"featured_media":1235073,"comment_status":"","ping_status":"","sticky":false,"template":"","format":"standard","meta":{"footnotes":"","_share_on_mastodon":"0"},"categories":[1831],"tags":[3364,29,3405,30,1209],"class_list":["post-1235072","post","type-post","status-publish","format-standard","has-post-thumbnail","category-duesseldorf","tag-de","tag-deutschland","tag-duesseldorf","tag-germany","tag-nordrhein-westfalen"],"share_on_mastodon":{"url":"","error":""},"_links":{"self":[{"href":"https:\/\/www.europesays.com\/de\/wp-json\/wp\/v2\/posts\/1235072","targetHints":{"allow":["GET"]}}],"collection":[{"href":"https:\/\/www.europesays.com\/de\/wp-json\/wp\/v2\/posts"}],"about":[{"href":"https:\/\/www.europesays.com\/de\/wp-json\/wp\/v2\/types\/post"}],"author":[{"embeddable":true,"href":"https:\/\/www.europesays.com\/de\/wp-json\/wp\/v2\/users\/2"}],"replies":[{"embeddable":true,"href":"https:\/\/www.europesays.com\/de\/wp-json\/wp\/v2\/comments?post=1235072"}],"version-history":[{"count":0,"href":"https:\/\/www.europesays.com\/de\/wp-json\/wp\/v2\/posts\/1235072\/revisions"}],"wp:featuredmedia":[{"embeddable":true,"href":"https:\/\/www.europesays.com\/de\/wp-json\/wp\/v2\/media\/1235073"}],"wp:attachment":[{"href":"https:\/\/www.europesays.com\/de\/wp-json\/wp\/v2\/media?parent=1235072"}],"wp:term":[{"taxonomy":"category","embeddable":true,"href":"https:\/\/www.europesays.com\/de\/wp-json\/wp\/v2\/categories?post=1235072"},{"taxonomy":"post_tag","embeddable":true,"href":"https:\/\/www.europesays.com\/de\/wp-json\/wp\/v2\/tags?post=1235072"}],"curies":[{"name":"wp","href":"https:\/\/api.w.org\/{rel}","templated":true}]}}