{"id":1235076,"date":"2026-08-14T02:55:42","date_gmt":"2026-08-14T02:55:42","guid":{"rendered":"https:\/\/www.europesays.com\/de\/1235076\/"},"modified":"2026-08-14T02:55:42","modified_gmt":"2026-08-14T02:55:42","slug":"kapitaensamt-in-gefahr-stammplatz-weg-beim-vfb-stuttgart-vollzieht-sich-der-stille-abstieg-eines-stars","status":"publish","type":"post","link":"https:\/\/www.europesays.com\/de\/1235076\/","title":{"rendered":"Kapit\u00e4nsamt in Gefahr, Stammplatz weg: Beim VfB Stuttgart vollzieht sich der stille Abstieg eines Stars"},"content":{"rendered":"<p>Atakan Karazor erlebt nach einem schwierigen Fr\u00fchsommer nun auch noch eine schwierige Saison-Vorbereitung beim VfB Stuttgart. Geht der Kapit\u00e4n heimlich, still und leise von Bord?<\/p>\n<p>Es ist bisher noch nicht der Sommer des Atakan Karazor. Im Anschluss an die Saison 2025\/26, die f\u00fcr den Mittelfeldspieler des VfB Stuttgart nach einem eher stottrigen Start mit dem Einzug ins DFB-Pokalfinale sowie der Qualifikation f\u00fcr ein weiteres Jahr in der Champions League ein eigentlich recht vers\u00f6hnliches Ende gefunden hatte, hatte sich Karazor berechtigte Hoffnungen gemacht, die T\u00fcrkei auch bei der Weltmeisterschaft in den USA, Kanada und Mexiko vertreten zu d\u00fcrfen.<\/p>\n<p>Letztlich entschied sich Nationaltrainer Vincenzo Montella gegen eine Berufung des 29-J\u00e4hrigen. Mit Hakan Calhanoglu (Inter Mailand), Ismail Y\u00fcksek (Fenerbahce Istanbul) und Salih \u00d6zcan (BVB) war die Konkurrenz in der defensiven Mittelfeldzentrale zu gro\u00df und namhaft, weshalb Karazor trotz Nominierung in das vorl\u00e4ufige Aufgebot am Tag der finalen Kader-Bekanntgabe aus dem 26-Mann-Team der T\u00fcrken purzelte und beim WM-Turnier, welches f\u00fcr die T\u00fcrken bereits nach der Vorrunde zu Ende war, zum Zuschauen verdammt war.<\/p>\n<p>Immerhin, d\u00fcrfte sich Karazor gedacht haben, bestand so die M\u00f6glichkeit, von Anfang an bei der Saisonvorbereitung des VfB mit dabei zu sein. W\u00e4hrend seine Teamkollegen teilweise noch in Amerika weilten oder sich im Anschluss in den wohl verdienten Sommer-Urlaub verabschieden, konnte er alles daran setzen, sich Coach Sebastian Hoene\u00df und dessen Trainierteam von der ersten Minute an zu empfehlen und seine Ambitionen auf einen Stammplatz in der kommenden Spielzeit zu unterstreichen.<\/p>\n<p><img class=\"fco-image__image\" alt=\"atakan karazor tuerkei\"   loading=\"lazy\" decoding=\"async\" fetchpriority=\"auto\" width=\"1600\" height=\"900\" src=\"https:\/\/www.europesays.com\/de\/wp-content\/uploads\/2026\/08\/GettyImages-2247355718.jpg\" style=\"aspect-ratio:1600 \/ 900;width:100%;height:100%\"\/>gettyChema Andres lief Atakan Karazor beim VfB Stuttgart den Rang ab<\/p>\n<p>Etwas mehr als einen Monat sp\u00e4ter ist die Sommer-Vorbereitung mittlerweile in vollem Gange. Die WM-Fahrer und Urlauber sind zur\u00fcckgekehrt. Karazors Standing in Stuttgart hat sich seit dem offiziellen Trainingsbeginn allerdings keineswegs verbessert. Ganz im Gegenteil. Der 29-J\u00e4hrige steht rund eine Woche vor dem offiziellen Start in die neue Saison unter so gro\u00dfen Druck wie selten zuvor und droht einerseits seine Rolle als Stammspieler, andererseits aber auch als Leader im Team endg\u00fcltig zu verlieren.<\/p>\n<p>Dass er um seinen Platz in der ersten Elf k\u00e4mpfen muss, ist dabei keine sonderlich neue Situation f\u00fcr den 29-J\u00e4hrigen. Bereits vor exakt einem Jahr war Karazor in einer \u00e4hnlichen Situation, <a href=\"https:\/\/www.spox.com\/fussball\/listen\/er-sorgte-fuer-ein-novum-beim-vfb-stuttgart-unter-hoeness-chema-andres-ist-zu-gut-fuer-plan-a-und-schon-auf-dem-sprung-zurueck-zu-real-madrid\/blt1dcac7fe53f5e359\" rel=\"nofollow noopener\" target=\"_blank\" data-affiliate-type=\"NONE\">als der VfB mit Chema Andres ein \u00e4u\u00dferst vielversprechendes Mittelfeld-Talent von Real Madrid unter Vertrag nahm<\/a> und sich schnell zeigte, dass Coach Hoene\u00df mit den Anlagen des 21-j\u00e4hrigen Spaniers mehr anzufangen wusste, als mit denen seines Kapit\u00e4n.<\/p>\n<p><a href=\"https:\/\/www.spox.com\/fussball\/listen\/mache-keinen-hehl-daraus-tuerkei-zoff-um-kapitaen-atakan-karazor-sorgt-fuer-veraergerung-beim-vfb-stuttgart\/bltd481d41098e0c351\" rel=\"nofollow noopener\" target=\"_blank\" data-affiliate-type=\"NONE\">So fand sich Karazor im ersten Saisondrittel nicht selten auf der Bank wieder<\/a>. Erst als Chema selbst die ein oder andere Unsicherheit in seinem Spiel offenbarte und dazu die Ergebnisse ausblieben, schmiss Hoene\u00df seinen Plan um und beorderte Karazor neben dem unumstritten gesetzten Angelo Stiller zur\u00fcck in die Startelf. Dort verblieb er dann auch bis zum Ende der Saison &#8211; speziell in der R\u00fcckrunde spulte Karazor ein starkes Pensum ab und stand, abgesehen von einer Gelb- sowie einer Rot-Sperre, in 13 von 16 m\u00f6glichen Spielen von Beginn an auf dem Platz. Nur zweimal verzichtete Hoene\u00df g\u00e4nzlich auf ihn, etwas \u00fcberraschend ausgerechnet auch im Pokalfinale. <\/p>\n<p>Muss Atakan Karazor auch um sein Kapit\u00e4nsamt beim VfB Stuttgart zittern?<\/p>\n<p>Und dennoch ist die Situation in diesem Sommer eine etwas andere. Noch immer f\u00fchrt beim VfB im zentralen Mittelfeld kein Weg an Stiller vorbei, einer der beiden Pl\u00e4tze vor der Abwehr ist dementsprechend bereits vergeben. Um die Position an der Seite des deutschen Nationalspielers streiten sich mit Karazor und Chema die beiden Kontrahenten des vergangenen Jahres, sowie der abl\u00f6sefrei von der TSG Hoffenheim verpflichtete <a href=\"https:\/\/www.spox.com\/fussball\/spieler\/grischa-proemel\/news\/57c808184l80uuuv7z3flcu6t\" rel=\"nofollow noopener\" data-affiliate-type=\"NONE\" target=\"_blank\">Grischa Pr\u00f6mel<\/a>. <\/p>\n<p>Vor allem der hinterlie\u00df im Trainingslager der Schwaben am bayerischen Chiemsee einen starken Eindruck, zumal er ohnehin als absoluter Wunschspieler von Trainer Hoene\u00df gilt. Aus rein sportlicher Sicht d\u00fcrfte die Lage f\u00fcr Karazor also noch einmal deutlich kniffliger sein als im vergangenen Jahr, als er &#8222;nur&#8220; mit dem noch wenig erfahrenen Chema fertig werden musste.<\/p>\n<p>Und da w\u00e4re dann nat\u00fcrlich noch die Sache mit der Kapit\u00e4nsbinde. Nicht nur wegen seiner sportlichen Leistungen war Karazor, der das VfB-Trikot immerhin seit der Saison 2019\/20 tr\u00e4gt und somit ein Gesicht des seit Jahren anhaltenden Stuttgarter Aufschwungs ist, in der Vergangenheit ein wichtiger Faktor in Stuttgart. Allen voran sch\u00e4tzte Hoene\u00df an ihm seine Qualit\u00e4ten auf dem Platz als Leader und F\u00fchrungsspieler innerhalb der Mannschaft.<\/p>\n<p>F\u00fcr die kommende Spielzeit wird auch diese Rolle zumindest zur Disposition gestellt. Hoene\u00df erkl\u00e4rte am Rande des Testspiels gegen den FC Everton, dass er sich noch nicht final auf einen Kapit\u00e4n festgelegt habe. Vor allem St\u00fcrmer und Publikumsliebling <a href=\"https:\/\/www.spox.com\/fussball\/spieler\/d-undav\/news\/6rutvrgco8li4nyz7tfayxb6x\" rel=\"nofollow noopener\" data-affiliate-type=\"NONE\" target=\"_blank\">Deniz Undav<\/a> soll in der Gunst des VfB-Trainers ganz oben stehen, eine Entscheidung wird erst unmittelbar vor dem ersten Pflichtspiel im DFB-Pokal gegen Hansa Rostock fallen: &#8222;In Testspielen mache ich mir dar\u00fcber noch keine Gedanken. Aber irgendwann werden wir die Entscheidung nat\u00fcrlich treffen.&#8220;<\/p>\n<p>Karazor habe es in den letzten beiden Jahren &#8222;sehr gut&#8220; gemacht als Spielf\u00fchrer, dennoch wolle man sich noch einmal Gedanken machen, so Hoene\u00df. Undav selbst \u00e4u\u00dferte sich hingegen diplomatisch \u00fcber die Situation seines inzwischen guten Freundes: &#8222;Selbst wenn ich Kapit\u00e4n werden sollte, wird Ata mein Kapit\u00e4n bleiben.&#8220;<\/p>\n<p><img class=\"fco-image__image\" alt=\"Atakan Karazor\"   loading=\"lazy\" decoding=\"async\" fetchpriority=\"auto\" width=\"1600\" height=\"900\" src=\"https:\/\/www.europesays.com\/de\/wp-content\/uploads\/2026\/08\/1786676142_812_06.gif\" style=\"aspect-ratio:1600 \/ 900;width:100%;height:100%\"\/>Getty ImagesHat Atakan Karazor noch eine Zukunft beim VfB Stuttgart?<\/p>\n<p>Sollte Karazor die Kapit\u00e4nsbinde bei den Schwaben tats\u00e4chlich verlieren, w\u00e4re dies ein weiteres Indiz daf\u00fcr, dass ihn die Verantwortlichen in Stuttgart sportlich nicht mehr im ganz obersten Regal ansiedeln. Zuletzt hie\u00df es, dass der 29-J\u00e4hrige sich aber trotz der widrigen Umst\u00e4nde beim VfB durchbei\u00dfen und auf keinen Fall das Weite suchen wolle. Die Bild-Zeitung berichtet nun jedoch, dass ein Verkauf bei einem passenden Angebot nicht mehr ausgeschlossen sei. <\/p>\n<p>In den t\u00fcrkischen Medien wird in diesen Tagen derweil \u00fcber ein Interesse von Trabzonspor spekuliert. Es w\u00e4re das erste Engagement des geb\u00fcrtigen Esseners au\u00dferhalb Deutschlands. Gleichwohl w\u00fcrde der VfB einen F\u00fchrungsspieler &#8211; mit oder ohne Binde &#8211; verlieren, der innerhalb der Mannschaft und allen voran bei Undav \u00e4u\u00dferst beliebt ist. Zweifellos w\u00fcrde sich der Verlust im Zuge der Dreifachbelastung auch sportlich auswirken. Schlie\u00dflich standen die Vorzeichen schon einmal schlecht &#8211; und am Ende behauptete Karazor dennoch seinen Stammplatz.<\/p>\n","protected":false},"excerpt":{"rendered":"Atakan Karazor erlebt nach einem schwierigen Fr\u00fchsommer nun auch noch eine schwierige Saison-Vorbereitung beim VfB Stuttgart. Geht der&hellip;\n","protected":false},"author":2,"featured_media":1235077,"comment_status":"","ping_status":"","sticky":false,"template":"","format":"standard","meta":{"footnotes":"","_share_on_mastodon":"0"},"categories":[1830],"tags":[256248,1634,299,3364,29,50184,1264,2033,347,30,4604,1441,2915],"class_list":["post-1235076","post","type-post","status-publish","format-standard","has-post-thumbnail","category-stuttgart","tag-a-karazor","tag-baden-wuerttemberg","tag-bundesliga","tag-de","tag-deutschland","tag-deutschland-dfb-pokal","tag-dfb-pokal","tag-features","tag-fussball","tag-germany","tag-soccer","tag-stuttgart","tag-vfb-stuttgart"],"share_on_mastodon":{"url":"https:\/\/pubeurope.com\/@de\/117091613412702534","error":""},"_links":{"self":[{"href":"https:\/\/www.europesays.com\/de\/wp-json\/wp\/v2\/posts\/1235076","targetHints":{"allow":["GET"]}}],"collection":[{"href":"https:\/\/www.europesays.com\/de\/wp-json\/wp\/v2\/posts"}],"about":[{"href":"https:\/\/www.europesays.com\/de\/wp-json\/wp\/v2\/types\/post"}],"author":[{"embeddable":true,"href":"https:\/\/www.europesays.com\/de\/wp-json\/wp\/v2\/users\/2"}],"replies":[{"embeddable":true,"href":"https:\/\/www.europesays.com\/de\/wp-json\/wp\/v2\/comments?post=1235076"}],"version-history":[{"count":0,"href":"https:\/\/www.europesays.com\/de\/wp-json\/wp\/v2\/posts\/1235076\/revisions"}],"wp:featuredmedia":[{"embeddable":true,"href":"https:\/\/www.europesays.com\/de\/wp-json\/wp\/v2\/media\/1235077"}],"wp:attachment":[{"href":"https:\/\/www.europesays.com\/de\/wp-json\/wp\/v2\/media?parent=1235076"}],"wp:term":[{"taxonomy":"category","embeddable":true,"href":"https:\/\/www.europesays.com\/de\/wp-json\/wp\/v2\/categories?post=1235076"},{"taxonomy":"post_tag","embeddable":true,"href":"https:\/\/www.europesays.com\/de\/wp-json\/wp\/v2\/tags?post=1235076"}],"curies":[{"name":"wp","href":"https:\/\/api.w.org\/{rel}","templated":true}]}}