{"id":1235154,"date":"2026-08-14T03:42:15","date_gmt":"2026-08-14T03:42:15","guid":{"rendered":"https:\/\/www.europesays.com\/de\/1235154\/"},"modified":"2026-08-14T03:42:15","modified_gmt":"2026-08-14T03:42:15","slug":"notfaelle-waldbrand-bedroht-nrw-ortsteil-1-800-menschen-evakuiert-panorama","status":"publish","type":"post","link":"https:\/\/www.europesays.com\/de\/1235154\/","title":{"rendered":"Notf\u00e4lle &#8211; Waldbrand bedroht NRW-Ortsteil: 1.800 Menschen evakuiert &#8211; Panorama"},"content":{"rendered":"<p data-manual=\"paragraph\" data-schema-org-speakable=\"true\" class=\"css-1eosz7k\">H\u00fcrtgenwald (dpa) &#8211; Wegen eines Waldbrandes in der Gemeinde H\u00fcrtgenwald in <a href=\"https:\/\/www.sueddeutsche.de\/thema\/Nordrhein-Westfalen\" rel=\"nofollow noopener\" target=\"_blank\">Nordrhein-Westfalen<\/a> wird ein Ortsteil evakuiert. Der Ortsteil Gey, in dem gut 1.800 Menschen leben, ist \u201esofort zu evakuieren\u201c, teilte die Gemeinde in der Eifel am fr\u00fchen Morgen mit. Zuvor hatte die \u201eBild\u201c berichtet.\u00a0<\/p>\n<p data-manual=\"paragraph\" data-schema-org-speakable=\"true\" class=\"css-1eosz7k\">Die Warn-App Nina zeigt die h\u00f6chste Warnstufe \u201eExtreme Gefahr\u201c an. Nach Angaben der Gemeinde bewegt sich das Feuer immer weiter auf den Ortsteil zu.<\/p>\n<p data-manual=\"paragraph\" data-schema-org-speakable=\"true\" class=\"css-1eosz7k\">Betroffene sollen nur die n\u00f6tigsten privaten Gegenst\u00e4nde sowie Ausweisdokumente und Medikamente mitnehmen, hie\u00df es weiter. Wer bei der Evakuierung Hilfe ben\u00f6tigt kann sich unter der Telefonnummer 02429 3090 melden. Bewohner sollen gegebenenfalls Mund und Nase etwa mit einem Stofftuch, Kleidung oder einer Maske bedecken. Eine Anlaufstelle werde laut Gemeinde in der Grundschule Stra\u00df eingerichtet.\u00a0<\/p>\n<p>25 Hektar seit Donnerstag in Flammen<\/p>\n<p data-manual=\"paragraph\" data-schema-org-speakable=\"true\" class=\"css-1eosz7k\">In der Nacht hatte eine Polizeisprecherin noch gesagt, dass die Flammen gut 500 Meter von dem Ort entfernt seien. Insgesamt stehen seit Donnerstagnachmittag rund 25 Hektar Wald bei der Gemeinde H\u00fcrtgenwald in Flammen. Das entspricht einer Fl\u00e4che von etwa 35 Fu\u00dfballfeldern. Die Gemeinde spricht von einer \u201eGro\u00dfschadenslage\u201c.<\/p>\n<p data-manual=\"paragraph\" data-schema-org-speakable=\"true\" class=\"css-1eosz7k\">\u00a9 dpa-infocom, dpa:260814-930-527258\/2<\/p>\n","protected":false},"excerpt":{"rendered":"H\u00fcrtgenwald (dpa) &#8211; Wegen eines Waldbrandes in der Gemeinde H\u00fcrtgenwald in Nordrhein-Westfalen wird ein Ortsteil evakuiert. Der Ortsteil&hellip;\n","protected":false},"author":2,"featured_media":1235155,"comment_status":"","ping_status":"","sticky":false,"template":"","format":"standard","meta":{"footnotes":"","_share_on_mastodon":"0"},"categories":[1841],"tags":[256260,1605,986,3364,29,987,30,6237,1209,4338,1974,149,6448,591],"class_list":["post-1235154","post","type-post","status-publish","format-standard","has-post-thumbnail","category-bielefeld","tag-betroffener-ortsteil","tag-bielefeld","tag-braende","tag-de","tag-deutschland","tag-feuer","tag-germany","tag-natur","tag-nordrhein-westfalen","tag-notfall","tag-panorama","tag-sueddeutsche-zeitung","tag-waldbraende","tag-wissen"],"share_on_mastodon":{"url":"https:\/\/pubeurope.com\/@de\/117091798156693463","error":""},"_links":{"self":[{"href":"https:\/\/www.europesays.com\/de\/wp-json\/wp\/v2\/posts\/1235154","targetHints":{"allow":["GET"]}}],"collection":[{"href":"https:\/\/www.europesays.com\/de\/wp-json\/wp\/v2\/posts"}],"about":[{"href":"https:\/\/www.europesays.com\/de\/wp-json\/wp\/v2\/types\/post"}],"author":[{"embeddable":true,"href":"https:\/\/www.europesays.com\/de\/wp-json\/wp\/v2\/users\/2"}],"replies":[{"embeddable":true,"href":"https:\/\/www.europesays.com\/de\/wp-json\/wp\/v2\/comments?post=1235154"}],"version-history":[{"count":0,"href":"https:\/\/www.europesays.com\/de\/wp-json\/wp\/v2\/posts\/1235154\/revisions"}],"wp:featuredmedia":[{"embeddable":true,"href":"https:\/\/www.europesays.com\/de\/wp-json\/wp\/v2\/media\/1235155"}],"wp:attachment":[{"href":"https:\/\/www.europesays.com\/de\/wp-json\/wp\/v2\/media?parent=1235154"}],"wp:term":[{"taxonomy":"category","embeddable":true,"href":"https:\/\/www.europesays.com\/de\/wp-json\/wp\/v2\/categories?post=1235154"},{"taxonomy":"post_tag","embeddable":true,"href":"https:\/\/www.europesays.com\/de\/wp-json\/wp\/v2\/tags?post=1235154"}],"curies":[{"name":"wp","href":"https:\/\/api.w.org\/{rel}","templated":true}]}}