{"id":1235218,"date":"2026-08-14T04:22:24","date_gmt":"2026-08-14T04:22:24","guid":{"rendered":"https:\/\/www.europesays.com\/de\/1235218\/"},"modified":"2026-08-14T04:22:24","modified_gmt":"2026-08-14T04:22:24","slug":"wetter-duesseldorf-nrw-fast-40-grad-dann-drohen-sturm-und-hagel-unwetter","status":"publish","type":"post","link":"https:\/\/www.europesays.com\/de\/1235218\/","title":{"rendered":"Wetter D\u00fcsseldorf\/NRW: Fast 40 Grad \u2013 dann drohen Sturm- und Hagel-Unwetter"},"content":{"rendered":"<p>Beh\u00f6rde warnt <\/p>\n<p>Fast 40 Grad: Dann drohen Unwetter und Hagel in D\u00fcsseldorf und NRW<\/p>\n<p>14.08.2026 &#8211; 05:41 UhrLesedauer: 2 Min.<\/p>\n<p><a href=\"#focus-0\" class=\"transition-colors block text-current relative\" data-sctrack=\"FocusGalleryImage.Reference\"><img fetchpriority=\"high\" data-testid=\"Opener.Image\"   loading=\"eager\" src=\"https:\/\/www.europesays.com\/de\/wp-content\/uploads\/2026\/08\/mehrere-blitze-zucken-waehrend-eines-unwetters-am-himmel-symbolbild-in-duesseldorf-und-nordrhein-wes.jpeg\" alt=\"Mehrere Blitze zucken w\u00e4hrend eines Unwetters am Himmel (Symbolbild): In D\u00fcsseldorf und Nordrhein-Westfalen drohen nach einer amtlichen Hitzewarnung erneut schwere Unwetter mit Hagel und Starkregen.\" title=\"Mehrere Blitze zucken w\u00e4hrend eines Unwetters am Himmel (Symbolbild): In D\u00fcsseldorf und Nordrhein-Westfalen drohen nach einer amtlichen Hitzewarnung erneut schwere Unwetter mit Hagel und Starkregen.\" width=\"2227\" height=\"1253\" class=\"bg-[url:var(--lqipURL)] bg-cover bg-center flex h-full w-full max-w-full\" style=\"--lqipURL:url('https:\/\/images.t-online.de\/2026\/08\/p5bSmVm1D9mD\/680x864:2227x1253\/fit-in\/150x0\/filters:blur(25)\/mehrere-blitze-zucken-waehrend-eines-unwetters-am-himmel-symbolbild-in-duesseldorf-und-nordrhein-westfalen-drohen-nach-einer-amtlichen-hitzewarnung-erneut-schwere-unwetter-mit-hagel-und-starkregen.jpg')\" decoding=\"async\"\/><img loading=\"lazy\" src=\"https:\/\/duesseldorf.t-online.de\/s\/paper\/_next\/static\/media\/zoom-in.f7dae02f.svg\" alt=\"Vergr\u00f6\u00dfern des Bildes\" title=\"Vergr\u00f6\u00dfern des Bildes\" class=\"block h-[calc(var(--height)_\/_16_*_1rem)] w-[calc(var(--width)_\/_16_*_1rem)] max-w-none absolute right-8 bottom-8 rounded-4 bg-snow p-8\" style=\"--width:32;--height:32\" decoding=\"async\"\/><\/a><\/p>\n<p>Mehrere Blitze zucken w\u00e4hrend eines Unwetters am Himmel (Symbolbild): In D\u00fcsseldorf und Nordrhein-Westfalen drohen nach einer Hitzewarnung Unwetter mit Hagel und Starkregen. (Quelle: IMAGO\/Alexander Wolf\/imago)<\/p>\n<p><img loading=\"lazy\" src=\"https:\/\/duesseldorf.t-online.de\/s\/paper\/_next\/static\/media\/audio-volume.6689034c.svg\" alt=\"\" title=\"\" class=\"block h-[calc(var(--height)_\/_16_*_1rem)] w-[calc(var(--width)_\/_16_*_1rem)] max-w-none group-hover:brightness-0 group-hover:invert\" style=\"--width:16;--height:16\" decoding=\"async\"\/>Vorlesen<\/p>\n<p>Aktuelle Zeit:0:00Gesamtdauer:0:00<\/p>\n<p>1x<\/p>\n<p class=\"text-center\">Jetzt neu bei t-online:<\/p>\n<p class=\"text-center\">Schriftgr\u00f6\u00dfe anpassen!<\/p>\n<p><img loading=\"lazy\" src=\"https:\/\/duesseldorf.t-online.de\/s\/paper\/_next\/static\/media\/font-sizes.32942e33.svg\" alt=\"\" title=\"\" class=\"block h-[calc(var(--height)_\/_16_*_1rem)] w-[calc(var(--width)_\/_16_*_1rem)] max-w-none group-hover:hidden group-aria-expanded:hidden\" style=\"--width:16;--height:16\" decoding=\"async\"\/><img loading=\"lazy\" src=\"https:\/\/duesseldorf.t-online.de\/s\/paper\/_next\/static\/media\/font-sizes-dark-mode.e382645c.svg\" alt=\"\" title=\"\" class=\"block h-[calc(var(--height)_\/_16_*_1rem)] w-[calc(var(--width)_\/_16_*_1rem)] max-w-none hidden group-hover:block group-aria-expanded:block\" style=\"--width:16;--height:16\" decoding=\"async\"\/><img loading=\"lazy\" src=\"https:\/\/duesseldorf.t-online.de\/s\/paper\/_next\/static\/media\/sharing-menu-icon.1eb71368.svg\" alt=\"\" title=\"\" class=\"block h-[calc(var(--height)_\/_16_*_1rem)] w-[calc(var(--width)_\/_16_*_1rem)] max-w-none group-hover:brightness-0 group-hover:invert\" style=\"--width:16;--height:16\" decoding=\"async\"\/>Artikel teilen<\/p>\n<p class=\"font-bold text-18 leading-17 user-text-lg:text-22 user-text-xl:text-24\">Eine gr\u00f6\u00dfere Unwetterfront mit Hagel und Starkregen braut sich \u00fcber D\u00fcsseldorf und Nordrhein-Westfalen zusammen. Doch vorher gilt eine amtliche Hitzewarnung.<\/p>\n<p class=\"text-18 leading-17 user-text-lg:text-22 user-text-xl:text-24\">Neue <a href=\"https:\/\/www.t-online.de\/nachrichten\/panorama\/wetter\/id_101382440\/hitze-wetter-in-deutschland-polarluft-beendet-den-heissen-sommer-2026.html\" class=\"transition-colors cursor-pointer no-underline md:hover:text-magenta md:focus:text-magenta border-b border-solid border-current text-salemsfur md:hover:border-magenta\" data-tracking=\"{&quot;action&quot;:&quot;click&quot;,&quot;category&quot;:&quot;intextLink&quot;,&quot;label&quot;:&quot;https:\/\/www.t-online.de\/nachrichten\/panorama\/wetter\/id_101382440\/hitze-wetter-in-deutschland-polarluft-beendet-den-heissen-sommer-2026.html&quot;}\" data-sctrack=\"BodyAnchor\" rel=\"nofollow noopener\" target=\"_blank\">Unwetter mit Starkregen, Hagel und Sturmb\u00f6en<\/a> sollen in den n\u00e4chsten Tagen D\u00fcsseldorf und Nordrhein-Westfalen erreichen. Sp\u00e4testens am Samstag (15. August) rechnet der Deutsche Wetterdienst (DWD) mit einem Wetterumschwung im Westen Deutschlands. Die Verantwortlichen schlie\u00dfen dann kr\u00e4ftige Schauer, Gewitter sowie Starkregen und Hagel nicht aus. Auch Sturmb\u00f6en mit einer Geschwindigkeit von mehr als 100 km\/h sind m\u00f6glich.<\/p>\n<p class=\"text-18 leading-17 user-text-lg:text-22 user-text-xl:text-24\"><a href=\"https:\/\/koeln.t-online.de\/region\/koeln\/id_101381486\/wetter-koeln-und-nrw-bis-zu-40-grad-aber-es-drohen-auch-schauer.html\" class=\"transition-colors cursor-pointer no-underline md:hover:text-magenta md:focus:text-magenta border-b border-solid border-current text-salemsfur md:hover:border-magenta\" data-tracking=\"{&quot;action&quot;:&quot;click&quot;,&quot;category&quot;:&quot;intextLink&quot;,&quot;label&quot;:&quot;https:\/\/koeln.t-online.de\/region\/koeln\/id_101381486\/wetter-koeln-und-nrw-bis-zu-40-grad-aber-es-drohen-auch-schauer.html&quot;}\" data-sctrack=\"BodyAnchor\" rel=\"nofollow noopener\" target=\"_blank\">Zuvor erreicht Nordrhein-Westfalen allerdings noch einmal eine st\u00e4rkere Hitzewelle<\/a>. Bis Freitagabend rechnet der DWD im Bundesland mit H\u00f6chstwerten um die 38 Grad. Einige Wettermodelle erwarten bis zu 39 Grad kurz vor dem Wochenende. F\u00fcr weite Teile Nordrhein-Westfalens, darunter D\u00fcsseldorf und die umliegenden St\u00e4dte und Gemeinden, ist f\u00fcr Freitag bereits eine amtliche Hitzewarnung ausgerufen worden.<\/p>\n<p>Wetter in D\u00fcsseldorf und NRW: Bis zu 39 Grad \u2013 dann droht Starkregen<\/p>\n<p class=\"text-18 leading-17 user-text-lg:text-22 user-text-xl:text-24\">Am Freitag bleibt es zun\u00e4chst sonnig und niederschlagsfrei. <a href=\"https:\/\/koeln.t-online.de\/region\/koeln\/id_101377022\/wetter-koeln-und-nrw-bis-zu-41-grad-extreme-hitze-nach-gewitter-droht.html\" class=\"transition-colors cursor-pointer no-underline md:hover:text-magenta md:focus:text-magenta border-b border-solid border-current text-salemsfur md:hover:border-magenta\" data-tracking=\"{&quot;action&quot;:&quot;click&quot;,&quot;category&quot;:&quot;intextLink&quot;,&quot;label&quot;:&quot;https:\/\/koeln.t-online.de\/region\/koeln\/id_101377022\/wetter-koeln-und-nrw-bis-zu-41-grad-extreme-hitze-nach-gewitter-droht.html&quot;}\" data-sctrack=\"BodyAnchor\" rel=\"nofollow noopener\" target=\"_blank\">Die Temperaturen steigen im Tagesverlauf auf 34 bis 38 Grad<\/a>. Das US-Wettermodell GFS, das zuletzt auch H\u00f6chstwerte von bis zu 41 Grad prognostiziert hatte, rechnet im D\u00fcsseldorfer Umland mit H\u00f6chstwerten von 39 Grad. Betroffen ist vor allem der Rhein-Erft-Kreis. Andere Modelle rechnen mit H\u00f6chstwerten, die nur bei etwa 35 Grad liegen.<\/p>\n<p>Im Video | So wird das Wetter in Ihrer Region<\/p>\n<p><img loading=\"lazy\" src=\"https:\/\/duesseldorf.t-online.de\/s\/paper\/_next\/static\/media\/loading-indicator.1490436c.svg\" alt=\"Video l\u00e4dt\" title=\"Video l\u00e4dt\" class=\"block h-[calc(var(--height)_\/_16_*_1rem)] w-[calc(var(--width)_\/_16_*_1rem)] max-w-none undefined\" style=\"--width:66;--height:64\" decoding=\"async\"\/><img   loading=\"lazy\" src=\"https:\/\/www.europesays.com\/de\/wp-content\/uploads\/2026\/08\/nach-einem-noch-vergleichsweise-frischen-tag-kehrt-der-sommer-zurueck-bereits-ab-donnerstag-steigen-.jpeg\" alt=\"Wetter in Sachsen-Anhalt\" title=\"Wetter in Sachsen-Anhalt\" width=\"2048\" height=\"1152\" class=\"w-full [grid-area:stack]\" decoding=\"async\"\/>Quelle: Glomex<\/p>\n<p class=\"text-18 leading-17 user-text-lg:text-22 user-text-xl:text-24\"><a href=\"https:\/\/duesseldorf.t-online.de\/region\/duesseldorf\/id_101377702\/wetter-duesseldorf-und-nrw-bis-zu-41-grad-extreme-hitze-nach-gewitter.html\" class=\"transition-colors cursor-pointer no-underline md:hover:text-magenta md:focus:text-magenta border-b border-solid border-current text-salemsfur md:hover:border-magenta\" data-tracking=\"{&quot;action&quot;:&quot;click&quot;,&quot;category&quot;:&quot;intextLink&quot;,&quot;label&quot;:&quot;\/region\/duesseldorf\/id_101377702\/wetter-duesseldorf-und-nrw-bis-zu-41-grad-extreme-hitze-nach-gewitter.html&quot;}\" data-sctrack=\"BodyAnchor\" rel=\"nofollow noopener\" target=\"_blank\">Bereits am Samstag drohen dann allerdings erste Unwetter<\/a>. Im DWD-Wetterbericht f\u00fcr Nordrhein-Westfalen hei\u00dft es: &#8222;Am Samstag zun\u00e4chst heiter, im Tagesverlauf von Westen zunehmend wolkig und einzelne, teils kr\u00e4ftige Schauer und Gewitter mit Starkregen, Hagel und Sturmb\u00f6en m\u00f6glich, lokale Unwetter nicht ausgeschlossen.&#8220; Noch l\u00e4sst sich allerdings schwer vorhersagen, wo und wie stark die Unwetter NRW treffen werden.<\/p>\n<p>Gewitter und Hagel: Unwetterfront erreicht NRW nach Hitzewelle<\/p>\n<p class=\"text-18 leading-17 user-text-lg:text-22 user-text-xl:text-24\"><a href=\"https:\/\/aachen.t-online.de\/region\/aachen\/id_101377668\/wetter-aachen-und-nrw-bis-zu-41-grad-extreme-hitze-nach-gewitter-droht.html\" class=\"transition-colors cursor-pointer no-underline md:hover:text-magenta md:focus:text-magenta border-b border-solid border-current text-salemsfur md:hover:border-magenta\" data-tracking=\"{&quot;action&quot;:&quot;click&quot;,&quot;category&quot;:&quot;intextLink&quot;,&quot;label&quot;:&quot;https:\/\/aachen.t-online.de\/region\/aachen\/id_101377668\/wetter-aachen-und-nrw-bis-zu-41-grad-extreme-hitze-nach-gewitter-droht.html&quot;}\" data-sctrack=\"BodyAnchor\" rel=\"nofollow noopener\" target=\"_blank\">Die Prognosen der verschiedenen Wettermodelle sind ebenfalls noch ungenau.<\/a> So erwartet das Schweizer Wettermodell Swiss-MRF die st\u00e4rksten Regenf\u00e4lle im Westen Deutschlands, allerdings eher im Grenzgebiet zwischen NRW und Rheinland-Pfalz. Dort sollen bis zu 40 Liter Regen pro Quadratmeter am Wochenende fallen. In D\u00fcsseldorf werden dagegen f\u00fcnf bis sieben Liter erwartet.<\/p>\n<p class=\"text-18 leading-17 user-text-lg:text-22 user-text-xl:text-24\"><a href=\"https:\/\/www.t-online.de\/nachrichten\/panorama\/wetter\/id_101381760\/hitze-in-deutschland-wetter-prognosen-fallen-duester-aus-.html\" class=\"transition-colors cursor-pointer no-underline md:hover:text-magenta md:focus:text-magenta border-b border-solid border-current text-salemsfur md:hover:border-magenta\" data-tracking=\"{&quot;action&quot;:&quot;click&quot;,&quot;category&quot;:&quot;intextLink&quot;,&quot;label&quot;:&quot;https:\/\/www.t-online.de\/nachrichten\/panorama\/wetter\/id_101381760\/hitze-in-deutschland-wetter-prognosen-fallen-duester-aus-.html&quot;}\" data-sctrack=\"BodyAnchor\" rel=\"nofollow noopener\" target=\"_blank\">Deutlich geringer fallen die Prognosen des Europ\u00e4ischen Zentrums f\u00fcr mittelfristige Wettervorhersagen (ECMWF) aus<\/a>. Dort sollen in Nordrhein-Westfalen maximal zehn Liter fallen, in D\u00fcsseldorf sind vereinzelte Schauer m\u00f6glich. Das deutsche Wettermodell ICON rechnet im Sauer- und Siegerland mit bis zu 20 Litern Regen \u2013 in D\u00fcsseldorf sollen es bis zu zehn Liter werden.<\/p>\n","protected":false},"excerpt":{"rendered":"Beh\u00f6rde warnt Fast 40 Grad: Dann drohen Unwetter und Hagel in D\u00fcsseldorf und NRW 14.08.2026 &#8211; 05:41 UhrLesedauer:&hellip;\n","protected":false},"author":2,"featured_media":1235219,"comment_status":"","ping_status":"","sticky":false,"template":"","format":"standard","meta":{"footnotes":"","_share_on_mastodon":"0"},"categories":[1831],"tags":[3364,950,29,3405,4906,30,61775,18113,1209,13619,32438,4028,33545,1973,2256,51242,5415,2255],"class_list":["post-1235218","post","type-post","status-publish","format-standard","has-post-thumbnail","category-duesseldorf","tag-de","tag-deutscher-wetterdienst","tag-deutschland","tag-duesseldorf","tag-dwd","tag-germany","tag-hitzewarnung","tag-hitzewelle","tag-nordrhein-westfalen","tag-rhein-sieg-kreis","tag-sturmboee","tag-unwetter","tag-unwetterfront","tag-wetter","tag-wetterausblick","tag-wettermodell","tag-wetterprognose","tag-wettervorhersage"],"share_on_mastodon":{"url":"https:\/\/pubeurope.com\/@de\/117091956285417549","error":""},"_links":{"self":[{"href":"https:\/\/www.europesays.com\/de\/wp-json\/wp\/v2\/posts\/1235218","targetHints":{"allow":["GET"]}}],"collection":[{"href":"https:\/\/www.europesays.com\/de\/wp-json\/wp\/v2\/posts"}],"about":[{"href":"https:\/\/www.europesays.com\/de\/wp-json\/wp\/v2\/types\/post"}],"author":[{"embeddable":true,"href":"https:\/\/www.europesays.com\/de\/wp-json\/wp\/v2\/users\/2"}],"replies":[{"embeddable":true,"href":"https:\/\/www.europesays.com\/de\/wp-json\/wp\/v2\/comments?post=1235218"}],"version-history":[{"count":0,"href":"https:\/\/www.europesays.com\/de\/wp-json\/wp\/v2\/posts\/1235218\/revisions"}],"wp:featuredmedia":[{"embeddable":true,"href":"https:\/\/www.europesays.com\/de\/wp-json\/wp\/v2\/media\/1235219"}],"wp:attachment":[{"href":"https:\/\/www.europesays.com\/de\/wp-json\/wp\/v2\/media?parent=1235218"}],"wp:term":[{"taxonomy":"category","embeddable":true,"href":"https:\/\/www.europesays.com\/de\/wp-json\/wp\/v2\/categories?post=1235218"},{"taxonomy":"post_tag","embeddable":true,"href":"https:\/\/www.europesays.com\/de\/wp-json\/wp\/v2\/tags?post=1235218"}],"curies":[{"name":"wp","href":"https:\/\/api.w.org\/{rel}","templated":true}]}}