{"id":1235246,"date":"2026-08-14T04:37:19","date_gmt":"2026-08-14T04:37:19","guid":{"rendered":"https:\/\/www.europesays.com\/de\/1235246\/"},"modified":"2026-08-14T04:37:19","modified_gmt":"2026-08-14T04:37:19","slug":"berliner-senat-plant-kuenftige-s-bahn-linie-nur-mit-halben-zuegen","status":"publish","type":"post","link":"https:\/\/www.europesays.com\/de\/1235246\/","title":{"rendered":"Berliner Senat plant k\u00fcnftige S-Bahn-Linie nur mit halben Z\u00fcgen"},"content":{"rendered":"<p>Das B\u00fcndnis Schiene Berlin-Brandenburg wurde 2019 gegr\u00fcndet. Es besteht aus Verb\u00e4nden wie der Allianz pro Schiene, dem Berliner Fahrgastverband IGEB oder den Industrie- und Handelskammern aus Cottbus, Potsdam und Ostbrandenburg, aber auch die St\u00e4dte J\u00fcterbog und Templin sowie die Landkreise Prignitz und Ostprignitz-Ruppin sind Mitglieder.<\/p>\n<p>Bis die S95 &#8211; oder eine entsprechende Linie im Regionalverkehr &#8211; tats\u00e4chlich Realit\u00e4t wird, kann es noch dauern. Zwar schreibt die Verkehrsverwaltung in ihrer Antwort auf die parlamentarische Anfrage der Gr\u00fcnen, dass die sogenannte Grundlagenermittlung mit zwei weiteren Schritten fortgesetzt werden soll. Allerdings brauche es f\u00fcr alle weiteren Planungsschritte einen Beschluss des Senats &#8211; und die Finanzierung in den Doppelhaushalten ab 2028\/29. Im Februar 2024 sch\u00e4tzte die damalige Verkehrssenatorin Manja Schreiner (CDU), dass der Bau fr\u00fchestens 2034 starten k\u00f6nne.<\/p>\n","protected":false},"excerpt":{"rendered":"Das B\u00fcndnis Schiene Berlin-Brandenburg wurde 2019 gegr\u00fcndet. Es besteht aus Verb\u00e4nden wie der Allianz pro Schiene, dem Berliner&hellip;\n","protected":false},"author":2,"featured_media":1235247,"comment_status":"","ping_status":"","sticky":false,"template":"","format":"standard","meta":{"footnotes":"","_share_on_mastodon":"0"},"categories":[1825],"tags":[296,1890,29,30,138297,134296,134293],"class_list":["post-1235246","post","type-post","status-publish","format-standard","has-post-thumbnail","category-berlin","tag-berlin","tag-brandenburg","tag-deutschland","tag-germany","tag-rbb24s-bahn","tag-rbb24tagesschau","tag-rbb24verkehr"],"share_on_mastodon":{"url":"https:\/\/pubeurope.com\/@de\/117092014569755953","error":""},"_links":{"self":[{"href":"https:\/\/www.europesays.com\/de\/wp-json\/wp\/v2\/posts\/1235246","targetHints":{"allow":["GET"]}}],"collection":[{"href":"https:\/\/www.europesays.com\/de\/wp-json\/wp\/v2\/posts"}],"about":[{"href":"https:\/\/www.europesays.com\/de\/wp-json\/wp\/v2\/types\/post"}],"author":[{"embeddable":true,"href":"https:\/\/www.europesays.com\/de\/wp-json\/wp\/v2\/users\/2"}],"replies":[{"embeddable":true,"href":"https:\/\/www.europesays.com\/de\/wp-json\/wp\/v2\/comments?post=1235246"}],"version-history":[{"count":0,"href":"https:\/\/www.europesays.com\/de\/wp-json\/wp\/v2\/posts\/1235246\/revisions"}],"wp:featuredmedia":[{"embeddable":true,"href":"https:\/\/www.europesays.com\/de\/wp-json\/wp\/v2\/media\/1235247"}],"wp:attachment":[{"href":"https:\/\/www.europesays.com\/de\/wp-json\/wp\/v2\/media?parent=1235246"}],"wp:term":[{"taxonomy":"category","embeddable":true,"href":"https:\/\/www.europesays.com\/de\/wp-json\/wp\/v2\/categories?post=1235246"},{"taxonomy":"post_tag","embeddable":true,"href":"https:\/\/www.europesays.com\/de\/wp-json\/wp\/v2\/tags?post=1235246"}],"curies":[{"name":"wp","href":"https:\/\/api.w.org\/{rel}","templated":true}]}}