{"id":1235318,"date":"2026-08-14T05:20:27","date_gmt":"2026-08-14T05:20:27","guid":{"rendered":"https:\/\/www.europesays.com\/de\/1235318\/"},"modified":"2026-08-14T05:20:27","modified_gmt":"2026-08-14T05:20:27","slug":"erhoehte-vorsicht-warum-die-usa-vor-reisen-nach-deutschland-warnen","status":"publish","type":"post","link":"https:\/\/www.europesays.com\/de\/1235318\/","title":{"rendered":"&#8222;Erh\u00f6hte Vorsicht&#8220;: Warum die USA vor Reisen nach Deutschland warnen"},"content":{"rendered":"<p>\n  Von&amp;nbsp<b>tbc<\/b>\n<\/p>\n<p>\n         Zuerst ver\u00f6ffentlicht am<br \/>\n            14\/08\/2026 &#8211; 6:10 MESZ\n            <\/p>\n<p>Wohin soll die Reise gehen? Viele Touristen \u00fcberlegen sich das mittlerweile sehr genau. Bei US-Touristen k\u00f6nnte nun <a href=\"https:\/\/de.euronews.com\/tag\/deutschland\" rel=\"nofollow noopener\" target=\"_blank\">Deutschland<\/a> als Ziel den K\u00fcrzeren ziehen. Der Grund: Bei den Reisewarnungen des US-Au\u00dfenministerium steht die Bundesrepublik weiter auf Sicherheitsstufe 2. Damit wird den Reisenden empfohlen &#8222;erh\u00f6hte Vorsicht&#8220; walten zu lassen. <\/p>\n<p>          <img decoding=\"async\" class=\"c-ad__placeholder__logo\" src=\"https:\/\/static.euronews.com\/website\/images\/logos\/logo-euronews-stacked-outlined-72x72-grey-9.svg\" width=\"72\" height=\"72\" alt=\"\" loading=\"lazy\"\/><br \/>\n          WERBUNG<\/p>\n<p>          <img decoding=\"async\" class=\"c-ad__placeholder__logo\" src=\"https:\/\/static.euronews.com\/website\/images\/logos\/logo-euronews-stacked-outlined-72x72-grey-9.svg\" width=\"72\" height=\"72\" alt=\"\" loading=\"lazy\"\/><br \/>\n          WERBUNG<\/p>\n<p>Die <a href=\"https:\/\/de.euronews.com\/kultur\/2026\/07\/15\/menschen-schweiz-zuversichtlich\" rel=\"nofollow noopener\" target=\"_blank\">Schweiz<\/a>, \u00d6sterreich, Portugal und Polen gelten bei den US-Beh\u00f6rden mit Sicherheitsstufe 1 als Staaten ohne eine besondere Warnstufe. Auch <a href=\"https:\/\/de.euronews.com\/tag\/norwegen\" rel=\"nofollow noopener\" target=\"_blank\">Norwegen <\/a>profitiert von dieser positiven Zuordnung, die Anfang Juli 2026 aktualisiert wurde.<\/p>\n<p>W\u00e4hrend f\u00fcr ganz Spanien Sicherheitsstufe 2 gilt, hat Washington am 1. August eine Warnung der Stufe 3 f\u00fcr die<a href=\"https:\/\/de.euronews.com\/search?query=Ceuta\" rel=\"nofollow noopener\" target=\"_blank\"> Exklave Ceuta<\/a> ausgesprochen. <\/p>\n<p>Reisen in dieses Gebiet sollten in Frage gestellt werden &#8211; mit dem Hinweis: &#8222;Der massive und unkontrollierte Zustrom von Migranten aus Marokko nach Ceuta k\u00f6nnte zu unvorhersehbaren und gef\u00e4hrlichen Sicherheitslagen f\u00fchren. Angesichts dieser ernsten Lage hat Spanien das spanische Milit\u00e4r, die spanische Nationalpolizei und die Guardia Civil eingesetzt. US-B\u00fcrger sollten angesichts der Risiken f\u00fcr ihre Sicherheit eine Reise in dieses Gebiet \u00fcberdenken.&#8220;<\/p>\n<p>Laut USA Terrorgefahr in Deutschland<\/p>\n<p>Auf Sicherheitstufe 2 der US-Regierung stehen neben Deutschland auch Schweden, Frankreich und Italien. In diesen L\u00e4ndern sollen Reisende aus den USA wegen erh\u00f6hter Terrorgefahr besonders an stark besuchten Orten wachsam sein. <\/p>\n<p>&#8222;Terroristische Gruppen und Einzelt\u00e4ter stellen in Deutschland und Europa nach wie vor eine st\u00e4ndige Bedrohung dar und greifen Menschen an \u00f6ffentlichen Orten mit Messern, Handfeuerwaffen, einfachen Sprengs\u00e4tzen und Fahrzeugen an. Solche Anschl\u00e4ge k\u00f6nnen ohne oder mit nur geringer Vorwarnung erfolgen und richten sich gegen: Touristische Orte , Verkehrsknotenpunkte (Flugh\u00e4fen, Bahnh\u00f6fe oder Busbahnh\u00f6fe) , M\u00e4rkte und Einkaufszentren , kommunale Einrichtungen, Hotels, Clubs und Restaurants, Gottesh\u00e4user und Bildungseinrichtungen , Parks, gro\u00dfe Sport- und Kulturveranstaltungen, Schulen.&#8220;<\/p>\n<p>Taschendiebe in Frankreich<\/p>\n<p>Zu Frankreich wird auf der Seite des US-Au\u00dfenministeriums vor allem vor Taschendieben und Handyklau gewarnt, die angeblich &#8222;h\u00e4ufig vorkommen, insbesondere an \u00fcberf\u00fcllten Orten.&#8220; Danach folgt der Hinweis: &#8222;Terroristische Gruppen planen weiterhin m\u00f6gliche Anschl\u00e4ge in Frankreich und k\u00f6nnten ohne oder mit nur sehr kurzer Vorwarnung zuschlagen. Au\u00dferdem finden in Paris und anderen St\u00e4dten in ganz Frankreich regelm\u00e4\u00dfig friedliche Demonstrationen und Streiks statt.&#8220;<\/p>\n<p>El Salvador, Sambia und Senegal sicherer als Deutschland?<\/p>\n<p>Ebenfalls die US-Sicherheitsstufe 2 gilt &#8211; wie f\u00fcr Deutschland &#8211; f\u00fcr \u00c4gypten, Marokko und Indien. <\/p>\n<p>Als sicher und damit auf Stufe 1 stehen f\u00fcr US-Reisende hingegen El Salvador, Sambia oder Senegal.<\/p>\n<p>Rot auf der US-Liste und damit von einer echten Reisewarnung Stufe 4 betroffen, so dass US-Touristinnen und Touristen diese L\u00e4nder meiden sollten, sind unter anderen Russland, die Ukraine, Iran, Irak und Syrien.<\/p>\n<p>Die Karte des US-Au\u00dfenministeriums mit den einzelnen L\u00e4ndern <a href=\"https:\/\/travel.state.gov\/en\/international-travel\/travel-advisories.html\" target=\"_blank\" rel=\"noreferrer nofollow noopener\">zum Anklicken finden Sie hier<\/a>.<\/p>\n<p>Davon ist Deutschland weit entfernt &#8211; und deshalb werden sicher auch in Zukunft viele US-Reisende nach Berlin, Heidelberg oder zum <a href=\"https:\/\/de.euronews.com\/search?query=Oktoberfest\" rel=\"nofollow noopener\" target=\"_blank\">Oktoberfest<\/a> nach M\u00fcnchen kommen.<\/p>\n","protected":false},"excerpt":{"rendered":"Von&amp;nbsptbc Zuerst ver\u00f6ffentlicht am 14\/08\/2026 &#8211; 6:10 MESZ Wohin soll die Reise gehen? Viele Touristen \u00fcberlegen sich das&hellip;\n","protected":false},"author":2,"featured_media":1235319,"comment_status":"","ping_status":"","sticky":false,"template":"","format":"standard","meta":{"footnotes":"","_share_on_mastodon":"0"},"categories":[3974],"tags":[331,332,548,663,3934,3980,156,13,14,15,12,1163,64,23290],"class_list":["post-1235318","post","type-post","status-publish","format-standard","has-post-thumbnail","category-frankreich","tag-aktuelle-nachrichten","tag-aktuelle-news","tag-eu","tag-europa","tag-europe","tag-france","tag-frankreich","tag-headlines","tag-nachrichten","tag-news","tag-schlagzeilen","tag-tourismus","tag-usa","tag-warnung"],"share_on_mastodon":{"url":"https:\/\/pubeurope.com\/@de\/117092183657827849","error":""},"_links":{"self":[{"href":"https:\/\/www.europesays.com\/de\/wp-json\/wp\/v2\/posts\/1235318","targetHints":{"allow":["GET"]}}],"collection":[{"href":"https:\/\/www.europesays.com\/de\/wp-json\/wp\/v2\/posts"}],"about":[{"href":"https:\/\/www.europesays.com\/de\/wp-json\/wp\/v2\/types\/post"}],"author":[{"embeddable":true,"href":"https:\/\/www.europesays.com\/de\/wp-json\/wp\/v2\/users\/2"}],"replies":[{"embeddable":true,"href":"https:\/\/www.europesays.com\/de\/wp-json\/wp\/v2\/comments?post=1235318"}],"version-history":[{"count":0,"href":"https:\/\/www.europesays.com\/de\/wp-json\/wp\/v2\/posts\/1235318\/revisions"}],"wp:featuredmedia":[{"embeddable":true,"href":"https:\/\/www.europesays.com\/de\/wp-json\/wp\/v2\/media\/1235319"}],"wp:attachment":[{"href":"https:\/\/www.europesays.com\/de\/wp-json\/wp\/v2\/media?parent=1235318"}],"wp:term":[{"taxonomy":"category","embeddable":true,"href":"https:\/\/www.europesays.com\/de\/wp-json\/wp\/v2\/categories?post=1235318"},{"taxonomy":"post_tag","embeddable":true,"href":"https:\/\/www.europesays.com\/de\/wp-json\/wp\/v2\/tags?post=1235318"}],"curies":[{"name":"wp","href":"https:\/\/api.w.org\/{rel}","templated":true}]}}