{"id":1235448,"date":"2026-08-14T06:41:08","date_gmt":"2026-08-14T06:41:08","guid":{"rendered":"https:\/\/www.europesays.com\/de\/1235448\/"},"modified":"2026-08-14T06:41:08","modified_gmt":"2026-08-14T06:41:08","slug":"bielefelder-verfolgten-partielle-sonnenfinsternis-mit-vielen-leserfotos","status":"publish","type":"post","link":"https:\/\/www.europesays.com\/de\/1235448\/","title":{"rendered":"Bielefelder verfolgten partielle Sonnenfinsternis \u2013 mit vielen Leserfotos"},"content":{"rendered":"<p id=\"absatz1\" class=\"em_text\">Bielefeld. Viertel nach sechs am Mittwochabend an der Volkssternwarte im Bielefelder Stadtteil Ubbedissen: Die ersten Beobachter und Beobachterinnen nehmen ihren Platz auf der Dachterrasse der Sternwarten ein und richten ihre Teleskope aus, um den besten Blick auf die partielle Sonnenfinsternis zu bekommen. Bente Tamara K\u00e4hler, ehrenamtliche Leiterin der Sternwarte, hatte in den vergangenen Stunden alle H\u00e4nde voll zu tun: \u201eAlleine in den letzten zwei Tagen hatten wir \u00fcber 400 Anfragen f\u00fcr Pl\u00e4tze auf unserer Dachterrasse.\u201c<\/p>\n<p id=\"absatz2\" class=\"em_text\">Die freien Pl\u00e4tze waren demnach fr\u00fchzeitig ausgebucht. \u201eAufgrund der gro\u00dfen Nachfrage haben wir 40 statt der \u00fcblichen 30 Anfragen angenommen\u201c, sagt K\u00e4hler. Die Vorfreude auf die partielle Sonnenfinsternis ist gro\u00df, durch den wolkenlosen Horizont sind die Sichtverh\u00e4ltnisse optimal f\u00fcr das Himmelsschauspiel.<\/p>\n<p id=\"absatz3\" class=\"em_text\">Wolfgang Misselwitz war bereits bei der vergangenen Sonnenfinsternis, 1999, dabei. \u201eDurch einen wolkenverhangenen Himmel \u00fcber Bielefeld konnte man damals nicht viel sehen \u2013 das ist in diesem Jahr gl\u00fccklicherweise anders.\u201c<\/p>\n<p id=\"absatz4\"><b class=\"bold\">Lesen Sie auch: <\/b><a href=\"https:\/\/www.nw.de\/lokal\/bielefeld\/stieghorst\/24394735_Die-partielle-Sonnenfinsternis-ueber-Bielefeld-in-Bildern.html\" rel=\"nofollow noopener\" target=\"_blank\">Die partielle Sonnenfinsternis \u00fcber Bielefeld in Bildern<\/a><\/p>\n<p>Spannende Vortr\u00e4ge und positive Atmosph\u00e4re<\/p>\n<p id=\"absatz5\" class=\"em_text\">Menschen unterschiedlichster Altersklasse haben sich am Wietkamp in Ubbedissen eingefunden. Das Programm startet mit einem Vortragsimpuls zur Sonnenfinsternis von Bente Tamara K\u00e4hler, ehe die Teleskopkuppel und die Dachterrasse ge\u00f6ffnet werden. In der Sternwartenkuppel hat Peter Buschkamp ein Simulationsmodell der partiellen Sonnenfinsternis aufbereitet. \u201eEin solches Himmelsereignis ist immer wieder nett\u201c, sagt der promovierte Astrophysiker. Auf der Dachterrasse werden unterdessen Schattenspiele mit der Sonne gemacht und Ver\u00e4nderungen im Licht wahrgenommen. \u201eSo cool\u201c, \u201edas wird mir in Erinnerung bleiben\u201c oder \u201eder Temperaturunterschied ist wirklich sp\u00fcrbar\u201c ist von den Besuchern und Besucherinnen zu vernehmen.<\/p>\n<p id=\"absatz6\" class=\"em_text\">Lea und Max sind zufrieden mit dem Ereignis: \u201eDer Vortrag war wirklich spannend und die Atmosph\u00e4re bei der Sonnenfinsternis durchweg positiv.\u201c Die n\u00e4chste Sonnenbeobachtung am 14. August an der Sternwarte ist ebenfalls bereits ausgebucht. Die n\u00e4chste partielle Sonnenfinsternis findet Anfang August 2027 statt. Dann jedoch morgens und mit einer Verdunklung von 30 bis 60 Prozent. <\/p>\n<p id=\"absatz7\" class=\"em_text\">Wenn Sie auch Fotos f\u00fcr uns haben von den Naturph\u00e4nomenen, dann schicken Sie uns diese gern zu unter <a href=\"https:\/\/www.nw.de\/lokal\/bielefeld\/stieghorst\/mailto:bielefeld%40nw.de.\" rel=\"nofollow noopener\" target=\"_blank\">bielefeld@nw.de.<\/a><\/p>\n<p>                    <a href=\"https:\/\/www.nw.de\/_em_daten\/_cache\/image\/1xL3Q0UDloZWhLSThwbnNnRGdROHhSRTdiU1lRaTEyczMwd2l5K1Fha1cvOWVjUzJQYXV0TVovOXM3cnlyL3hlMWszWHUvUm9WWmFtK0VxSlhZMUZDNlJkYkdyczFVd3gvRjNQWFBEZkoyVUk9\/260812-2015-921223131.jpg\" class=\"nw-group nw-flex nw-flex-col nw-h-full nw-no-underline nw-text-inherit nw-rounded-2xl nw-overflow-hidden nw-border nw-bg-[color:var(--nw-bg-foto-card)] nw-border-white\/10 nw-shadow-[0_4px_12px_rgba(0,0,0,0.25)] focus-visible:nw-outline-2 focus-visible:nw-outline-offset-2 focus-visible:nw-outline-white\" aria-label=\"Foto 1: Sonnenfinsternis in OWL \u2013 Vollansicht \u00f6ffnen\" data-foto-trigger=\"\" data-reel-index=\"0\" data-video-title=\"Sonnenfinsternis in OWL\" data-foto-src=\"https:\/\/www.nw.de\/_em_daten\/_cache\/image\/1xL3Q0UDloZWhLSThwbnNnRGdROHhSRTdiU1lRaTEyczMwd2l5K1Fha1cvOWVjUzJQYXV0TVovOXM3cnlyL3hlMWszWHUvUm9WWmFtK0VxSlhZMUZDNlJkYkdyczFVd3gvRjNQWFBEZkoyVUk9\/260812-2015-921223131.jpg\" data-foto-alt=\"Sonnenfinsternis in OWL\" data-foto-caption=\"Sonnenfinsternis in der Sternwarte Ubbedissen\" data-foto-credit=\"Barbara_Franke\" data-track=\"matomo\" data-track-category=\"Artikel\" data-track-action=\"click\" data-track-name=\"fotostrecke:foto-1\" rel=\"nofollow noopener\" target=\"_blank\"><\/p>\n<p>                            <img decoding=\"async\" src=\"https:\/\/www.europesays.com\/de\/wp-content\/uploads\/2026\/08\/260812-2015-921223131.jpg\" alt=\"Sonnenfinsternis in OWL\" width=\"600\" height=\"400\" class=\"nw-absolute nw-inset-0 nw-w-full nw-h-full nw-object-cover nw-transition-transform nw-duration-300 group-hover:nw-scale-105 motion-reduce:nw-transition-none\" loading=\"eager\" fetchpriority=\"high\"\/><\/p>\n<p>                            Sonnenfinsternis in der Sternwarte Ubbedissen<br \/>\n                            Barbara_Franke                        <\/p>\n<p>                    <\/a><\/p>\n<p>                    <a href=\"https:\/\/www.nw.de\/_em_daten\/_cache\/image\/1xL3Q0UDloZWhLSThwbnNnRGdROHhSS1NRdGdnK0ozSE9OaG5pbERzd0tFb2NBY0RnMjBFM2hxS2lJZWZFS2VRTDVrSFFXZGxXVzVLd21kcHk5d0RpZVNoWWVsLzREVEtPS2Z1TWZERld4Wms9\/260812-2138-921225262.jpg\" class=\"nw-group nw-flex nw-flex-col nw-h-full nw-no-underline nw-text-inherit nw-rounded-2xl nw-overflow-hidden nw-border nw-bg-[color:var(--nw-bg-foto-card)] nw-border-white\/10 nw-shadow-[0_4px_12px_rgba(0,0,0,0.25)] focus-visible:nw-outline-2 focus-visible:nw-outline-offset-2 focus-visible:nw-outline-white\" aria-label=\"Foto 2: Sonnenfinsternis120826 \u2013 Vollansicht \u00f6ffnen\" data-foto-trigger=\"\" data-reel-index=\"1\" data-video-title=\"Sonnenfinsternis120826\" data-foto-src=\"https:\/\/www.nw.de\/_em_daten\/_cache\/image\/1xL3Q0UDloZWhLSThwbnNnRGdROHhSS1NRdGdnK0ozSE9OaG5pbERzd0tFb2NBY0RnMjBFM2hxS2lJZWZFS2VRTDVrSFFXZGxXVzVLd21kcHk5d0RpZVNoWWVsLzREVEtPS2Z1TWZERld4Wms9\/260812-2138-921225262.jpg\" data-foto-alt=\"Sonnenfinsternis120826\" data-foto-caption=\"Sascha Abraham gelang das Foto am S\u00fcdhang des Teutoburger Waldes. Die Taube sa\u00df im Moment des Ausl\u00f6sens auf dem Dachfirst des gegen\u00fcberliegenden Nachbarhauses.\" data-foto-credit=\"Sascha Abraham\" data-track=\"matomo\" data-track-category=\"Artikel\" data-track-action=\"click\" data-track-name=\"fotostrecke:foto-1\" rel=\"nofollow noopener\" target=\"_blank\"><\/p>\n<p>                            <img decoding=\"async\" src=\"https:\/\/www.europesays.com\/de\/wp-content\/uploads\/2026\/08\/260812-2138-921225262.jpg\" alt=\"Sonnenfinsternis120826\" width=\"600\" height=\"400\" class=\"nw-absolute nw-inset-0 nw-w-full nw-h-full nw-object-cover nw-transition-transform nw-duration-300 group-hover:nw-scale-105 motion-reduce:nw-transition-none\" loading=\"eager\" fetchpriority=\"high\"\/><\/p>\n<p>                            Sascha Abraham gelang das Foto am S\u00fcdhang des Teutoburger Waldes. Die Taube sa\u00df im Moment des Ausl\u00f6sens auf dem Dachfirst des gegen\u00fcberliegenden Nachbarhauses.<br \/>\n                            Sascha Abraham                        <\/p>\n<p>                    <\/a><\/p>\n<p>                    <a href=\"https:\/\/www.nw.de\/_em_daten\/_cache\/image\/1xL3Q0UDloZWhLSThwbnNnRGdROHhSR0NiNHcxT3hvdkZzSjd6YVBDdkRVRHRDdjA2eENpSEx6TXdzY0gxbk5EbU5Bbm02SDFBdHVVelAyTnFkWVlyUlEySGtwcjVqanl2MExPbGdFTTVWUUk9\/260813-0002-921227807.jpg\" class=\"nw-group nw-flex nw-flex-col nw-h-full nw-no-underline nw-text-inherit nw-rounded-2xl nw-overflow-hidden nw-border nw-bg-[color:var(--nw-bg-foto-card)] nw-border-white\/10 nw-shadow-[0_4px_12px_rgba(0,0,0,0.25)] focus-visible:nw-outline-2 focus-visible:nw-outline-offset-2 focus-visible:nw-outline-white\" aria-label=\"Foto 3: Sonnenfinsternis120826 \u2013 Vollansicht \u00f6ffnen\" data-foto-trigger=\"\" data-reel-index=\"2\" data-video-title=\"Sonnenfinsternis120826\" data-foto-src=\"https:\/\/www.nw.de\/_em_daten\/_cache\/image\/1xL3Q0UDloZWhLSThwbnNnRGdROHhSR0NiNHcxT3hvdkZzSjd6YVBDdkRVRHRDdjA2eENpSEx6TXdzY0gxbk5EbU5Bbm02SDFBdHVVelAyTnFkWVlyUlEySGtwcjVqanl2MExPbGdFTTVWUUk9\/260813-0002-921227807.jpg\" data-foto-alt=\"Sonnenfinsternis120826\" data-foto-caption=\"Anke Wulbrandt gelang Am Fr\u00f6lenberg in Brackwede der spezielle Sonnenbrillenschuss.\" data-foto-credit=\"Anke Wulbrandt\" data-track=\"matomo\" data-track-category=\"Artikel\" data-track-action=\"click\" data-track-name=\"fotostrecke:foto-1\" rel=\"nofollow noopener\" target=\"_blank\"><\/p>\n<p>                            <img decoding=\"async\" src=\"https:\/\/www.europesays.com\/de\/wp-content\/uploads\/2026\/08\/260813-0002-921227807.jpg\" alt=\"Sonnenfinsternis120826\" width=\"600\" height=\"400\" class=\"nw-absolute nw-inset-0 nw-w-full nw-h-full nw-object-cover nw-transition-transform nw-duration-300 group-hover:nw-scale-105 motion-reduce:nw-transition-none\" loading=\"eager\" fetchpriority=\"high\"\/><\/p>\n<p>                            Anke Wulbrandt gelang Am Fr\u00f6lenberg in Brackwede der spezielle Sonnenbrillenschuss.<br \/>\n                            Anke Wulbrandt                        <\/p>\n<p>                    <\/a><\/p>\n<p>                    <a href=\"https:\/\/www.nw.de\/_em_daten\/_cache\/image\/1xL3Q0UDloZWhLSThwbnNnRGdROHhSQk1qSG9jL0xMTEFWQXNLc2NXeVJMbDMzMFF0ZTVHUWpoMnZYUmJhUTkwNm5sa2FMN3lGQnk3QngzQ1JvSmJTSkJiU1N3dkgvRUxIYTdobVd2VkVENzA9\/260812-2021-921223323.jpg\" class=\"nw-group nw-flex nw-flex-col nw-h-full nw-no-underline nw-text-inherit nw-rounded-2xl nw-overflow-hidden nw-border nw-bg-[color:var(--nw-bg-foto-card)] nw-border-white\/10 nw-shadow-[0_4px_12px_rgba(0,0,0,0.25)] focus-visible:nw-outline-2 focus-visible:nw-outline-offset-2 focus-visible:nw-outline-white\" aria-label=\"Foto 4: Sonnenfinsternis120826 \u2013 Vollansicht \u00f6ffnen\" data-foto-trigger=\"\" data-reel-index=\"3\" data-video-title=\"Sonnenfinsternis120826\" data-foto-src=\"https:\/\/www.nw.de\/_em_daten\/_cache\/image\/1xL3Q0UDloZWhLSThwbnNnRGdROHhSQk1qSG9jL0xMTEFWQXNLc2NXeVJMbDMzMFF0ZTVHUWpoMnZYUmJhUTkwNm5sa2FMN3lGQnk3QngzQ1JvSmJTSkJiU1N3dkgvRUxIYTdobVd2VkVENzA9\/260812-2021-921223323.jpg\" data-foto-alt=\"Sonnenfinsternis120826\" data-foto-caption=\"Motive von Dachterrasse der Volkssternwarte Ubbedissen zur partiellen Sonnenfinsternis am Mittwochabend, 12. August 2026, zwischen 19.16 Uhr und 21.01 Uhr.\" data-foto-credit=\"Danne &amp; J\u00fcngling\" data-track=\"matomo\" data-track-category=\"Artikel\" data-track-action=\"click\" data-track-name=\"fotostrecke:foto-1\" rel=\"nofollow noopener\" target=\"_blank\"><\/p>\n<p>                            <img decoding=\"async\" src=\"https:\/\/www.europesays.com\/de\/wp-content\/uploads\/2026\/08\/260812-2021-921223323.jpg\" alt=\"Sonnenfinsternis120826\" width=\"600\" height=\"400\" class=\"nw-absolute nw-inset-0 nw-w-full nw-h-full nw-object-cover nw-transition-transform nw-duration-300 group-hover:nw-scale-105 motion-reduce:nw-transition-none\" loading=\"eager\" fetchpriority=\"high\"\/><\/p>\n<p>                            Motive von Dachterrasse der Volkssternwarte Ubbedissen zur partiellen Sonnenfinsternis am Mittwochabend, 12. August 2026, zwischen 19.16 Uhr und 21.01 Uhr.<br \/>\n                            Danne &amp; J\u00fcngling                        <\/p>\n<p>                    <\/a><\/p>\n<p>                    <a href=\"https:\/\/www.nw.de\/_em_daten\/_cache\/image\/1xL3Q0UDloZWhLSThwbnNnRGdROHhSRDBmeHFrQTlIUHZYRWR2L0xCWkxQRzA5aHh4eUZvUE5GRVpGeWd2ZlBpUFRDQTZ4dlpyb3lNdkVTWUZyNjZ1UFNJRklXZWlzVlJwRTczYU5tUjVVMnc9\/260812-2138-921225165.jpg\" class=\"nw-group nw-flex nw-flex-col nw-h-full nw-no-underline nw-text-inherit nw-rounded-2xl nw-overflow-hidden nw-border nw-bg-[color:var(--nw-bg-foto-card)] nw-border-white\/10 nw-shadow-[0_4px_12px_rgba(0,0,0,0.25)] focus-visible:nw-outline-2 focus-visible:nw-outline-offset-2 focus-visible:nw-outline-white\" aria-label=\"Foto 5: Sonnenfinsternis120826 \u2013 Vollansicht \u00f6ffnen\" data-foto-trigger=\"\" data-reel-index=\"4\" data-video-title=\"Sonnenfinsternis120826\" data-foto-src=\"https:\/\/www.nw.de\/_em_daten\/_cache\/image\/1xL3Q0UDloZWhLSThwbnNnRGdROHhSRDBmeHFrQTlIUHZYRWR2L0xCWkxQRzA5aHh4eUZvUE5GRVpGeWd2ZlBpUFRDQTZ4dlpyb3lNdkVTWUZyNjZ1UFNJRklXZWlzVlJwRTczYU5tUjVVMnc9\/260812-2138-921225165.jpg\" data-foto-alt=\"Sonnenfinsternis120826\" data-foto-caption=\"Sonnige Gr\u00fc\u00dfe von Sarah Siepelt.\" data-foto-credit=\"Sarah Siepelt\" data-track=\"matomo\" data-track-category=\"Artikel\" data-track-action=\"click\" data-track-name=\"fotostrecke:foto-1\" rel=\"nofollow noopener\" target=\"_blank\"><\/p>\n<p>                            <img decoding=\"async\" src=\"https:\/\/www.europesays.com\/de\/wp-content\/uploads\/2026\/08\/260812-2138-921225165.jpg\" alt=\"Sonnenfinsternis120826\" width=\"600\" height=\"400\" class=\"nw-absolute nw-inset-0 nw-w-full nw-h-full nw-object-cover nw-transition-transform nw-duration-300 group-hover:nw-scale-105 motion-reduce:nw-transition-none\" loading=\"eager\" fetchpriority=\"high\"\/><\/p>\n<p>                            Sonnige Gr\u00fc\u00dfe von Sarah Siepelt.<br \/>\n                            Sarah Siepelt                        <\/p>\n<p>                    <\/a><\/p>\n<p>                    <a href=\"https:\/\/www.nw.de\/_em_daten\/_cache\/image\/1xL3Q0UDloZWhLSThwbnNnRGdROHhSTmh0VDFBVlB0UmE0TmEvbVI3dDFJWjQrbWExYmZ5OEozckc5R0Nyd2U0L0ZVeHJVVmRIcWJlejJSUmxKdmVaRmw5dkdYR2ZrUWwweWtUaC9RNmQ2Zjg9\/260812-2212-921225890.jpg\" class=\"nw-group nw-flex nw-flex-col nw-h-full nw-no-underline nw-text-inherit nw-rounded-2xl nw-overflow-hidden nw-border nw-bg-[color:var(--nw-bg-foto-card)] nw-border-white\/10 nw-shadow-[0_4px_12px_rgba(0,0,0,0.25)] focus-visible:nw-outline-2 focus-visible:nw-outline-offset-2 focus-visible:nw-outline-white\" aria-label=\"Foto 6: Sonnenfinsternis120826 \u2013 Vollansicht \u00f6ffnen\" data-foto-trigger=\"\" data-reel-index=\"5\" data-video-title=\"Sonnenfinsternis120826\" data-foto-src=\"https:\/\/www.nw.de\/_em_daten\/_cache\/image\/1xL3Q0UDloZWhLSThwbnNnRGdROHhSTmh0VDFBVlB0UmE0TmEvbVI3dDFJWjQrbWExYmZ5OEozckc5R0Nyd2U0L0ZVeHJVVmRIcWJlejJSUmxKdmVaRmw5dkdYR2ZrUWwweWtUaC9RNmQ2Zjg9\/260812-2212-921225890.jpg\" data-foto-alt=\"Sonnenfinsternis120826\" data-foto-caption=\"Franziska Sophie Proskawetz gelangen die Aufnahmen von verschiedenen Stadien der partiellen Sonnenfinsternis mit dem Smarttelescope Seestar 30Pro aus der Sternwarte Ubbedissen - einmal mit Bl\u00e4ttern vor der Sonne.\" data-foto-credit=\"Franziska Sophie Proskawetz\" data-track=\"matomo\" data-track-category=\"Artikel\" data-track-action=\"click\" data-track-name=\"fotostrecke:foto-1\" rel=\"nofollow noopener\" target=\"_blank\"><\/p>\n<p>                            <img decoding=\"async\" src=\"https:\/\/www.europesays.com\/de\/wp-content\/uploads\/2026\/08\/260812-2212-921225890.jpg\" alt=\"Sonnenfinsternis120826\" width=\"600\" height=\"400\" class=\"nw-absolute nw-inset-0 nw-w-full nw-h-full nw-object-cover nw-transition-transform nw-duration-300 group-hover:nw-scale-105 motion-reduce:nw-transition-none\" loading=\"eager\" fetchpriority=\"high\"\/><\/p>\n<p>                            Franziska Sophie Proskawetz gelangen die Aufnahmen von verschiedenen Stadien der partiellen Sonnenfinsternis mit dem Smarttelescope Seestar 30Pro aus der Sternwarte Ubbedissen &#8211; einmal mit Bl\u00e4ttern vor der Sonne.<br \/>\n                            Franziska Sophie Proskawetz                        <\/p>\n<p>                    <\/a><\/p>\n<p>                    <a href=\"https:\/\/www.nw.de\/_em_daten\/_cache\/image\/1xL3Q0UDloZWhLSThwbnNnRGdROHhSRDBmeHFrQTlIUHZYRWR2L0xCWkxQRzA5aHh4eUZvUE5GRVpGeWd2ZlBpUEVjM0s2TEx4S2kvR1FycDRVdUp2Zk9OazMwWU9nN0RQcW9tODR6VFdXSXM9\/260812-2021-921223317.jpg\" class=\"nw-group nw-flex nw-flex-col nw-h-full nw-no-underline nw-text-inherit nw-rounded-2xl nw-overflow-hidden nw-border nw-bg-[color:var(--nw-bg-foto-card)] nw-border-white\/10 nw-shadow-[0_4px_12px_rgba(0,0,0,0.25)] focus-visible:nw-outline-2 focus-visible:nw-outline-offset-2 focus-visible:nw-outline-white\" aria-label=\"Foto 7: Sonnenfinsternis120826 \u2013 Vollansicht \u00f6ffnen\" data-foto-trigger=\"\" data-reel-index=\"6\" data-video-title=\"Sonnenfinsternis120826\" data-foto-src=\"https:\/\/www.nw.de\/_em_daten\/_cache\/image\/1xL3Q0UDloZWhLSThwbnNnRGdROHhSRDBmeHFrQTlIUHZYRWR2L0xCWkxQRzA5aHh4eUZvUE5GRVpGeWd2ZlBpUEVjM0s2TEx4S2kvR1FycDRVdUp2Zk9OazMwWU9nN0RQcW9tODR6VFdXSXM9\/260812-2021-921223317.jpg\" data-foto-alt=\"Sonnenfinsternis120826\" data-foto-caption=\"Motive von Dachterrasse der Volkssternwarte Ubbedissen zur partiellen Sonnenfinsternis am Mittwochabend, 12. August 2026, zwischen 19.16 Uhr und 21.01 Uhr.\" data-foto-credit=\"Danne &amp; J\u00fcngling\" data-track=\"matomo\" data-track-category=\"Artikel\" data-track-action=\"click\" data-track-name=\"fotostrecke:foto-1\" rel=\"nofollow noopener\" target=\"_blank\"><\/p>\n<p>                            <img decoding=\"async\" src=\"https:\/\/www.europesays.com\/de\/wp-content\/uploads\/2026\/08\/260812-2021-921223317.jpg\" alt=\"Sonnenfinsternis120826\" width=\"600\" height=\"400\" class=\"nw-absolute nw-inset-0 nw-w-full nw-h-full nw-object-cover nw-transition-transform nw-duration-300 group-hover:nw-scale-105 motion-reduce:nw-transition-none\" loading=\"eager\" fetchpriority=\"high\"\/><\/p>\n<p>                            Motive von Dachterrasse der Volkssternwarte Ubbedissen zur partiellen Sonnenfinsternis am Mittwochabend, 12. August 2026, zwischen 19.16 Uhr und 21.01 Uhr.<br \/>\n                            Danne &amp; J\u00fcngling                        <\/p>\n<p>                    <\/a><\/p>\n<p>                    <a href=\"https:\/\/www.nw.de\/_em_daten\/_cache\/image\/1xL3Q0UDloZWhLSThwbnNnRGdROHhSRllpUDAwTzBTaG9PQmdyWTFHOFUzaWs4STZ4bXBVM0g0NzROUUovTFJTVFAzNlU0L0ZuU25DeG5JNTlxd1o3a29TKzI5VDNjOGFFT1dMSEpJMUNhcnc9\/260812-2212-921225898.jpg\" class=\"nw-group nw-flex nw-flex-col nw-h-full nw-no-underline nw-text-inherit nw-rounded-2xl nw-overflow-hidden nw-border nw-bg-[color:var(--nw-bg-foto-card)] nw-border-white\/10 nw-shadow-[0_4px_12px_rgba(0,0,0,0.25)] focus-visible:nw-outline-2 focus-visible:nw-outline-offset-2 focus-visible:nw-outline-white\" aria-label=\"Foto 8: Sonnenfinsternis120826 \u2013 Vollansicht \u00f6ffnen\" data-foto-trigger=\"\" data-reel-index=\"7\" data-video-title=\"Sonnenfinsternis120826\" data-foto-src=\"https:\/\/www.nw.de\/_em_daten\/_cache\/image\/1xL3Q0UDloZWhLSThwbnNnRGdROHhSRllpUDAwTzBTaG9PQmdyWTFHOFUzaWs4STZ4bXBVM0g0NzROUUovTFJTVFAzNlU0L0ZuU25DeG5JNTlxd1o3a29TKzI5VDNjOGFFT1dMSEpJMUNhcnc9\/260812-2212-921225898.jpg\" data-foto-alt=\"Sonnenfinsternis120826\" data-foto-caption=\"Franziska Sophie Proskawetz gelangen die Aufnahmen von verschiedenen Stadien der partiellen Sonnenfinsternis mit dem Smarttelescope Seestar 30Pro aus der Sternwarte Ubbedissen - einmal mit Bl\u00e4ttern vor der Sonne.\" data-foto-credit=\"Franziska Sophie Proskawetz\" data-track=\"matomo\" data-track-category=\"Artikel\" data-track-action=\"click\" data-track-name=\"fotostrecke:foto-1\" rel=\"nofollow noopener\" target=\"_blank\"><\/p>\n<p>                            <img decoding=\"async\" src=\"https:\/\/www.europesays.com\/de\/wp-content\/uploads\/2026\/08\/260812-2212-921225898.jpg\" alt=\"Sonnenfinsternis120826\" width=\"600\" height=\"400\" class=\"nw-absolute nw-inset-0 nw-w-full nw-h-full nw-object-cover nw-transition-transform nw-duration-300 group-hover:nw-scale-105 motion-reduce:nw-transition-none\" loading=\"eager\" fetchpriority=\"high\"\/><\/p>\n<p>                            Franziska Sophie Proskawetz gelangen die Aufnahmen von verschiedenen Stadien der partiellen Sonnenfinsternis mit dem Smarttelescope Seestar 30Pro aus der Sternwarte Ubbedissen &#8211; einmal mit Bl\u00e4ttern vor der Sonne.<br \/>\n                            Franziska Sophie Proskawetz                        <\/p>\n<p>                    <\/a><\/p>\n<p>                    <a href=\"https:\/\/www.nw.de\/_em_daten\/_cache\/image\/1xL3Q0UDloZWhLSThwbnNnRGdROHhSSVVuWDlpNmRCRmc0dkhWemo3Ulp0MFhya3VWajg2NlZhVTVQbVMrQlRWVXIrbWhQZm1hYnpHVG9tQWtwQzUrMG1veXNIaXQvczdRMkhUbkVlQXVHSzA9\/260812-2021-921223245.jpg\" class=\"nw-group nw-flex nw-flex-col nw-h-full nw-no-underline nw-text-inherit nw-rounded-2xl nw-overflow-hidden nw-border nw-bg-[color:var(--nw-bg-foto-card)] nw-border-white\/10 nw-shadow-[0_4px_12px_rgba(0,0,0,0.25)] focus-visible:nw-outline-2 focus-visible:nw-outline-offset-2 focus-visible:nw-outline-white\" aria-label=\"Foto 9: Sonnenfinsternis120826 \u2013 Vollansicht \u00f6ffnen\" data-foto-trigger=\"\" data-reel-index=\"8\" data-video-title=\"Sonnenfinsternis120826\" data-foto-src=\"https:\/\/www.nw.de\/_em_daten\/_cache\/image\/1xL3Q0UDloZWhLSThwbnNnRGdROHhSSVVuWDlpNmRCRmc0dkhWemo3Ulp0MFhya3VWajg2NlZhVTVQbVMrQlRWVXIrbWhQZm1hYnpHVG9tQWtwQzUrMG1veXNIaXQvczdRMkhUbkVlQXVHSzA9\/260812-2021-921223245.jpg\" data-foto-alt=\"Sonnenfinsternis120826\" data-foto-caption=\"Motive von Dachterrasse der Volkssternwarte Ubbedissen zur partiellen Sonnenfinsternis am Mittwochabend, 12. August 2026, zwischen 19.16 Uhr und 21.01 Uhr.\" data-foto-credit=\"Danne &amp; J\u00fcngling\" data-track=\"matomo\" data-track-category=\"Artikel\" data-track-action=\"click\" data-track-name=\"fotostrecke:foto-1\" rel=\"nofollow noopener\" target=\"_blank\"><\/p>\n<p>                            <img decoding=\"async\" src=\"https:\/\/www.europesays.com\/de\/wp-content\/uploads\/2026\/08\/260812-2021-921223245.jpg\" alt=\"Sonnenfinsternis120826\" width=\"600\" height=\"400\" class=\"nw-absolute nw-inset-0 nw-w-full nw-h-full nw-object-cover nw-transition-transform nw-duration-300 group-hover:nw-scale-105 motion-reduce:nw-transition-none\" loading=\"eager\" fetchpriority=\"high\"\/><\/p>\n<p>                            Motive von Dachterrasse der Volkssternwarte Ubbedissen zur partiellen Sonnenfinsternis am Mittwochabend, 12. August 2026, zwischen 19.16 Uhr und 21.01 Uhr.<br \/>\n                            Danne &amp; J\u00fcngling                        <\/p>\n<p>                    <\/a><\/p>\n<p>                    <a href=\"https:\/\/www.nw.de\/_em_daten\/_cache\/image\/1xL3Q0UDloZWhLSThwbnNnRGdROHhSQ2tiNGlKejR3U0dtaFEyQTMwYXBScW9tTnhDZDVPYUpBU2tCRVlMTVdDNVdwcEtuSXZ1WUFWdWtwbktPTlFoSm9HekdQVjBqSExoRFF5RzB6cTVhSUE9\/260812-2138-921225192.jpg\" class=\"nw-group nw-flex nw-flex-col nw-h-full nw-no-underline nw-text-inherit nw-rounded-2xl nw-overflow-hidden nw-border nw-bg-[color:var(--nw-bg-foto-card)] nw-border-white\/10 nw-shadow-[0_4px_12px_rgba(0,0,0,0.25)] focus-visible:nw-outline-2 focus-visible:nw-outline-offset-2 focus-visible:nw-outline-white\" aria-label=\"Foto 10: Sonnenfinsternis120826 \u2013 Vollansicht \u00f6ffnen\" data-foto-trigger=\"\" data-reel-index=\"9\" data-video-title=\"Sonnenfinsternis120826\" data-foto-src=\"https:\/\/www.nw.de\/_em_daten\/_cache\/image\/1xL3Q0UDloZWhLSThwbnNnRGdROHhSQ2tiNGlKejR3U0dtaFEyQTMwYXBScW9tTnhDZDVPYUpBU2tCRVlMTVdDNVdwcEtuSXZ1WUFWdWtwbktPTlFoSm9HekdQVjBqSExoRFF5RzB6cTVhSUE9\/260812-2138-921225192.jpg\" data-foto-alt=\"Sonnenfinsternis120826\" data-foto-caption=\"Bernd Hei\u00dfenberg schickte Schattenbilder von der Sonnenfinsternis, aufgenommen am Feuerwehrger\u00e4tehaus in J\u00f6llenbeck.&lt;\/p&gt;&lt;p&gt;Bernd Hei\u00dfenberg\" data-foto-credit=\"Bernd Hei\u00dfenberg\" data-track=\"matomo\" data-track-category=\"Artikel\" data-track-action=\"click\" data-track-name=\"fotostrecke:foto-1\" rel=\"nofollow noopener\" target=\"_blank\"><\/p>\n<p>                            <img decoding=\"async\" src=\"https:\/\/www.europesays.com\/de\/wp-content\/uploads\/2026\/08\/260812-2138-921225192.jpg\" alt=\"Sonnenfinsternis120826\" width=\"600\" height=\"400\" class=\"nw-absolute nw-inset-0 nw-w-full nw-h-full nw-object-cover nw-transition-transform nw-duration-300 group-hover:nw-scale-105 motion-reduce:nw-transition-none\" loading=\"eager\" fetchpriority=\"high\"\/><\/p>\n<p>                            Bernd Hei\u00dfenberg schickte Schattenbilder von der Sonnenfinsternis, aufgenommen am Feuerwehrger\u00e4tehaus in J\u00f6llenbeck.<\/p>\n<p>Bernd Hei\u00dfenberg<\/p>\n<p>                            Bernd Hei\u00dfenberg                        <\/p>\n<p>                    <\/a><\/p>\n<p>                    <a href=\"https:\/\/www.nw.de\/_em_daten\/_cache\/image\/1xL3Q0UDloZWhLSThwbnNnRGdROHhSQk1qSG9jL0xMTEFWQXNLc2NXeVJMbDMzMFF0ZTVHUWpoMnZYUmJhUTkwNlR4ejBsWk5TLzMzZ2NmOUg1bUo4NGdRTzZyQm53b3g3emt1cm9NeDFyMFk9\/260812-2021-921223233.jpg\" class=\"nw-group nw-flex nw-flex-col nw-h-full nw-no-underline nw-text-inherit nw-rounded-2xl nw-overflow-hidden nw-border nw-bg-[color:var(--nw-bg-foto-card)] nw-border-white\/10 nw-shadow-[0_4px_12px_rgba(0,0,0,0.25)] focus-visible:nw-outline-2 focus-visible:nw-outline-offset-2 focus-visible:nw-outline-white\" aria-label=\"Foto 11: Sonnenfinsternis120826 \u2013 Vollansicht \u00f6ffnen\" data-foto-trigger=\"\" data-reel-index=\"10\" data-video-title=\"Sonnenfinsternis120826\" data-foto-src=\"https:\/\/www.nw.de\/_em_daten\/_cache\/image\/1xL3Q0UDloZWhLSThwbnNnRGdROHhSQk1qSG9jL0xMTEFWQXNLc2NXeVJMbDMzMFF0ZTVHUWpoMnZYUmJhUTkwNlR4ejBsWk5TLzMzZ2NmOUg1bUo4NGdRTzZyQm53b3g3emt1cm9NeDFyMFk9\/260812-2021-921223233.jpg\" data-foto-alt=\"Sonnenfinsternis120826\" data-foto-caption=\"Motive von Dachterrasse der Volkssternwarte Ubbedissen zur partiellen Sonnenfinsternis am Mittwochabend, 12. August 2026, zwischen 19.16 Uhr und 21.01 Uhr.\" data-foto-credit=\"Danne &amp; J\u00fcngling\" data-track=\"matomo\" data-track-category=\"Artikel\" data-track-action=\"click\" data-track-name=\"fotostrecke:foto-1\" rel=\"nofollow noopener\" target=\"_blank\"><\/p>\n<p>                            <img decoding=\"async\" src=\"https:\/\/www.europesays.com\/de\/wp-content\/uploads\/2026\/08\/260812-2021-921223233.jpg\" alt=\"Sonnenfinsternis120826\" width=\"600\" height=\"400\" class=\"nw-absolute nw-inset-0 nw-w-full nw-h-full nw-object-cover nw-transition-transform nw-duration-300 group-hover:nw-scale-105 motion-reduce:nw-transition-none\" loading=\"eager\" fetchpriority=\"high\"\/><\/p>\n<p>                            Motive von Dachterrasse der Volkssternwarte Ubbedissen zur partiellen Sonnenfinsternis am Mittwochabend, 12. August 2026, zwischen 19.16 Uhr und 21.01 Uhr.<br \/>\n                            Danne &amp; J\u00fcngling                        <\/p>\n<p>                    <\/a><\/p>\n<p>                    <a href=\"https:\/\/www.nw.de\/_em_daten\/_cache\/image\/1xL3Q0UDloZWhLSThwbnNnRGdROHhSSXVUYmdMWGNSblJUY2orWVpHdmtjQnZyTmRsckZYUXVBVnowWlJhY0d0VzlpcFpnSGNzN1ZHVXdBM1ErQ1BXai9GVHhEUm5mVDVvN2VtZENPMC9xZHc9\/260813-0002-921227801.jpg\" class=\"nw-group nw-flex nw-flex-col nw-h-full nw-no-underline nw-text-inherit nw-rounded-2xl nw-overflow-hidden nw-border nw-bg-[color:var(--nw-bg-foto-card)] nw-border-white\/10 nw-shadow-[0_4px_12px_rgba(0,0,0,0.25)] focus-visible:nw-outline-2 focus-visible:nw-outline-offset-2 focus-visible:nw-outline-white\" aria-label=\"Foto 12: Sonnenfinsternis120826 \u2013 Vollansicht \u00f6ffnen\" data-foto-trigger=\"\" data-reel-index=\"11\" data-video-title=\"Sonnenfinsternis120826\" data-foto-src=\"https:\/\/www.nw.de\/_em_daten\/_cache\/image\/1xL3Q0UDloZWhLSThwbnNnRGdROHhSSXVUYmdMWGNSblJUY2orWVpHdmtjQnZyTmRsckZYUXVBVnowWlJhY0d0VzlpcFpnSGNzN1ZHVXdBM1ErQ1BXai9GVHhEUm5mVDVvN2VtZENPMC9xZHc9\/260813-0002-921227801.jpg\" data-foto-alt=\"Sonnenfinsternis120826\" data-foto-caption=\"Anke Wulbrandt gelang Am Fr\u00f6lenberg in Brackwede der spezielle Sonnenbrillenschuss.\" data-foto-credit=\"Anke Wulbrandt\" data-track=\"matomo\" data-track-category=\"Artikel\" data-track-action=\"click\" data-track-name=\"fotostrecke:foto-1\" rel=\"nofollow noopener\" target=\"_blank\"><\/p>\n<p>                            <img decoding=\"async\" src=\"https:\/\/www.europesays.com\/de\/wp-content\/uploads\/2026\/08\/260813-0002-921227801.jpg\" alt=\"Sonnenfinsternis120826\" width=\"600\" height=\"400\" class=\"nw-absolute nw-inset-0 nw-w-full nw-h-full nw-object-cover nw-transition-transform nw-duration-300 group-hover:nw-scale-105 motion-reduce:nw-transition-none\" loading=\"eager\" fetchpriority=\"high\"\/><\/p>\n<p>                            Anke Wulbrandt gelang Am Fr\u00f6lenberg in Brackwede der spezielle Sonnenbrillenschuss.<br \/>\n                            Anke Wulbrandt                        <\/p>\n<p>                    <\/a><\/p>\n<p>                    <a href=\"https:\/\/www.nw.de\/_em_daten\/_cache\/image\/1xL3Q0UDloZWhLSThwbnNnRGdROHhSQ0xwdzdsblJZN3BHc3FGekpJeEE4Zk9zUEhpcGxzYno4ZVRHeHIyWUVIck9ZRjdwYk1iSFNWZytNTTVNcE9VcE9zL3F4SnFQTnl2YmY2bDZMSmRYRjQ9\/260812-2022-921217311.jpg\" class=\"nw-group nw-flex nw-flex-col nw-h-full nw-no-underline nw-text-inherit nw-rounded-2xl nw-overflow-hidden nw-border nw-bg-[color:var(--nw-bg-foto-card)] nw-border-white\/10 nw-shadow-[0_4px_12px_rgba(0,0,0,0.25)] focus-visible:nw-outline-2 focus-visible:nw-outline-offset-2 focus-visible:nw-outline-white\" aria-label=\"Foto 13: Sonnenfinsternis in OWL \u2013 Vollansicht \u00f6ffnen\" data-foto-trigger=\"\" data-reel-index=\"12\" data-video-title=\"Sonnenfinsternis in OWL\" data-foto-src=\"https:\/\/www.nw.de\/_em_daten\/_cache\/image\/1xL3Q0UDloZWhLSThwbnNnRGdROHhSQ0xwdzdsblJZN3BHc3FGekpJeEE4Zk9zUEhpcGxzYno4ZVRHeHIyWUVIck9ZRjdwYk1iSFNWZytNTTVNcE9VcE9zL3F4SnFQTnl2YmY2bDZMSmRYRjQ9\/260812-2022-921217311.jpg\" data-foto-alt=\"Sonnenfinsternis in OWL\" data-foto-caption=\"Sonnenfinsternis in der Sternwarte Ubbedissen\" data-foto-credit=\"Barbara_Franke\" data-track=\"matomo\" data-track-category=\"Artikel\" data-track-action=\"click\" data-track-name=\"fotostrecke:foto-1\" rel=\"nofollow noopener\" target=\"_blank\"><\/p>\n<p>                            <img decoding=\"async\" src=\"https:\/\/www.europesays.com\/de\/wp-content\/uploads\/2026\/08\/260812-2022-921217311.jpg\" alt=\"Sonnenfinsternis in OWL\" width=\"600\" height=\"400\" class=\"nw-absolute nw-inset-0 nw-w-full nw-h-full nw-object-cover nw-transition-transform nw-duration-300 group-hover:nw-scale-105 motion-reduce:nw-transition-none\" loading=\"eager\" fetchpriority=\"high\"\/><\/p>\n<p>                            Sonnenfinsternis in der Sternwarte Ubbedissen<br \/>\n                            Barbara_Franke                        <\/p>\n<p>                    <\/a><\/p>\n<p>                    <a href=\"https:\/\/www.nw.de\/_em_daten\/_cache\/image\/1xL3Q0UDloZWhLSThwbnNnRGdROHhSTkRyLzVPbm0yaXpYQ2dETmxNUm9BUDBrSmE2emhYOUlHNVNYb2VvNmRnOTBDTnVUc3V0TXQ2QmxsRjN4UlF3eVNleEJ4R0oweDFKTUtMQlFHc2dhcjg9\/260812-2021-921223311.jpg\" class=\"nw-group nw-flex nw-flex-col nw-h-full nw-no-underline nw-text-inherit nw-rounded-2xl nw-overflow-hidden nw-border nw-bg-[color:var(--nw-bg-foto-card)] nw-border-white\/10 nw-shadow-[0_4px_12px_rgba(0,0,0,0.25)] focus-visible:nw-outline-2 focus-visible:nw-outline-offset-2 focus-visible:nw-outline-white\" aria-label=\"Foto 14: Sonnenfinsternis120826 \u2013 Vollansicht \u00f6ffnen\" data-foto-trigger=\"\" data-reel-index=\"13\" data-video-title=\"Sonnenfinsternis120826\" data-foto-src=\"https:\/\/www.nw.de\/_em_daten\/_cache\/image\/1xL3Q0UDloZWhLSThwbnNnRGdROHhSTkRyLzVPbm0yaXpYQ2dETmxNUm9BUDBrSmE2emhYOUlHNVNYb2VvNmRnOTBDTnVUc3V0TXQ2QmxsRjN4UlF3eVNleEJ4R0oweDFKTUtMQlFHc2dhcjg9\/260812-2021-921223311.jpg\" data-foto-alt=\"Sonnenfinsternis120826\" data-foto-caption=\"Motive von Dachterrasse der Volkssternwarte Ubbedissen zur partiellen Sonnenfinsternis am Mittwochabend, 12. August 2026, zwischen 19.16 Uhr und 21.01 Uhr.\" data-foto-credit=\"Danne &amp; J\u00fcngling\" data-track=\"matomo\" data-track-category=\"Artikel\" data-track-action=\"click\" data-track-name=\"fotostrecke:foto-1\" rel=\"nofollow noopener\" target=\"_blank\"><\/p>\n<p>                            <img decoding=\"async\" src=\"https:\/\/www.europesays.com\/de\/wp-content\/uploads\/2026\/08\/260812-2021-921223311.jpg\" alt=\"Sonnenfinsternis120826\" width=\"600\" height=\"400\" class=\"nw-absolute nw-inset-0 nw-w-full nw-h-full nw-object-cover nw-transition-transform nw-duration-300 group-hover:nw-scale-105 motion-reduce:nw-transition-none\" loading=\"eager\" fetchpriority=\"high\"\/><\/p>\n<p>                            Motive von Dachterrasse der Volkssternwarte Ubbedissen zur partiellen Sonnenfinsternis am Mittwochabend, 12. August 2026, zwischen 19.16 Uhr und 21.01 Uhr.<br \/>\n                            Danne &amp; J\u00fcngling                        <\/p>\n<p>                    <\/a><\/p>\n<p>                    <a href=\"https:\/\/www.nw.de\/_em_daten\/_cache\/image\/1xL3Q0UDloZWhLSThwbnNnRGdROHhSRDBmeHFrQTlIUHZYRWR2L0xCWkxQRzA5aHh4eUZvUE5GRVpGeWd2ZlBpUEgreUZneXQyRUpWcDZ4dW1id0Fmb3kwSEd6cXhEUFV6UnNEU1A2aEpjWHM9\/260812-2138-921225159.jpg\" class=\"nw-group nw-flex nw-flex-col nw-h-full nw-no-underline nw-text-inherit nw-rounded-2xl nw-overflow-hidden nw-border nw-bg-[color:var(--nw-bg-foto-card)] nw-border-white\/10 nw-shadow-[0_4px_12px_rgba(0,0,0,0.25)] focus-visible:nw-outline-2 focus-visible:nw-outline-offset-2 focus-visible:nw-outline-white\" aria-label=\"Foto 15: Sonnenfinsternis120826 \u2013 Vollansicht \u00f6ffnen\" data-foto-trigger=\"\" data-reel-index=\"14\" data-video-title=\"Sonnenfinsternis120826\" data-foto-src=\"https:\/\/www.nw.de\/_em_daten\/_cache\/image\/1xL3Q0UDloZWhLSThwbnNnRGdROHhSRDBmeHFrQTlIUHZYRWR2L0xCWkxQRzA5aHh4eUZvUE5GRVpGeWd2ZlBpUEgreUZneXQyRUpWcDZ4dW1id0Fmb3kwSEd6cXhEUFV6UnNEU1A2aEpjWHM9\/260812-2138-921225159.jpg\" data-foto-alt=\"Sonnenfinsternis120826\" data-foto-caption=\"Sonnige Gr\u00fc\u00dfe von Sarah Siepelt.\" data-foto-credit=\"Sarah Siepelt\" data-track=\"matomo\" data-track-category=\"Artikel\" data-track-action=\"click\" data-track-name=\"fotostrecke:foto-1\" rel=\"nofollow noopener\" target=\"_blank\"><\/p>\n<p>                            <img decoding=\"async\" src=\"https:\/\/www.europesays.com\/de\/wp-content\/uploads\/2026\/08\/260812-2138-921225159.jpg\" alt=\"Sonnenfinsternis120826\" width=\"600\" height=\"400\" class=\"nw-absolute nw-inset-0 nw-w-full nw-h-full nw-object-cover nw-transition-transform nw-duration-300 group-hover:nw-scale-105 motion-reduce:nw-transition-none\" loading=\"eager\" fetchpriority=\"high\"\/><\/p>\n<p>                            Sonnige Gr\u00fc\u00dfe von Sarah Siepelt.<br \/>\n                            Sarah Siepelt                        <\/p>\n<p>                    <\/a><\/p>\n<p>                    <a href=\"https:\/\/www.nw.de\/_em_daten\/_cache\/image\/1xL3Q0UDloZWhLSThwbnNnRGdROHhSRDVTeUlZUEJEV0Z3MkcxZ0JPRysrWElvQjJ4QkN3YzZtb0VzeDdZYWRVdVduaXNhTkx5V1h2UERHQnBFcFlJeGswREVFUHRFVGZtYkF4Rk5saGZERmM9\/260812-2138-921225198.jpg\" class=\"nw-group nw-flex nw-flex-col nw-h-full nw-no-underline nw-text-inherit nw-rounded-2xl nw-overflow-hidden nw-border nw-bg-[color:var(--nw-bg-foto-card)] nw-border-white\/10 nw-shadow-[0_4px_12px_rgba(0,0,0,0.25)] focus-visible:nw-outline-2 focus-visible:nw-outline-offset-2 focus-visible:nw-outline-white\" aria-label=\"Foto 16: Sonnenfinsternis120826 \u2013 Vollansicht \u00f6ffnen\" data-foto-trigger=\"\" data-reel-index=\"15\" data-video-title=\"Sonnenfinsternis120826\" data-foto-src=\"https:\/\/www.nw.de\/_em_daten\/_cache\/image\/1xL3Q0UDloZWhLSThwbnNnRGdROHhSRDVTeUlZUEJEV0Z3MkcxZ0JPRysrWElvQjJ4QkN3YzZtb0VzeDdZYWRVdVduaXNhTkx5V1h2UERHQnBFcFlJeGswREVFUHRFVGZtYkF4Rk5saGZERmM9\/260812-2138-921225198.jpg\" data-foto-alt=\"Sonnenfinsternis120826\" data-foto-caption=\"Bernd Hei\u00dfenberg schickte Schattenbilder von der Sonnenfinsternis, aufgenommen am Feuerwehrger\u00e4tehaus in J\u00f6llenbeck.&lt;\/p&gt;&lt;p&gt;Bernd Hei\u00dfenberg\" data-foto-credit=\"Bernd Hei\u00dfenberg\" data-track=\"matomo\" data-track-category=\"Artikel\" data-track-action=\"click\" data-track-name=\"fotostrecke:foto-1\" rel=\"nofollow noopener\" target=\"_blank\"><\/p>\n<p>                            <img decoding=\"async\" src=\"https:\/\/www.europesays.com\/de\/wp-content\/uploads\/2026\/08\/260812-2138-921225198.jpg\" alt=\"Sonnenfinsternis120826\" width=\"600\" height=\"400\" class=\"nw-absolute nw-inset-0 nw-w-full nw-h-full nw-object-cover nw-transition-transform nw-duration-300 group-hover:nw-scale-105 motion-reduce:nw-transition-none\" loading=\"eager\" fetchpriority=\"high\"\/><\/p>\n<p>                            Bernd Hei\u00dfenberg schickte Schattenbilder von der Sonnenfinsternis, aufgenommen am Feuerwehrger\u00e4tehaus in J\u00f6llenbeck.<\/p>\n<p>Bernd Hei\u00dfenberg<\/p>\n<p>                            Bernd Hei\u00dfenberg                        <\/p>\n<p>                    <\/a><\/p>\n<p>                    <a href=\"https:\/\/www.nw.de\/_em_daten\/_cache\/image\/1xL3Q0UDloZWhLSThwbnNnRGdROHhSSVJmWTNIR0xpNDV5cTJhcTlGUWlPcHdsbjdLUFVNcllIRGVpeEVkWWR3UjhpS0ZCTUFzRkNZSTk5RGRCRVF1YmlteloxeUJQUTZTeGNaekxPSVJwRTg9\/260812-2212-921225884.jpg\" class=\"nw-group nw-flex nw-flex-col nw-h-full nw-no-underline nw-text-inherit nw-rounded-2xl nw-overflow-hidden nw-border nw-bg-[color:var(--nw-bg-foto-card)] nw-border-white\/10 nw-shadow-[0_4px_12px_rgba(0,0,0,0.25)] focus-visible:nw-outline-2 focus-visible:nw-outline-offset-2 focus-visible:nw-outline-white\" aria-label=\"Foto 17: Sonnenfinsternis120826 \u2013 Vollansicht \u00f6ffnen\" data-foto-trigger=\"\" data-reel-index=\"16\" data-video-title=\"Sonnenfinsternis120826\" data-foto-src=\"https:\/\/www.nw.de\/_em_daten\/_cache\/image\/1xL3Q0UDloZWhLSThwbnNnRGdROHhSSVJmWTNIR0xpNDV5cTJhcTlGUWlPcHdsbjdLUFVNcllIRGVpeEVkWWR3UjhpS0ZCTUFzRkNZSTk5RGRCRVF1YmlteloxeUJQUTZTeGNaekxPSVJwRTg9\/260812-2212-921225884.jpg\" data-foto-alt=\"Sonnenfinsternis120826\" data-foto-caption=\"Franziska Sophie Proskawetz gelangen die Aufnahmen von verschiedenen Stadien der partiellen Sonnenfinsternis mit dem Smarttelescope Seestar 30Pro aus der Sternwarte Ubbedissen - einmal mit Bl\u00e4ttern vor der Sonne.\" data-foto-credit=\"Franziska Sophie Proskawetz\" data-track=\"matomo\" data-track-category=\"Artikel\" data-track-action=\"click\" data-track-name=\"fotostrecke:foto-1\" rel=\"nofollow noopener\" target=\"_blank\"><\/p>\n<p>                            <img decoding=\"async\" src=\"https:\/\/www.europesays.com\/de\/wp-content\/uploads\/2026\/08\/260812-2212-921225884.jpg\" alt=\"Sonnenfinsternis120826\" width=\"600\" height=\"400\" class=\"nw-absolute nw-inset-0 nw-w-full nw-h-full nw-object-cover nw-transition-transform nw-duration-300 group-hover:nw-scale-105 motion-reduce:nw-transition-none\" loading=\"eager\" fetchpriority=\"high\"\/><\/p>\n<p>                            Franziska Sophie Proskawetz gelangen die Aufnahmen von verschiedenen Stadien der partiellen Sonnenfinsternis mit dem Smarttelescope Seestar 30Pro aus der Sternwarte Ubbedissen &#8211; einmal mit Bl\u00e4ttern vor der Sonne.<br \/>\n                            Franziska Sophie Proskawetz                        <\/p>\n<p>                    <\/a><\/p>\n<p>                    <a href=\"https:\/\/www.nw.de\/_em_daten\/_cache\/image\/1xL3Q0UDloZWhLSThwbnNnRGdROHhSSXA5VzVJYjZUWXNGZDRlYTFNTmZuWVRNL1VFdFhNL0F6R2tOVjUyZEdZaWduU2R6cnpEWHVvbGM4dlhmY1JvdlJaV1Z2Y2R2UDRVZG4yRFJRcVVyblU9\/260812-2021-921223287.jpg\" class=\"nw-group nw-flex nw-flex-col nw-h-full nw-no-underline nw-text-inherit nw-rounded-2xl nw-overflow-hidden nw-border nw-bg-[color:var(--nw-bg-foto-card)] nw-border-white\/10 nw-shadow-[0_4px_12px_rgba(0,0,0,0.25)] focus-visible:nw-outline-2 focus-visible:nw-outline-offset-2 focus-visible:nw-outline-white\" aria-label=\"Foto 18: Sonnenfinsternis120826 \u2013 Vollansicht \u00f6ffnen\" data-foto-trigger=\"\" data-reel-index=\"17\" data-video-title=\"Sonnenfinsternis120826\" data-foto-src=\"https:\/\/www.nw.de\/_em_daten\/_cache\/image\/1xL3Q0UDloZWhLSThwbnNnRGdROHhSSXA5VzVJYjZUWXNGZDRlYTFNTmZuWVRNL1VFdFhNL0F6R2tOVjUyZEdZaWduU2R6cnpEWHVvbGM4dlhmY1JvdlJaV1Z2Y2R2UDRVZG4yRFJRcVVyblU9\/260812-2021-921223287.jpg\" data-foto-alt=\"Sonnenfinsternis120826\" data-foto-caption=\"Motive von Dachterrasse der Volkssternwarte Ubbedissen zur partiellen Sonnenfinsternis am Mittwochabend, 12. August 2026, zwischen 19.16 Uhr und 21.01 Uhr.\" data-foto-credit=\"Danne &amp; J\u00fcngling\" data-track=\"matomo\" data-track-category=\"Artikel\" data-track-action=\"click\" data-track-name=\"fotostrecke:foto-1\" rel=\"nofollow noopener\" target=\"_blank\"><\/p>\n<p>                            <img decoding=\"async\" src=\"https:\/\/www.europesays.com\/de\/wp-content\/uploads\/2026\/08\/260812-2021-921223287.jpg\" alt=\"Sonnenfinsternis120826\" width=\"600\" height=\"400\" class=\"nw-absolute nw-inset-0 nw-w-full nw-h-full nw-object-cover nw-transition-transform nw-duration-300 group-hover:nw-scale-105 motion-reduce:nw-transition-none\" loading=\"eager\" fetchpriority=\"high\"\/><\/p>\n<p>                            Motive von Dachterrasse der Volkssternwarte Ubbedissen zur partiellen Sonnenfinsternis am Mittwochabend, 12. August 2026, zwischen 19.16 Uhr und 21.01 Uhr.<br \/>\n                            Danne &amp; J\u00fcngling                        <\/p>\n<p>                    <\/a><\/p>\n<p>                    <a href=\"https:\/\/www.nw.de\/_em_daten\/_cache\/image\/1xL3Q0UDloZWhLSThwbnNnRGdROHhSRDBmeHFrQTlIUHZYRWR2L0xCWkxQRzA5aHh4eUZvUE5GRVpGeWd2ZlBpUC9vRnZCcmRjWFkvb3ZJaHhjNGthT2hzL2h2UDBYdUpDZGxILy80MFJzZGc9\/260812-2021-921223275.jpg\" class=\"nw-group nw-flex nw-flex-col nw-h-full nw-no-underline nw-text-inherit nw-rounded-2xl nw-overflow-hidden nw-border nw-bg-[color:var(--nw-bg-foto-card)] nw-border-white\/10 nw-shadow-[0_4px_12px_rgba(0,0,0,0.25)] focus-visible:nw-outline-2 focus-visible:nw-outline-offset-2 focus-visible:nw-outline-white\" aria-label=\"Foto 19: Sonnenfinsternis120826 \u2013 Vollansicht \u00f6ffnen\" data-foto-trigger=\"\" data-reel-index=\"18\" data-video-title=\"Sonnenfinsternis120826\" data-foto-src=\"https:\/\/www.nw.de\/_em_daten\/_cache\/image\/1xL3Q0UDloZWhLSThwbnNnRGdROHhSRDBmeHFrQTlIUHZYRWR2L0xCWkxQRzA5aHh4eUZvUE5GRVpGeWd2ZlBpUC9vRnZCcmRjWFkvb3ZJaHhjNGthT2hzL2h2UDBYdUpDZGxILy80MFJzZGc9\/260812-2021-921223275.jpg\" data-foto-alt=\"Sonnenfinsternis120826\" data-foto-caption=\"Motive von Dachterrasse der Volkssternwarte Ubbedissen zur partiellen Sonnenfinsternis am Mittwochabend, 12. August 2026, zwischen 19.16 Uhr und 21.01 Uhr.\" data-foto-credit=\"Danne &amp; J\u00fcngling\" data-track=\"matomo\" data-track-category=\"Artikel\" data-track-action=\"click\" data-track-name=\"fotostrecke:foto-1\" rel=\"nofollow noopener\" target=\"_blank\"><\/p>\n<p>                            <img decoding=\"async\" src=\"https:\/\/www.europesays.com\/de\/wp-content\/uploads\/2026\/08\/260812-2021-921223275.jpg\" alt=\"Sonnenfinsternis120826\" width=\"600\" height=\"400\" class=\"nw-absolute nw-inset-0 nw-w-full nw-h-full nw-object-cover nw-transition-transform nw-duration-300 group-hover:nw-scale-105 motion-reduce:nw-transition-none\" loading=\"eager\" fetchpriority=\"high\"\/><\/p>\n<p>                            Motive von Dachterrasse der Volkssternwarte Ubbedissen zur partiellen Sonnenfinsternis am Mittwochabend, 12. August 2026, zwischen 19.16 Uhr und 21.01 Uhr.<br \/>\n                            Danne &amp; J\u00fcngling                        <\/p>\n<p>                    <\/a><\/p>\n<p>                    <a href=\"https:\/\/www.nw.de\/_em_daten\/_cache\/image\/1xL3Q0UDloZWhLSThwbnNnRGdROHhSRDBmeHFrQTlIUHZYRWR2L0xCWkxQRzA5aHh4eUZvUE5GRVpGeWd2ZlBpUGpVanJGY3NqZ2tONkdiWHBNM3Z0VmxMQllWUnRaUFh3RHhyYkM2RkVhYkU9\/260812-2021-921223269.jpg\" class=\"nw-group nw-flex nw-flex-col nw-h-full nw-no-underline nw-text-inherit nw-rounded-2xl nw-overflow-hidden nw-border nw-bg-[color:var(--nw-bg-foto-card)] nw-border-white\/10 nw-shadow-[0_4px_12px_rgba(0,0,0,0.25)] focus-visible:nw-outline-2 focus-visible:nw-outline-offset-2 focus-visible:nw-outline-white\" aria-label=\"Foto 20: Sonnenfinsternis120826 \u2013 Vollansicht \u00f6ffnen\" data-foto-trigger=\"\" data-reel-index=\"19\" data-video-title=\"Sonnenfinsternis120826\" data-foto-src=\"https:\/\/www.nw.de\/_em_daten\/_cache\/image\/1xL3Q0UDloZWhLSThwbnNnRGdROHhSRDBmeHFrQTlIUHZYRWR2L0xCWkxQRzA5aHh4eUZvUE5GRVpGeWd2ZlBpUGpVanJGY3NqZ2tONkdiWHBNM3Z0VmxMQllWUnRaUFh3RHhyYkM2RkVhYkU9\/260812-2021-921223269.jpg\" data-foto-alt=\"Sonnenfinsternis120826\" data-foto-caption=\"Motive von Dachterrasse der Volkssternwarte Ubbedissen zur partiellen Sonnenfinsternis am Mittwochabend, 12. August 2026, zwischen 19.16 Uhr und 21.01 Uhr.\" data-foto-credit=\"Danne &amp; J\u00fcngling\" data-track=\"matomo\" data-track-category=\"Artikel\" data-track-action=\"click\" data-track-name=\"fotostrecke:foto-1\" rel=\"nofollow noopener\" target=\"_blank\"><\/p>\n<p>                            <img decoding=\"async\" src=\"https:\/\/www.europesays.com\/de\/wp-content\/uploads\/2026\/08\/260812-2021-921223269.jpg\" alt=\"Sonnenfinsternis120826\" width=\"600\" height=\"400\" class=\"nw-absolute nw-inset-0 nw-w-full nw-h-full nw-object-cover nw-transition-transform nw-duration-300 group-hover:nw-scale-105 motion-reduce:nw-transition-none\" loading=\"eager\" fetchpriority=\"high\"\/><\/p>\n<p>                            Motive von Dachterrasse der Volkssternwarte Ubbedissen zur partiellen Sonnenfinsternis am Mittwochabend, 12. August 2026, zwischen 19.16 Uhr und 21.01 Uhr.<br \/>\n                            Danne &amp; J\u00fcngling                        <\/p>\n<p>                    <\/a><\/p>\n<p>                    <a href=\"https:\/\/www.nw.de\/_em_daten\/_cache\/image\/1xL3Q0UDloZWhLSThwbnNnRGdROHhSRmp1KzdDY0dObC9ralJieDEvSjdaZDREMWJIUzBYM1lRWXZmZ3VTeUFuSVNJWmxhT2NHZnpualpTcjdsM0toNVJwL1N4TUhKZTY4S2tmWDl3dXRCN289\/260812-2021-921223263.jpg\" class=\"nw-group nw-flex nw-flex-col nw-h-full nw-no-underline nw-text-inherit nw-rounded-2xl nw-overflow-hidden nw-border nw-bg-[color:var(--nw-bg-foto-card)] nw-border-white\/10 nw-shadow-[0_4px_12px_rgba(0,0,0,0.25)] focus-visible:nw-outline-2 focus-visible:nw-outline-offset-2 focus-visible:nw-outline-white\" aria-label=\"Foto 21: Sonnenfinsternis120826 \u2013 Vollansicht \u00f6ffnen\" data-foto-trigger=\"\" data-reel-index=\"20\" data-video-title=\"Sonnenfinsternis120826\" data-foto-src=\"https:\/\/www.nw.de\/_em_daten\/_cache\/image\/1xL3Q0UDloZWhLSThwbnNnRGdROHhSRmp1KzdDY0dObC9ralJieDEvSjdaZDREMWJIUzBYM1lRWXZmZ3VTeUFuSVNJWmxhT2NHZnpualpTcjdsM0toNVJwL1N4TUhKZTY4S2tmWDl3dXRCN289\/260812-2021-921223263.jpg\" data-foto-alt=\"Sonnenfinsternis120826\" data-foto-caption=\"Motive von Dachterrasse der Volkssternwarte Ubbedissen zur partiellen Sonnenfinsternis am Mittwochabend, 12. August 2026, zwischen 19.16 Uhr und 21.01 Uhr.\" data-foto-credit=\"Danne &amp; J\u00fcngling\" data-track=\"matomo\" data-track-category=\"Artikel\" data-track-action=\"click\" data-track-name=\"fotostrecke:foto-1\" rel=\"nofollow noopener\" target=\"_blank\"><\/p>\n<p>                            <img decoding=\"async\" src=\"https:\/\/www.europesays.com\/de\/wp-content\/uploads\/2026\/08\/260812-2021-921223263.jpg\" alt=\"Sonnenfinsternis120826\" width=\"600\" height=\"400\" class=\"nw-absolute nw-inset-0 nw-w-full nw-h-full nw-object-cover nw-transition-transform nw-duration-300 group-hover:nw-scale-105 motion-reduce:nw-transition-none\" loading=\"eager\" fetchpriority=\"high\"\/><\/p>\n<p>                            Motive von Dachterrasse der Volkssternwarte Ubbedissen zur partiellen Sonnenfinsternis am Mittwochabend, 12. August 2026, zwischen 19.16 Uhr und 21.01 Uhr.<br \/>\n                            Danne &amp; J\u00fcngling                        <\/p>\n<p>                    <\/a><\/p>\n<p>                    <a href=\"https:\/\/www.nw.de\/_em_daten\/_cache\/image\/1xL3Q0UDloZWhLSThwbnNnRGdROHhST1dmaHViQzlXRGRYSklqVDMrWWltTlliZHNGZGdYdit3ZnV5YzVGMi8rdEVwaHBzWHN4dzk4aWxvRCtNT0U2YUJEOXNkd3IyRUxURHQxdGFTRld5Z3M9\/260812-2021-921217327.jpg\" class=\"nw-group nw-flex nw-flex-col nw-h-full nw-no-underline nw-text-inherit nw-rounded-2xl nw-overflow-hidden nw-border nw-bg-[color:var(--nw-bg-foto-card)] nw-border-white\/10 nw-shadow-[0_4px_12px_rgba(0,0,0,0.25)] focus-visible:nw-outline-2 focus-visible:nw-outline-offset-2 focus-visible:nw-outline-white\" aria-label=\"Foto 22: Sonnenfinsternis in der Sternwarte Ubbedissen \u2013 Vollansicht \u00f6ffnen\" data-foto-trigger=\"\" data-reel-index=\"21\" data-video-title=\"Sonnenfinsternis in der Sternwarte Ubbedissen\" data-foto-src=\"https:\/\/www.nw.de\/_em_daten\/_cache\/image\/1xL3Q0UDloZWhLSThwbnNnRGdROHhST1dmaHViQzlXRGRYSklqVDMrWWltTlliZHNGZGdYdit3ZnV5YzVGMi8rdEVwaHBzWHN4dzk4aWxvRCtNT0U2YUJEOXNkd3IyRUxURHQxdGFTRld5Z3M9\/260812-2021-921217327.jpg\" data-foto-alt=\"Sonnenfinsternis in der Sternwarte Ubbedissen\" data-foto-caption=\"Sonnenfinsternis in der Sternwarte Ubbedissen\" data-foto-credit=\"Barbara_Franke\" data-track=\"matomo\" data-track-category=\"Artikel\" data-track-action=\"click\" data-track-name=\"fotostrecke:foto-1\" rel=\"nofollow noopener\" target=\"_blank\"><\/p>\n<p>                            <img decoding=\"async\" src=\"https:\/\/www.europesays.com\/de\/wp-content\/uploads\/2026\/08\/260812-2021-921217327.jpg\" alt=\"Sonnenfinsternis in der Sternwarte Ubbedissen\" width=\"600\" height=\"400\" class=\"nw-absolute nw-inset-0 nw-w-full nw-h-full nw-object-cover nw-transition-transform nw-duration-300 group-hover:nw-scale-105 motion-reduce:nw-transition-none\" loading=\"eager\" fetchpriority=\"high\"\/><\/p>\n<p>                            Sonnenfinsternis in der Sternwarte Ubbedissen<br \/>\n                            Barbara_Franke                        <\/p>\n<p>                    <\/a><\/p>\n<p>                    <a href=\"https:\/\/www.nw.de\/_em_daten\/_cache\/image\/1xL3Q0UDloZWhLSThwbnNnRGdROHhSQ0NGdWd4SGk5anJETURCV3hKazh4TFh5UFE2RnZSOVBMSXNPOENOK0tyTGQ5N3I0RkJ4VjZCYVNQUDNaYXhXWk10TjM2aUREOGovck45VThzalJUNFE9\/260812-2021-921223239.jpg\" class=\"nw-group nw-flex nw-flex-col nw-h-full nw-no-underline nw-text-inherit nw-rounded-2xl nw-overflow-hidden nw-border nw-bg-[color:var(--nw-bg-foto-card)] nw-border-white\/10 nw-shadow-[0_4px_12px_rgba(0,0,0,0.25)] focus-visible:nw-outline-2 focus-visible:nw-outline-offset-2 focus-visible:nw-outline-white\" aria-label=\"Foto 23: Sonnenfinsternis120826 \u2013 Vollansicht \u00f6ffnen\" data-foto-trigger=\"\" data-reel-index=\"22\" data-video-title=\"Sonnenfinsternis120826\" data-foto-src=\"https:\/\/www.nw.de\/_em_daten\/_cache\/image\/1xL3Q0UDloZWhLSThwbnNnRGdROHhSQ0NGdWd4SGk5anJETURCV3hKazh4TFh5UFE2RnZSOVBMSXNPOENOK0tyTGQ5N3I0RkJ4VjZCYVNQUDNaYXhXWk10TjM2aUREOGovck45VThzalJUNFE9\/260812-2021-921223239.jpg\" data-foto-alt=\"Sonnenfinsternis120826\" data-foto-caption=\"Motive von Dachterrasse der Volkssternwarte Ubbedissen zur partiellen Sonnenfinsternis am Mittwochabend, 12. August 2026, zwischen 19.16 Uhr und 21.01 Uhr.\" data-foto-credit=\"Danne &amp; J\u00fcngling\" data-track=\"matomo\" data-track-category=\"Artikel\" data-track-action=\"click\" data-track-name=\"fotostrecke:foto-1\" rel=\"nofollow noopener\" target=\"_blank\"><\/p>\n<p>                            <img decoding=\"async\" src=\"https:\/\/www.europesays.com\/de\/wp-content\/uploads\/2026\/08\/260812-2021-921223239.jpg\" alt=\"Sonnenfinsternis120826\" width=\"600\" height=\"400\" class=\"nw-absolute nw-inset-0 nw-w-full nw-h-full nw-object-cover nw-transition-transform nw-duration-300 group-hover:nw-scale-105 motion-reduce:nw-transition-none\" loading=\"eager\" fetchpriority=\"high\"\/><\/p>\n<p>                            Motive von Dachterrasse der Volkssternwarte Ubbedissen zur partiellen Sonnenfinsternis am Mittwochabend, 12. August 2026, zwischen 19.16 Uhr und 21.01 Uhr.<br \/>\n                            Danne &amp; J\u00fcngling                        <\/p>\n<p>                    <\/a><\/p>\n<p>                    <a href=\"https:\/\/www.nw.de\/_em_daten\/_cache\/image\/1xL3Q0UDloZWhLSThwbnNnRGdROHhSTXhsSGtHUTdnT3ppNi9VemRDNld6dVA2SmhPaGhib0hleUVxSDhPYUxFUTBpVWpETVFLeTE4am9TOExCZ1p2N2lpRnBreEpyZzBIQ3psUUFhdTN1NEU9\/260812-2021-921217321.jpg\" class=\"nw-group nw-flex nw-flex-col nw-h-full nw-no-underline nw-text-inherit nw-rounded-2xl nw-overflow-hidden nw-border nw-bg-[color:var(--nw-bg-foto-card)] nw-border-white\/10 nw-shadow-[0_4px_12px_rgba(0,0,0,0.25)] focus-visible:nw-outline-2 focus-visible:nw-outline-offset-2 focus-visible:nw-outline-white\" aria-label=\"Foto 24: Sonnenfinsternis in der Sternwarte Ubbedissen \u2013 Vollansicht \u00f6ffnen\" data-foto-trigger=\"\" data-reel-index=\"23\" data-video-title=\"Sonnenfinsternis in der Sternwarte Ubbedissen\" data-foto-src=\"https:\/\/www.nw.de\/_em_daten\/_cache\/image\/1xL3Q0UDloZWhLSThwbnNnRGdROHhSTXhsSGtHUTdnT3ppNi9VemRDNld6dVA2SmhPaGhib0hleUVxSDhPYUxFUTBpVWpETVFLeTE4am9TOExCZ1p2N2lpRnBreEpyZzBIQ3psUUFhdTN1NEU9\/260812-2021-921217321.jpg\" data-foto-alt=\"Sonnenfinsternis in der Sternwarte Ubbedissen\" data-foto-caption=\"Sonnenfinsternis in der Sternwarte Ubbedissen\" data-foto-credit=\"Barbara_Franke\" data-track=\"matomo\" data-track-category=\"Artikel\" data-track-action=\"click\" data-track-name=\"fotostrecke:foto-1\" rel=\"nofollow noopener\" target=\"_blank\"><\/p>\n<p>                            <img decoding=\"async\" src=\"https:\/\/www.europesays.com\/de\/wp-content\/uploads\/2026\/08\/260812-2021-921217321.jpg\" alt=\"Sonnenfinsternis in der Sternwarte Ubbedissen\" width=\"600\" height=\"400\" class=\"nw-absolute nw-inset-0 nw-w-full nw-h-full nw-object-cover nw-transition-transform nw-duration-300 group-hover:nw-scale-105 motion-reduce:nw-transition-none\" loading=\"eager\" fetchpriority=\"high\"\/><\/p>\n<p>                            Sonnenfinsternis in der Sternwarte Ubbedissen<br \/>\n                            Barbara_Franke                        <\/p>\n<p>                    <\/a><\/p>\n<p>                    <a href=\"https:\/\/www.nw.de\/_em_daten\/_cache\/image\/1xL3Q0UDloZWhLSThwbnNnRGdROHhSQk1qSG9jL0xMTEFWQXNLc2NXeVJMbDMzMFF0ZTVHUWpoMnZYUmJhUTkwNkU0T2hkU05US2pBWG9GOXpZejZzSUEvcUVPckZza203OUpHaG1tOFFaK1E9\/260812-2021-921223227.jpg\" class=\"nw-group nw-flex nw-flex-col nw-h-full nw-no-underline nw-text-inherit nw-rounded-2xl nw-overflow-hidden nw-border nw-bg-[color:var(--nw-bg-foto-card)] nw-border-white\/10 nw-shadow-[0_4px_12px_rgba(0,0,0,0.25)] focus-visible:nw-outline-2 focus-visible:nw-outline-offset-2 focus-visible:nw-outline-white\" aria-label=\"Foto 25: Sonnenfinsternis120826 \u2013 Vollansicht \u00f6ffnen\" data-foto-trigger=\"\" data-reel-index=\"24\" data-video-title=\"Sonnenfinsternis120826\" data-foto-src=\"https:\/\/www.nw.de\/_em_daten\/_cache\/image\/1xL3Q0UDloZWhLSThwbnNnRGdROHhSQk1qSG9jL0xMTEFWQXNLc2NXeVJMbDMzMFF0ZTVHUWpoMnZYUmJhUTkwNkU0T2hkU05US2pBWG9GOXpZejZzSUEvcUVPckZza203OUpHaG1tOFFaK1E9\/260812-2021-921223227.jpg\" data-foto-alt=\"Sonnenfinsternis120826\" data-foto-caption=\"Motive von Dachterrasse der Volkssternwarte Ubbedissen zur partiellen Sonnenfinsternis am Mittwochabend, 12. August 2026, zwischen 19.16 Uhr und 21.01 Uhr.\" data-foto-credit=\"Danne &amp; J\u00fcngling\" data-track=\"matomo\" data-track-category=\"Artikel\" data-track-action=\"click\" data-track-name=\"fotostrecke:foto-1\" rel=\"nofollow noopener\" target=\"_blank\"><\/p>\n<p>                            <img decoding=\"async\" src=\"https:\/\/www.europesays.com\/de\/wp-content\/uploads\/2026\/08\/260812-2021-921223227.jpg\" alt=\"Sonnenfinsternis120826\" width=\"600\" height=\"400\" class=\"nw-absolute nw-inset-0 nw-w-full nw-h-full nw-object-cover nw-transition-transform nw-duration-300 group-hover:nw-scale-105 motion-reduce:nw-transition-none\" loading=\"eager\" fetchpriority=\"high\"\/><\/p>\n<p>                            Motive von Dachterrasse der Volkssternwarte Ubbedissen zur partiellen Sonnenfinsternis am Mittwochabend, 12. August 2026, zwischen 19.16 Uhr und 21.01 Uhr.<br \/>\n                            Danne &amp; J\u00fcngling                        <\/p>\n<p>                    <\/a><\/p>\n<p>                    <a href=\"https:\/\/www.nw.de\/_em_daten\/_cache\/image\/1xL3Q0UDloZWhLSThwbnNnRGdROHhSUHVCalR4Mk9ab0RwZDl4VEhwdkhYbzVxcmhHdGorNXZBSW55SS9zcUllNjlEbWZuZm9ZaFJaRHR3dno0Mk1NSDhwaFNadDNMRXZZU1FPbEZheDRDcWM9\/260812-2021-921223221.jpg\" class=\"nw-group nw-flex nw-flex-col nw-h-full nw-no-underline nw-text-inherit nw-rounded-2xl nw-overflow-hidden nw-border nw-bg-[color:var(--nw-bg-foto-card)] nw-border-white\/10 nw-shadow-[0_4px_12px_rgba(0,0,0,0.25)] focus-visible:nw-outline-2 focus-visible:nw-outline-offset-2 focus-visible:nw-outline-white\" aria-label=\"Foto 26: Sonnenfinsternis120826 \u2013 Vollansicht \u00f6ffnen\" data-foto-trigger=\"\" data-reel-index=\"25\" data-video-title=\"Sonnenfinsternis120826\" data-foto-src=\"https:\/\/www.nw.de\/_em_daten\/_cache\/image\/1xL3Q0UDloZWhLSThwbnNnRGdROHhSUHVCalR4Mk9ab0RwZDl4VEhwdkhYbzVxcmhHdGorNXZBSW55SS9zcUllNjlEbWZuZm9ZaFJaRHR3dno0Mk1NSDhwaFNadDNMRXZZU1FPbEZheDRDcWM9\/260812-2021-921223221.jpg\" data-foto-alt=\"Sonnenfinsternis120826\" data-foto-caption=\"Motive von Dachterrasse der Volkssternwarte Ubbedissen zur partiellen Sonnenfinsternis am Mittwochabend, 12. August 2026, zwischen 19.16 Uhr und 21.01 Uhr.\" data-foto-credit=\"Danne &amp; J\u00fcngling\" data-track=\"matomo\" data-track-category=\"Artikel\" data-track-action=\"click\" data-track-name=\"fotostrecke:foto-1\" rel=\"nofollow noopener\" target=\"_blank\"><\/p>\n<p>                            <img decoding=\"async\" src=\"https:\/\/www.europesays.com\/de\/wp-content\/uploads\/2026\/08\/260812-2021-921223221.jpg\" alt=\"Sonnenfinsternis120826\" width=\"600\" height=\"400\" class=\"nw-absolute nw-inset-0 nw-w-full nw-h-full nw-object-cover nw-transition-transform nw-duration-300 group-hover:nw-scale-105 motion-reduce:nw-transition-none\" loading=\"eager\" fetchpriority=\"high\"\/><\/p>\n<p>                            Motive von Dachterrasse der Volkssternwarte Ubbedissen zur partiellen Sonnenfinsternis am Mittwochabend, 12. August 2026, zwischen 19.16 Uhr und 21.01 Uhr.<br \/>\n                            Danne &amp; J\u00fcngling                        <\/p>\n<p>                    <\/a><\/p>\n<p>                    <a href=\"https:\/\/www.nw.de\/_em_daten\/_cache\/image\/1xL3Q0UDloZWhLSThwbnNnRGdROHhSQk1qSG9jL0xMTEFWQXNLc2NXeVJMbDMzMFF0ZTVHUWpoMnZYUmJhUTkwNkt2SVZyQy9Dc2ppS1IzaUhaSGNYM3hxSklLeDdRZ0hGQ2gwZ0V1MnhPeVE9\/260812-2021-921223215.jpg\" class=\"nw-group nw-flex nw-flex-col nw-h-full nw-no-underline nw-text-inherit nw-rounded-2xl nw-overflow-hidden nw-border nw-bg-[color:var(--nw-bg-foto-card)] nw-border-white\/10 nw-shadow-[0_4px_12px_rgba(0,0,0,0.25)] focus-visible:nw-outline-2 focus-visible:nw-outline-offset-2 focus-visible:nw-outline-white\" aria-label=\"Foto 27: Sonnenfinsternis120826 \u2013 Vollansicht \u00f6ffnen\" data-foto-trigger=\"\" data-reel-index=\"26\" data-video-title=\"Sonnenfinsternis120826\" data-foto-src=\"https:\/\/www.nw.de\/_em_daten\/_cache\/image\/1xL3Q0UDloZWhLSThwbnNnRGdROHhSQk1qSG9jL0xMTEFWQXNLc2NXeVJMbDMzMFF0ZTVHUWpoMnZYUmJhUTkwNkt2SVZyQy9Dc2ppS1IzaUhaSGNYM3hxSklLeDdRZ0hGQ2gwZ0V1MnhPeVE9\/260812-2021-921223215.jpg\" data-foto-alt=\"Sonnenfinsternis120826\" data-foto-caption=\"Motive von Dachterrasse der Volkssternwarte Ubbedissen zur partiellen Sonnenfinsternis am Mittwochabend, 12. August 2026, zwischen 19.16 Uhr und 21.01 Uhr.\" data-foto-credit=\"Danne &amp; J\u00fcngling\" data-track=\"matomo\" data-track-category=\"Artikel\" data-track-action=\"click\" data-track-name=\"fotostrecke:foto-1\" rel=\"nofollow noopener\" target=\"_blank\"><\/p>\n<p>                            <img decoding=\"async\" src=\"https:\/\/www.europesays.com\/de\/wp-content\/uploads\/2026\/08\/260812-2021-921223215.jpg\" alt=\"Sonnenfinsternis120826\" width=\"600\" height=\"400\" class=\"nw-absolute nw-inset-0 nw-w-full nw-h-full nw-object-cover nw-transition-transform nw-duration-300 group-hover:nw-scale-105 motion-reduce:nw-transition-none\" loading=\"eager\" fetchpriority=\"high\"\/><\/p>\n<p>                            Motive von Dachterrasse der Volkssternwarte Ubbedissen zur partiellen Sonnenfinsternis am Mittwochabend, 12. August 2026, zwischen 19.16 Uhr und 21.01 Uhr.<br \/>\n                            Danne &amp; J\u00fcngling                        <\/p>\n<p>                    <\/a><\/p>\n<p>                    <a href=\"https:\/\/www.nw.de\/_em_daten\/_cache\/image\/1xL3Q0UDloZWhLSThwbnNnRGdROHhSTUVlQ2pCWStUVDhGbnp1UEtEZmI4bHY1QXh5cGMrQ212SmxvYmxCaXVqN1l3Z0F2MWdaYmtpL2xacTJBVU5La0h5ZWc5b2hLT3dYQWx2KzZWSWpyZXc9\/260812-2021-921223140.jpg\" class=\"nw-group nw-flex nw-flex-col nw-h-full nw-no-underline nw-text-inherit nw-rounded-2xl nw-overflow-hidden nw-border nw-bg-[color:var(--nw-bg-foto-card)] nw-border-white\/10 nw-shadow-[0_4px_12px_rgba(0,0,0,0.25)] focus-visible:nw-outline-2 focus-visible:nw-outline-offset-2 focus-visible:nw-outline-white\" aria-label=\"Foto 28: Sonnenfinsternis in der Sternwarte Ubbedissen \u2013 Vollansicht \u00f6ffnen\" data-foto-trigger=\"\" data-reel-index=\"27\" data-video-title=\"Sonnenfinsternis in der Sternwarte Ubbedissen\" data-foto-src=\"https:\/\/www.nw.de\/_em_daten\/_cache\/image\/1xL3Q0UDloZWhLSThwbnNnRGdROHhSTUVlQ2pCWStUVDhGbnp1UEtEZmI4bHY1QXh5cGMrQ212SmxvYmxCaXVqN1l3Z0F2MWdaYmtpL2xacTJBVU5La0h5ZWc5b2hLT3dYQWx2KzZWSWpyZXc9\/260812-2021-921223140.jpg\" data-foto-alt=\"Sonnenfinsternis in der Sternwarte Ubbedissen\" data-foto-caption=\"Sonnenfinsternis in der Sternwarte Ubbedissen: Bente Tamara K\u00e4hler und Dr. Peter Buschkamp, die Gr\u00fcnder der Sternwarte Ubbedissen.\" data-foto-credit=\"Barbara_Franke\" data-track=\"matomo\" data-track-category=\"Artikel\" data-track-action=\"click\" data-track-name=\"fotostrecke:foto-1\" rel=\"nofollow noopener\" target=\"_blank\"><\/p>\n<p>                            <img decoding=\"async\" src=\"https:\/\/www.europesays.com\/de\/wp-content\/uploads\/2026\/08\/260812-2021-921223140.jpg\" alt=\"Sonnenfinsternis in der Sternwarte Ubbedissen\" width=\"600\" height=\"400\" class=\"nw-absolute nw-inset-0 nw-w-full nw-h-full nw-object-cover nw-transition-transform nw-duration-300 group-hover:nw-scale-105 motion-reduce:nw-transition-none\" loading=\"eager\" fetchpriority=\"high\"\/><\/p>\n<p>                            Sonnenfinsternis in der Sternwarte Ubbedissen: Bente Tamara K\u00e4hler und Dr. Peter Buschkamp, die Gr\u00fcnder der Sternwarte Ubbedissen.<br \/>\n                            Barbara_Franke                        <\/p>\n<p>                    <\/a><\/p>\n<p>                    <a href=\"https:\/\/www.nw.de\/_em_daten\/_cache\/image\/1xL3Q0UDloZWhLSThwbnNnRGdROHhSTmh0VDFBVlB0UmE0TmEvbVI3dDFJWjQrbWExYmZ5OEozckc5R0Nyd2U0L0ZVeHJVVmRIcWJlejJSUmxKdmVaRnBoMWxiYnNlR0JiRTNlTWR3dG1zU2s9\/260812-2212-921225878.jpg\" class=\"nw-group nw-flex nw-flex-col nw-h-full nw-no-underline nw-text-inherit nw-rounded-2xl nw-overflow-hidden nw-border nw-bg-[color:var(--nw-bg-foto-card)] nw-border-white\/10 nw-shadow-[0_4px_12px_rgba(0,0,0,0.25)] focus-visible:nw-outline-2 focus-visible:nw-outline-offset-2 focus-visible:nw-outline-white\" aria-label=\"Foto 29: Sonnenfinsternis120826 \u2013 Vollansicht \u00f6ffnen\" data-foto-trigger=\"\" data-reel-index=\"28\" data-video-title=\"Sonnenfinsternis120826\" data-foto-src=\"https:\/\/www.nw.de\/_em_daten\/_cache\/image\/1xL3Q0UDloZWhLSThwbnNnRGdROHhSTmh0VDFBVlB0UmE0TmEvbVI3dDFJWjQrbWExYmZ5OEozckc5R0Nyd2U0L0ZVeHJVVmRIcWJlejJSUmxKdmVaRnBoMWxiYnNlR0JiRTNlTWR3dG1zU2s9\/260812-2212-921225878.jpg\" data-foto-alt=\"Sonnenfinsternis120826\" data-foto-caption=\"Franziska Sophie Proskawetz gelangen die Aufnahmen von verschiedenen Stadien der partiellen Sonnenfinsternis mit dem Smarttelescope Seestar 30Pro aus der Sternwarte Ubbedissen - einmal mit Bl\u00e4ttern vor der Sonne.\" data-foto-credit=\"Franziska Sophie Proskawetz\" data-track=\"matomo\" data-track-category=\"Artikel\" data-track-action=\"click\" data-track-name=\"fotostrecke:foto-1\" rel=\"nofollow noopener\" target=\"_blank\"><\/p>\n<p>                            <img decoding=\"async\" src=\"https:\/\/www.europesays.com\/de\/wp-content\/uploads\/2026\/08\/260812-2212-921225878.jpg\" alt=\"Sonnenfinsternis120826\" width=\"600\" height=\"400\" class=\"nw-absolute nw-inset-0 nw-w-full nw-h-full nw-object-cover nw-transition-transform nw-duration-300 group-hover:nw-scale-105 motion-reduce:nw-transition-none\" loading=\"eager\" fetchpriority=\"high\"\/><\/p>\n<p>                            Franziska Sophie Proskawetz gelangen die Aufnahmen von verschiedenen Stadien der partiellen Sonnenfinsternis mit dem Smarttelescope Seestar 30Pro aus der Sternwarte Ubbedissen &#8211; einmal mit Bl\u00e4ttern vor der Sonne.<br \/>\n                            Franziska Sophie Proskawetz                        <\/p>\n<p>                    <\/a><\/p>\n<p>                    <a href=\"https:\/\/www.nw.de\/_em_daten\/_cache\/image\/1xL3Q0UDloZWhLSThwbnNnRGdROHhSS01BMk1qd3NZYXB0a1J4Y3lLOTd4aGZCU3RUdm9GelBJSDlKUndGOE1SQTBlb2RTUlFXZDZ6MWE4bnFsbVRwVmxhM1dFV3B1YlEwUEdCSXpNMG1PTzg9\/260813-0002-921226504.jpg\" class=\"nw-group nw-flex nw-flex-col nw-h-full nw-no-underline nw-text-inherit nw-rounded-2xl nw-overflow-hidden nw-border nw-bg-[color:var(--nw-bg-foto-card)] nw-border-white\/10 nw-shadow-[0_4px_12px_rgba(0,0,0,0.25)] focus-visible:nw-outline-2 focus-visible:nw-outline-offset-2 focus-visible:nw-outline-white\" aria-label=\"Foto 30: Sonnenfinsternis120826 \u2013 Vollansicht \u00f6ffnen\" data-foto-trigger=\"\" data-reel-index=\"29\" data-video-title=\"Sonnenfinsternis120826\" data-foto-src=\"https:\/\/www.nw.de\/_em_daten\/_cache\/image\/1xL3Q0UDloZWhLSThwbnNnRGdROHhSS01BMk1qd3NZYXB0a1J4Y3lLOTd4aGZCU3RUdm9GelBJSDlKUndGOE1SQTBlb2RTUlFXZDZ6MWE4bnFsbVRwVmxhM1dFV3B1YlEwUEdCSXpNMG1PTzg9\/260813-0002-921226504.jpg\" data-foto-alt=\"Sonnenfinsternis120826\" data-foto-caption=\"Besucher der Volkssternwarte Ubbedissen beobachten am Montag, 12. August, die partielle Sonnenfinsternis.\" data-foto-credit=\"Barbara_Franke\" data-track=\"matomo\" data-track-category=\"Artikel\" data-track-action=\"click\" data-track-name=\"fotostrecke:foto-1\" rel=\"nofollow noopener\" target=\"_blank\"><\/p>\n<p>                            <img decoding=\"async\" src=\"https:\/\/www.europesays.com\/de\/wp-content\/uploads\/2026\/08\/260813-0002-921226504.jpg\" alt=\"Sonnenfinsternis120826\" width=\"600\" height=\"400\" class=\"nw-absolute nw-inset-0 nw-w-full nw-h-full nw-object-cover nw-transition-transform nw-duration-300 group-hover:nw-scale-105 motion-reduce:nw-transition-none\" loading=\"eager\" fetchpriority=\"high\"\/><\/p>\n<p>                            Besucher der Volkssternwarte Ubbedissen beobachten am Montag, 12. August, die partielle Sonnenfinsternis.<br \/>\n                            Barbara_Franke                        <\/p>\n<p>                    <\/a><\/p>\n<p>                    <a href=\"https:\/\/www.nw.de\/_em_daten\/_cache\/image\/1xL3Q0UDloZWhLSThwbnNnRGdROHhSRTdiU1lRaTEyczMwd2l5K1Fha1cvOWVjUzJQYXV0TVovOXM3cnlyL3hlMUg5N0QzejVEbnBGRTgrd2VKYjlVdzFzTEtTNVNNNzFJN3lVaUtEZ3E4bHc9\/260813-0003-921226497.jpg\" class=\"nw-group nw-flex nw-flex-col nw-h-full nw-no-underline nw-text-inherit nw-rounded-2xl nw-overflow-hidden nw-border nw-bg-[color:var(--nw-bg-foto-card)] nw-border-white\/10 nw-shadow-[0_4px_12px_rgba(0,0,0,0.25)] focus-visible:nw-outline-2 focus-visible:nw-outline-offset-2 focus-visible:nw-outline-white\" aria-label=\"Foto 31: Sonnenfinsternis120826 \u2013 Vollansicht \u00f6ffnen\" data-foto-trigger=\"\" data-reel-index=\"30\" data-video-title=\"Sonnenfinsternis120826\" data-foto-src=\"https:\/\/www.nw.de\/_em_daten\/_cache\/image\/1xL3Q0UDloZWhLSThwbnNnRGdROHhSRTdiU1lRaTEyczMwd2l5K1Fha1cvOWVjUzJQYXV0TVovOXM3cnlyL3hlMUg5N0QzejVEbnBGRTgrd2VKYjlVdzFzTEtTNVNNNzFJN3lVaUtEZ3E4bHc9\/260813-0003-921226497.jpg\" data-foto-alt=\"Sonnenfinsternis120826\" data-foto-caption=\"Besucher der Volkssternwarte Ubbedissen beobachten am Montag, 12. August, die partielle Sonnenfinsternis.\" data-foto-credit=\"Barbara Franke\" data-track=\"matomo\" data-track-category=\"Artikel\" data-track-action=\"click\" data-track-name=\"fotostrecke:foto-1\" rel=\"nofollow noopener\" target=\"_blank\"><\/p>\n<p>                            <img decoding=\"async\" src=\"https:\/\/www.europesays.com\/de\/wp-content\/uploads\/2026\/08\/260813-0003-921226497.jpg\" alt=\"Sonnenfinsternis120826\" width=\"600\" height=\"400\" class=\"nw-absolute nw-inset-0 nw-w-full nw-h-full nw-object-cover nw-transition-transform nw-duration-300 group-hover:nw-scale-105 motion-reduce:nw-transition-none\" loading=\"eager\" fetchpriority=\"high\"\/><\/p>\n<p>                            Besucher der Volkssternwarte Ubbedissen beobachten am Montag, 12. August, die partielle Sonnenfinsternis.<br \/>\n                            Barbara Franke                        <\/p>\n<p>                    <\/a><\/p>\n<p>                    <a href=\"https:\/\/www.nw.de\/_em_daten\/_cache\/image\/1xL3Q0UDloZWhLSThwbnNnRGdROHhST1Rpb0JoVUlZYnoyWEh6S1RyNVRWRFk4b3dJOFJZUzhJTVN6Q1lkR3VBbFlrcnpUcGJPU0lMeDNzUEJEWCtwMk9nUFZLeTc0Slp2bm9GbHJpY0hNcjA9\/260813-0003-921226490.jpg\" class=\"nw-group nw-flex nw-flex-col nw-h-full nw-no-underline nw-text-inherit nw-rounded-2xl nw-overflow-hidden nw-border nw-bg-[color:var(--nw-bg-foto-card)] nw-border-white\/10 nw-shadow-[0_4px_12px_rgba(0,0,0,0.25)] focus-visible:nw-outline-2 focus-visible:nw-outline-offset-2 focus-visible:nw-outline-white\" aria-label=\"Foto 32: Sonnenfinsternis120826 \u2013 Vollansicht \u00f6ffnen\" data-foto-trigger=\"\" data-reel-index=\"31\" data-video-title=\"Sonnenfinsternis120826\" data-foto-src=\"https:\/\/www.nw.de\/_em_daten\/_cache\/image\/1xL3Q0UDloZWhLSThwbnNnRGdROHhST1Rpb0JoVUlZYnoyWEh6S1RyNVRWRFk4b3dJOFJZUzhJTVN6Q1lkR3VBbFlrcnpUcGJPU0lMeDNzUEJEWCtwMk9nUFZLeTc0Slp2bm9GbHJpY0hNcjA9\/260813-0003-921226490.jpg\" data-foto-alt=\"Sonnenfinsternis120826\" data-foto-caption=\"Besucher der Volkssternwarte Ubbedissen beobachten am Montag, 12. August, die partielle Sonnenfinsternis.\" data-foto-credit=\"Barbara_Franke\" data-track=\"matomo\" data-track-category=\"Artikel\" data-track-action=\"click\" data-track-name=\"fotostrecke:foto-1\" rel=\"nofollow noopener\" target=\"_blank\"><\/p>\n<p>                            <img decoding=\"async\" src=\"https:\/\/www.europesays.com\/de\/wp-content\/uploads\/2026\/08\/260813-0003-921226490.jpg\" alt=\"Sonnenfinsternis120826\" width=\"600\" height=\"400\" class=\"nw-absolute nw-inset-0 nw-w-full nw-h-full nw-object-cover nw-transition-transform nw-duration-300 group-hover:nw-scale-105 motion-reduce:nw-transition-none\" loading=\"eager\" fetchpriority=\"high\"\/><\/p>\n<p>                            Besucher der Volkssternwarte Ubbedissen beobachten am Montag, 12. August, die partielle Sonnenfinsternis.<br \/>\n                            Barbara_Franke                        <\/p>\n<p>                    <\/a><\/p>\n<p>                    <a href=\"https:\/\/www.nw.de\/_em_daten\/_cache\/image\/1xL3Q0UDloZWhLSThwbnNnRGdROHhSS1dZMlNRUVRJRFQvTTdaRW16c0VXbUJ5ejFiTGt0Vjk2M1RPQjJ3OURPcmF6K0oyR0RSLys0V29ka3NtVTcvYUtZbnhoeDZweDNxSkQ0MUhUVDJ1dTA9\/260813-0003-921226484.jpg\" class=\"nw-group nw-flex nw-flex-col nw-h-full nw-no-underline nw-text-inherit nw-rounded-2xl nw-overflow-hidden nw-border nw-bg-[color:var(--nw-bg-foto-card)] nw-border-white\/10 nw-shadow-[0_4px_12px_rgba(0,0,0,0.25)] focus-visible:nw-outline-2 focus-visible:nw-outline-offset-2 focus-visible:nw-outline-white\" aria-label=\"Foto 33: Sonnenfinsternis120826 \u2013 Vollansicht \u00f6ffnen\" data-foto-trigger=\"\" data-reel-index=\"32\" data-video-title=\"Sonnenfinsternis120826\" data-foto-src=\"https:\/\/www.nw.de\/_em_daten\/_cache\/image\/1xL3Q0UDloZWhLSThwbnNnRGdROHhSS1dZMlNRUVRJRFQvTTdaRW16c0VXbUJ5ejFiTGt0Vjk2M1RPQjJ3OURPcmF6K0oyR0RSLys0V29ka3NtVTcvYUtZbnhoeDZweDNxSkQ0MUhUVDJ1dTA9\/260813-0003-921226484.jpg\" data-foto-alt=\"Sonnenfinsternis120826\" data-foto-caption=\"Besucher der Volkssternwarte Ubbedissen beobachten am Montag, 12. August, die partielle Sonnenfinsternis.\" data-foto-credit=\"Barbara_Franke\" data-track=\"matomo\" data-track-category=\"Artikel\" data-track-action=\"click\" data-track-name=\"fotostrecke:foto-1\" rel=\"nofollow noopener\" target=\"_blank\"><\/p>\n<p>                            <img decoding=\"async\" src=\"https:\/\/www.europesays.com\/de\/wp-content\/uploads\/2026\/08\/260813-0003-921226484.jpg\" alt=\"Sonnenfinsternis120826\" width=\"600\" height=\"400\" class=\"nw-absolute nw-inset-0 nw-w-full nw-h-full nw-object-cover nw-transition-transform nw-duration-300 group-hover:nw-scale-105 motion-reduce:nw-transition-none\" loading=\"eager\" fetchpriority=\"high\"\/><\/p>\n<p>                            Besucher der Volkssternwarte Ubbedissen beobachten am Montag, 12. August, die partielle Sonnenfinsternis.<br \/>\n                            Barbara_Franke                        <\/p>\n<p>                    <\/a><\/p>\n<p>                    <a href=\"https:\/\/www.nw.de\/_em_daten\/_cache\/image\/1xL3Q0UDloZWhLSThwbnNnRGdROHhSRzVJVUVueUV6VDE1d0Y5UmlYTFQvOVpKTzN0WWZGcGNWcnNvM0FrUlM5b2lhZGJHdUlrdWFnSFdLb0U1eklSeUNKSU5CUnZZQks1QVZ5OTAwNzdiQjg9\/260813-0003-921226470.jpg\" class=\"nw-group nw-flex nw-flex-col nw-h-full nw-no-underline nw-text-inherit nw-rounded-2xl nw-overflow-hidden nw-border nw-bg-[color:var(--nw-bg-foto-card)] nw-border-white\/10 nw-shadow-[0_4px_12px_rgba(0,0,0,0.25)] focus-visible:nw-outline-2 focus-visible:nw-outline-offset-2 focus-visible:nw-outline-white\" aria-label=\"Foto 34: Sonnenfinsternis120826 \u2013 Vollansicht \u00f6ffnen\" data-foto-trigger=\"\" data-reel-index=\"33\" data-video-title=\"Sonnenfinsternis120826\" data-foto-src=\"https:\/\/www.nw.de\/_em_daten\/_cache\/image\/1xL3Q0UDloZWhLSThwbnNnRGdROHhSRzVJVUVueUV6VDE1d0Y5UmlYTFQvOVpKTzN0WWZGcGNWcnNvM0FrUlM5b2lhZGJHdUlrdWFnSFdLb0U1eklSeUNKSU5CUnZZQks1QVZ5OTAwNzdiQjg9\/260813-0003-921226470.jpg\" data-foto-alt=\"Sonnenfinsternis120826\" data-foto-caption=\"A.-Raju Banik fotografierte die partielle Sonnenfinsternis vom Spielplatz Leharstra\u00dfe\/Heubergerstra\u00dfe aus mit dem Turm der Bartholom\u00e4us-Kirche in Brackwede im Blick.\" data-foto-credit=\"A.-Raju Banik\" data-track=\"matomo\" data-track-category=\"Artikel\" data-track-action=\"click\" data-track-name=\"fotostrecke:foto-1\" rel=\"nofollow noopener\" target=\"_blank\"><\/p>\n<p>                            <img decoding=\"async\" src=\"https:\/\/www.europesays.com\/de\/wp-content\/uploads\/2026\/08\/260813-0003-921226470.jpg\" alt=\"Sonnenfinsternis120826\" width=\"600\" height=\"400\" class=\"nw-absolute nw-inset-0 nw-w-full nw-h-full nw-object-cover nw-transition-transform nw-duration-300 group-hover:nw-scale-105 motion-reduce:nw-transition-none\" loading=\"eager\" fetchpriority=\"high\"\/><\/p>\n<p>                            A.-Raju Banik fotografierte die partielle Sonnenfinsternis vom Spielplatz Leharstra\u00dfe\/Heubergerstra\u00dfe aus mit dem Turm der Bartholom\u00e4us-Kirche in Brackwede im Blick.<br \/>\n                            A.-Raju Banik                        <\/p>\n<p>                    <\/a><\/p>\n<p>                    <a href=\"https:\/\/www.nw.de\/_em_daten\/_cache\/image\/1xL3Q0UDloZWhLSThwbnNnRGdROHhSS1NRdGdnK0ozSE9OaG5pbERzd0tFb2NBY0RnMjBFM2hxS2lJZWZFS2VRTENTWHg5RFZadDFZRUhoNVUveFRLOWx2S21zbmM1bm5ZVmVrQldPWmZYWms9\/260813-0003-921227749.jpg\" class=\"nw-group nw-flex nw-flex-col nw-h-full nw-no-underline nw-text-inherit nw-rounded-2xl nw-overflow-hidden nw-border nw-bg-[color:var(--nw-bg-foto-card)] nw-border-white\/10 nw-shadow-[0_4px_12px_rgba(0,0,0,0.25)] focus-visible:nw-outline-2 focus-visible:nw-outline-offset-2 focus-visible:nw-outline-white\" aria-label=\"Foto 35: Sonnenfinsternis120826 \u2013 Vollansicht \u00f6ffnen\" data-foto-trigger=\"\" data-reel-index=\"34\" data-video-title=\"Sonnenfinsternis120826\" data-foto-src=\"https:\/\/www.nw.de\/_em_daten\/_cache\/image\/1xL3Q0UDloZWhLSThwbnNnRGdROHhSS1NRdGdnK0ozSE9OaG5pbERzd0tFb2NBY0RnMjBFM2hxS2lJZWZFS2VRTENTWHg5RFZadDFZRUhoNVUveFRLOWx2S21zbmM1bm5ZVmVrQldPWmZYWms9\/260813-0003-921227749.jpg\" data-foto-alt=\"Sonnenfinsternis120826\" data-foto-caption=\"Simon Juri Beermann gelang das Motiv inklusive Flare-Lens-Effekt (Ghost) auf einem Strohballenberg in Dornberg: Nur durch die kleine Sichel sieht man, dass die Sonnenfinsternis stattfindet. Sonst w\u00e4re statt der Sichel ein Kreis zu sehen.\" data-foto-credit=\"Simon Juri Beermann\" data-track=\"matomo\" data-track-category=\"Artikel\" data-track-action=\"click\" data-track-name=\"fotostrecke:foto-1\" rel=\"nofollow noopener\" target=\"_blank\"><\/p>\n<p>                            <img decoding=\"async\" src=\"https:\/\/www.europesays.com\/de\/wp-content\/uploads\/2026\/08\/260813-0003-921227749.jpg\" alt=\"Sonnenfinsternis120826\" width=\"600\" height=\"400\" class=\"nw-absolute nw-inset-0 nw-w-full nw-h-full nw-object-cover nw-transition-transform nw-duration-300 group-hover:nw-scale-105 motion-reduce:nw-transition-none\" loading=\"eager\" fetchpriority=\"high\"\/><\/p>\n<p>                            Simon Juri Beermann gelang das Motiv inklusive Flare-Lens-Effekt (Ghost) auf einem Strohballenberg in Dornberg: Nur durch die kleine Sichel sieht man, dass die Sonnenfinsternis stattfindet. Sonst w\u00e4re statt der Sichel ein Kreis zu sehen.<br \/>\n                            Simon Juri Beermann                        <\/p>\n<p>                    <\/a><\/p>\n<p>                    <a href=\"https:\/\/www.nw.de\/_em_daten\/_cache\/image\/1xL3Q0UDloZWhLSThwbnNnRGdROHhSRDBmeHFrQTlIUHZYRWR2L0xCWkxQRzA5aHh4eUZvUE5GRVpGeWd2ZlBpUGtmVk1Lc3JORTY3MWZ4SEwzUXFPcVJSeEZUZ2RPenVHUWZhYWQxM3h4RkU9\/260813-1143-921311840.jpg\" class=\"nw-group nw-flex nw-flex-col nw-h-full nw-no-underline nw-text-inherit nw-rounded-2xl nw-overflow-hidden nw-border nw-bg-[color:var(--nw-bg-foto-card)] nw-border-white\/10 nw-shadow-[0_4px_12px_rgba(0,0,0,0.25)] focus-visible:nw-outline-2 focus-visible:nw-outline-offset-2 focus-visible:nw-outline-white\" aria-label=\"Foto 36: Fotos Sonnenfinsternis von der Feldstr. aus \u2013 Vollansicht \u00f6ffnen\" data-foto-trigger=\"\" data-reel-index=\"35\" data-video-title=\"Fotos Sonnenfinsternis von der Feldstr. aus\" data-foto-src=\"https:\/\/www.nw.de\/_em_daten\/_cache\/image\/1xL3Q0UDloZWhLSThwbnNnRGdROHhSRDBmeHFrQTlIUHZYRWR2L0xCWkxQRzA5aHh4eUZvUE5GRVpGeWd2ZlBpUGtmVk1Lc3JORTY3MWZ4SEwzUXFPcVJSeEZUZ2RPenVHUWZhYWQxM3h4RkU9\/260813-1143-921311840.jpg\" data-foto-alt=\"Fotos Sonnenfinsternis von der Feldstr. aus\" data-foto-caption=\"Fotos Sonnenfinsternis von der Feldstr. aus.\" data-foto-credit=\"Sarah Siepelt\" data-track=\"matomo\" data-track-category=\"Artikel\" data-track-action=\"click\" data-track-name=\"fotostrecke:foto-1\" rel=\"nofollow noopener\" target=\"_blank\"><\/p>\n<p>                            <img decoding=\"async\" src=\"https:\/\/www.europesays.com\/de\/wp-content\/uploads\/2026\/08\/260813-1143-921311840.jpg\" alt=\"Fotos Sonnenfinsternis von der Feldstr. aus\" width=\"600\" height=\"400\" class=\"nw-absolute nw-inset-0 nw-w-full nw-h-full nw-object-cover nw-transition-transform nw-duration-300 group-hover:nw-scale-105 motion-reduce:nw-transition-none\" loading=\"eager\" fetchpriority=\"high\"\/><\/p>\n<p>                            Fotos Sonnenfinsternis von der Feldstr. aus.<br \/>\n                            Sarah Siepelt                        <\/p>\n<p>                    <\/a><\/p>\n<p>                    <a href=\"https:\/\/www.nw.de\/_em_daten\/_cache\/image\/1xL3Q0UDloZWhLSThwbnNnRGdROHhSRDBmeHFrQTlIUHZYRWR2L0xCWkxQRzA5aHh4eUZvUE5GRVpGeWd2ZlBpUEt1L0tuMU1DY3lmY2hTWHNMZ29DUkcrUThhaGE1QmVxdk5NaDg5dm5RTTA9\/260813-1143-921311834.jpg\" class=\"nw-group nw-flex nw-flex-col nw-h-full nw-no-underline nw-text-inherit nw-rounded-2xl nw-overflow-hidden nw-border nw-bg-[color:var(--nw-bg-foto-card)] nw-border-white\/10 nw-shadow-[0_4px_12px_rgba(0,0,0,0.25)] focus-visible:nw-outline-2 focus-visible:nw-outline-offset-2 focus-visible:nw-outline-white\" aria-label=\"Foto 37: Fotos Sonnenfinsternis von der Feldstr. aus \u2013 Vollansicht \u00f6ffnen\" data-foto-trigger=\"\" data-reel-index=\"36\" data-video-title=\"Fotos Sonnenfinsternis von der Feldstr. aus\" data-foto-src=\"https:\/\/www.nw.de\/_em_daten\/_cache\/image\/1xL3Q0UDloZWhLSThwbnNnRGdROHhSRDBmeHFrQTlIUHZYRWR2L0xCWkxQRzA5aHh4eUZvUE5GRVpGeWd2ZlBpUEt1L0tuMU1DY3lmY2hTWHNMZ29DUkcrUThhaGE1QmVxdk5NaDg5dm5RTTA9\/260813-1143-921311834.jpg\" data-foto-alt=\"Fotos Sonnenfinsternis von der Feldstr. aus\" data-foto-caption=\"Fotos Sonnenfinsternis von der Feldstr. aus.\" data-foto-credit=\"Sarah Siepelt\" data-track=\"matomo\" data-track-category=\"Artikel\" data-track-action=\"click\" data-track-name=\"fotostrecke:foto-1\" rel=\"nofollow noopener\" target=\"_blank\"><\/p>\n<p>                            <img decoding=\"async\" src=\"https:\/\/www.europesays.com\/de\/wp-content\/uploads\/2026\/08\/260813-1143-921311834.jpg\" alt=\"Fotos Sonnenfinsternis von der Feldstr. aus\" width=\"600\" height=\"400\" class=\"nw-absolute nw-inset-0 nw-w-full nw-h-full nw-object-cover nw-transition-transform nw-duration-300 group-hover:nw-scale-105 motion-reduce:nw-transition-none\" loading=\"eager\" fetchpriority=\"high\"\/><\/p>\n<p>                            Fotos Sonnenfinsternis von der Feldstr. aus.<br \/>\n                            Sarah Siepelt                        <\/p>\n<p>                    <\/a><\/p>\n<p>                    <a href=\"https:\/\/www.nw.de\/_em_daten\/_cache\/image\/1xL3Q0UDloZWhLSThwbnNnRGdROHhSRjdwaGpORXN1UHJNNHY5cFRMSlB6dFFYQXg2NTQvUDNrUjlDT1JoemhEV3ZRd1BYSXRkY3JiMjA3MHVnTnNFOFExSVlxdXpiaGtTcERNbWMyZXBSMTg9\/260813-1144-921314869.jpg\" class=\"nw-group nw-flex nw-flex-col nw-h-full nw-no-underline nw-text-inherit nw-rounded-2xl nw-overflow-hidden nw-border nw-bg-[color:var(--nw-bg-foto-card)] nw-border-white\/10 nw-shadow-[0_4px_12px_rgba(0,0,0,0.25)] focus-visible:nw-outline-2 focus-visible:nw-outline-offset-2 focus-visible:nw-outline-white\" aria-label=\"Foto 38: peter-upmeier \u2013 Vollansicht \u00f6ffnen\" data-foto-trigger=\"\" data-reel-index=\"37\" data-video-title=\"peter-upmeier\" data-foto-src=\"https:\/\/www.nw.de\/_em_daten\/_cache\/image\/1xL3Q0UDloZWhLSThwbnNnRGdROHhSRjdwaGpORXN1UHJNNHY5cFRMSlB6dFFYQXg2NTQvUDNrUjlDT1JoemhEV3ZRd1BYSXRkY3JiMjA3MHVnTnNFOFExSVlxdXpiaGtTcERNbWMyZXBSMTg9\/260813-1144-921314869.jpg\" data-foto-alt=\"peter-upmeier\" data-foto-caption=\"Geheimnisvolle Sichel von Peter Upmeier.\" data-foto-credit=\"Peter Upmeier\" data-track=\"matomo\" data-track-category=\"Artikel\" data-track-action=\"click\" data-track-name=\"fotostrecke:foto-1\" rel=\"nofollow noopener\" target=\"_blank\"><\/p>\n<p>                            <img decoding=\"async\" src=\"https:\/\/www.europesays.com\/de\/wp-content\/uploads\/2026\/08\/260813-1144-921314869.jpg\" alt=\"peter-upmeier\" width=\"600\" height=\"400\" class=\"nw-absolute nw-inset-0 nw-w-full nw-h-full nw-object-cover nw-transition-transform nw-duration-300 group-hover:nw-scale-105 motion-reduce:nw-transition-none\" loading=\"eager\" fetchpriority=\"high\"\/><\/p>\n<p>                            Geheimnisvolle Sichel von Peter Upmeier.<br \/>\n                            Peter Upmeier                        <\/p>\n<p>                    <\/a><\/p>\n<p>                    <img decoding=\"async\" data-foto-img=\"\" src=\"\" alt=\"\" class=\"foto-lightbox__img nw-block nw-max-w-full nw-object-contain\"\/><\/p>\n","protected":false},"excerpt":{"rendered":"Bielefeld. Viertel nach sechs am Mittwochabend an der Volkssternwarte im Bielefelder Stadtteil Ubbedissen: Die ersten Beobachter und Beobachterinnen&hellip;\n","protected":false},"author":2,"featured_media":1234728,"comment_status":"","ping_status":"","sticky":false,"template":"","format":"standard","meta":{"footnotes":"","_share_on_mastodon":"0"},"categories":[1841],"tags":[256190,1605,23199,3364,29,30,729,9310,254031,198343,736,164252,10127,737,1209,107047,106181,37992,254097,256189],"class_list":["post-1235448","post","type-post","status-publish","format-standard","has-post-thumbnail","category-bielefeld","tag-bente-tamara-kaehler","tag-bielefeld","tag-dachterrasse","tag-de","tag-deutschland","tag-germany","tag-label_s-50","tag-label_social","tag-leserfoto","tag-meta_artikelklasse_aboanker","tag-meta_copyrights_nw","tag-meta_eo_zusammenfassung","tag-meta_themen_natur_klima_umwelt","tag-meta_userneeds_lenkeab","tag-nordrhein-westfalen","tag-sonnenfinsternis","tag-sternwarte","tag-ubbedissen","tag-volkssternwarte","tag-wolfgang-misselwitz"],"share_on_mastodon":{"url":"https:\/\/pubeurope.com\/@de\/117092509511758412","error":""},"_links":{"self":[{"href":"https:\/\/www.europesays.com\/de\/wp-json\/wp\/v2\/posts\/1235448","targetHints":{"allow":["GET"]}}],"collection":[{"href":"https:\/\/www.europesays.com\/de\/wp-json\/wp\/v2\/posts"}],"about":[{"href":"https:\/\/www.europesays.com\/de\/wp-json\/wp\/v2\/types\/post"}],"author":[{"embeddable":true,"href":"https:\/\/www.europesays.com\/de\/wp-json\/wp\/v2\/users\/2"}],"replies":[{"embeddable":true,"href":"https:\/\/www.europesays.com\/de\/wp-json\/wp\/v2\/comments?post=1235448"}],"version-history":[{"count":0,"href":"https:\/\/www.europesays.com\/de\/wp-json\/wp\/v2\/posts\/1235448\/revisions"}],"wp:featuredmedia":[{"embeddable":true,"href":"https:\/\/www.europesays.com\/de\/wp-json\/wp\/v2\/media\/1234728"}],"wp:attachment":[{"href":"https:\/\/www.europesays.com\/de\/wp-json\/wp\/v2\/media?parent=1235448"}],"wp:term":[{"taxonomy":"category","embeddable":true,"href":"https:\/\/www.europesays.com\/de\/wp-json\/wp\/v2\/categories?post=1235448"},{"taxonomy":"post_tag","embeddable":true,"href":"https:\/\/www.europesays.com\/de\/wp-json\/wp\/v2\/tags?post=1235448"}],"curies":[{"name":"wp","href":"https:\/\/api.w.org\/{rel}","templated":true}]}}