{"id":1235490,"date":"2026-08-14T07:09:18","date_gmt":"2026-08-14T07:09:18","guid":{"rendered":"https:\/\/www.europesays.com\/de\/1235490\/"},"modified":"2026-08-14T07:09:18","modified_gmt":"2026-08-14T07:09:18","slug":"fw-dresden-informationen-zum-einsatzgeschehen-von-feuerwehr-und-rettungsdienst-in-der-21","status":"publish","type":"post","link":"https:\/\/www.europesays.com\/de\/1235490\/","title":{"rendered":"FW Dresden: Informationen zum Einsatzgeschehen von Feuerwehr und Rettungsdienst in der &#8230;"},"content":{"rendered":"<p class=\"date\">14.08.2026 \u2013 08:57<\/p>\n<p class=\"customer\">\n                        <a class=\"story-customer\" title=\"weiter zum newsroom von Feuerwehr Dresden\" href=\"https:\/\/www.presseportal.de\/blaulicht\/nr\/154636\" rel=\"nofollow noopener\" target=\"_blank\">Feuerwehr Dresden<\/a>\n                    <\/p>\n<p><a class=\"glightbox event-trigger\" href=\"https:\/\/cache.pressmailing.net\/thumbnail\/story_hires\/b6967f97-bcc9-4031-8617-c0cab7c60a62\/rh26081302rh0002.jpg.jpg\" data-description=\"\u00a9 Roland Halkasch Feuerwehrmann in einer Brandwohnung\" data-category=\"medialightbox\" data-action=\"click\" data-label=\"single\" data-value=\"6a7ebc63270000fd2c98915b\" rel=\"nofollow noopener\" target=\"_blank\"><img decoding=\"async\" height=\"540\" with=\"720\" src=\"https:\/\/www.europesays.com\/de\/wp-content\/uploads\/2026\/08\/1786691358_540_fw-dresden-informationen-zum-einsatzgeschehen-von-feuerwehr-und-rettungsdienst-in-der-landeshauptsta.jpeg\"   alt=\"FW Dresden: Informationen zum Einsatzgeschehen von Feuerwehr und Rettungsdienst in der Landeshauptstadt Dresden vom 13.und 14. August 2026\" class=\"single\"\/><\/a><\/p>\n<p><a data-category=\"citylink-story-view\" data-action=\"click\" data-label=\"Citylink in Meldungsansicht\" class=\"story-city event-trigger\" href=\"https:\/\/www.presseportal.de\/regional\/Dresden\" title=\"News aus Dresden \" rel=\"nofollow noopener\" target=\"_blank\">Dresden<\/a> (ots)<\/p>\n<p>Rettungsdienst<\/p>\n<p>In den vergangenen 24 Stunden wurde der Rettungsdienst der Landeshauptstadt Dresden insgesamt 278-mal alarmiert. In 78 F\u00e4llen war der Einsatz eines Notarztes erforderlich. Dar\u00fcber hinaus wurden 175 qualifizierte Krankentransporte durchgef\u00fchrt. Der Rettungshubschrauber kam sechsmal im Leitstellenbereich zum Einsatz.<\/p>\n<p>Feuerwehr<\/p>\n<p>Die Feuerwehr Dresden verzeichnete im Berichtszeitraum insgesamt 36 Eins\u00e4tze. Neben zw\u00f6lf Brandeins\u00e4tzen und drei Alarmierungen durch automatische Brandmeldeanlagen r\u00fcckten die Einsatzkr\u00e4fte zu 21 Hilfeleistungseins\u00e4tzen aus.<\/p>\n<p>Wohnungsbrand im Wohnhochhaus<\/p>\n<p>Zeit: 13. August 2026, 21:22 bis 02:38 Uhr<\/p>\n<p>Ort: Rosenbergstra\u00dfe, Gruna<\/p>\n<p>Aus bislang ungekl\u00e4rter Ursache kam es in einem Wohnhochhaus im 13. Obergeschoss zu einem Wohnungsbrand. Beim Eintreffen der ersten Einsatzkr\u00e4fte drangen bereits Flammen und Rauch aus den Fenstern der Wohnung.<br \/>\nDie Einsatzkr\u00e4fte gingen unter Atemschutz mit handgef\u00fchrten Strahlrohren zur Brandbek\u00e4mpfung und Menschenrettung in das Brandgeschoss vor. In der Brandwohnung wurde eine m\u00e4nnliche Person mit lebensbedrohlichen Verletzungen aufgefunden. Er wurde durch den Notarzt erstversorgt und anschlie\u00dfend in ein Krankenhaus transportiert.<br \/>\nDer Brand konnte nach etwa 30 Minuten gel\u00f6scht werden. Im Anschluss waren umfangreiche Nachl\u00f6scharbeiten und Kontrollen erforderlich. S\u00e4mtliche Bereiche, die mit Brandrauch in Kontakt gekommen waren, mussten \u00fcberpr\u00fcft werden. Zudem wurde kontrolliert, ob Bewohnerinnen und Bewohner im unmittelbaren Bereich Rauchgase eingeatmet hatten. Dies war nicht der Fall.<br \/>\nAufgrund der umfangreichen Nacharbeiten zog sich der Einsatz bis weit in die Nacht hinein. Die Brandwohnung sowie die darunterliegende Wohnung sind derzeit nicht bewohnbar. Die Einsatzleitung k\u00fcmmerte sich um die Unterbringung einer weiblichen Person. Alle weiteren Bewohnerinnen und Bewohner konnten anschlie\u00dfend in ihre Wohnungen zur\u00fcckkehren.<br \/>\nDie Einsatzstelle wurde zur weiteren Ermittlung der Brandursache an die Kriminalpolizei \u00fcbergeben.<br \/>\nInsgesamt waren rund 70 Einsatzkr\u00e4fte aller Feuer- und Rettungswachen sowie der Rettungswachen Johannstadt, Leuben und Reick, der Stadtteilfeuerwehr Niedersedlitz, des B-Dienstes und des U-Dienstes im Einsatz.<\/p>\n<p>Balkonbrand in Mehrfamilienhaus<\/p>\n<p>Zeit: 14. August 2026, ab 05:46 Uhr<\/p>\n<p>Ort: Radeberger Stra\u00dfe, Radeberger Vorstadt<\/p>\n<p>Zu einem weiteren Brandereignis kam es in den fr\u00fchen Morgenstunden in der Radeberger Vorstadt. Im sechsten Obergeschoss eines Mehrfamilienhauses stand das Mobiliar eines Balkons in Vollbrand. Das Feuer hatte bereits auf den angrenzenden Wohnbereich \u00fcbergegriffen, als die ersten Einsatzkr\u00e4fte an der Einsatzstelle eintrafen.<br \/>\nUnverz\u00fcglich wurde die Brandbek\u00e4mpfung eingeleitet. Insgesamt drei Trupps gingen unter Atemschutz mit Strahlrohren zur Brandbek\u00e4mpfung vor. Dadurch konnte der Brand z\u00fcgig unter Kontrolle gebracht und gel\u00f6scht werden.<br \/>\nBei dem Einsatz verletzte sich ein Feuerwehrmann leicht. Er konnte vor Ort behandelt werden und seinen Dienst anschlie\u00dfend fortsetzen. Alle Bewohnerinnen und Bewohner blieben unverletzt.<br \/>\nAuch bei diesem Einsatz mussten s\u00e4mtliche vom Brandrauch betroffenen Bereiche bel\u00fcftet und kontrolliert werden. Anschlie\u00dfend wurde die Einsatzstelle an die Polizei \u00fcbergeben.<br \/>\n42 Einsatzkr\u00e4fte der Feuer- und Rettungswachen Albertstadt, \u00dcbigau, Striesen und Altstadt die Rettungswache Neustadt, der B-Dienst und der U-Dienst waren bei dem Einsatz t\u00e4tig.<\/p>\n<p class=\"contact-headline\">R\u00fcckfragen bitte an:<\/p>\n<p class=\"contact-text\">Feuerwehr Dresden<br \/>Pressestelle Feuerwehr Dresden<br \/>Pierre Steffen Bedrich<br \/>Telefon: 0351\/8155-297<br \/>Mobil: 0151 &#8211; 58239907<br \/>E-Mail: <a href=\"https:\/\/www.presseportal.de\/blaulicht\/pm\/154636\/mailto:feuerwehrpressestelle@dresden.de\" class=\"uri-mailto\" rel=\"nofollow noopener\" target=\"_blank\">feuerwehrpressestelle@dresden.de<\/a><br \/><a target=\"_blank\" class=\"uri-ext outbound\" rel=\"noopener nofollow\" href=\"https:\/\/www.dresden.de\/feuerwehr\">https:\/\/www.dresden.de\/feuerwehr<\/a><\/p>\n<p class=\"originator\">Original-Content von: Feuerwehr Dresden, \u00fcbermittelt durch news aktuell<\/p>\n","protected":false},"excerpt":{"rendered":"14.08.2026 \u2013 08:57 Feuerwehr Dresden Dresden (ots) Rettungsdienst In den vergangenen 24 Stunden wurde der Rettungsdienst der Landeshauptstadt&hellip;\n","protected":false},"author":2,"featured_media":1235491,"comment_status":"","ping_status":"","sticky":false,"template":"","format":"standard","meta":{"footnotes":"","_share_on_mastodon":"0"},"categories":[1835],"tags":[2919,3364,29,2386,985,30,3908,178,180,179,181,859,14110,1284],"class_list":["post-1235490","post","type-post","status-publish","format-standard","has-post-thumbnail","category-dresden","tag-brand","tag-de","tag-deutschland","tag-dresden","tag-feuerwehr","tag-germany","tag-notfallrettung","tag-presse","tag-pressemeldung","tag-pressemitteilung","tag-pressemitteilungen","tag-sachsen","tag-sn","tag-unfall"],"share_on_mastodon":{"url":"https:\/\/pubeurope.com\/@de\/117092613638448787","error":""},"_links":{"self":[{"href":"https:\/\/www.europesays.com\/de\/wp-json\/wp\/v2\/posts\/1235490","targetHints":{"allow":["GET"]}}],"collection":[{"href":"https:\/\/www.europesays.com\/de\/wp-json\/wp\/v2\/posts"}],"about":[{"href":"https:\/\/www.europesays.com\/de\/wp-json\/wp\/v2\/types\/post"}],"author":[{"embeddable":true,"href":"https:\/\/www.europesays.com\/de\/wp-json\/wp\/v2\/users\/2"}],"replies":[{"embeddable":true,"href":"https:\/\/www.europesays.com\/de\/wp-json\/wp\/v2\/comments?post=1235490"}],"version-history":[{"count":0,"href":"https:\/\/www.europesays.com\/de\/wp-json\/wp\/v2\/posts\/1235490\/revisions"}],"wp:featuredmedia":[{"embeddable":true,"href":"https:\/\/www.europesays.com\/de\/wp-json\/wp\/v2\/media\/1235491"}],"wp:attachment":[{"href":"https:\/\/www.europesays.com\/de\/wp-json\/wp\/v2\/media?parent=1235490"}],"wp:term":[{"taxonomy":"category","embeddable":true,"href":"https:\/\/www.europesays.com\/de\/wp-json\/wp\/v2\/categories?post=1235490"},{"taxonomy":"post_tag","embeddable":true,"href":"https:\/\/www.europesays.com\/de\/wp-json\/wp\/v2\/tags?post=1235490"}],"curies":[{"name":"wp","href":"https:\/\/api.w.org\/{rel}","templated":true}]}}