{"id":1235554,"date":"2026-08-14T07:47:22","date_gmt":"2026-08-14T07:47:22","guid":{"rendered":"https:\/\/www.europesays.com\/de\/1235554\/"},"modified":"2026-08-14T07:47:22","modified_gmt":"2026-08-14T07:47:22","slug":"selena-gomez-millionen-klage-wegen-betrugsvorwuerfen-unterhaltung","status":"publish","type":"post","link":"https:\/\/www.europesays.com\/de\/1235554\/","title":{"rendered":"Selena Gomez: Millionen-Klage wegen Betrugsvorw\u00fcrfen | Unterhaltung"},"content":{"rendered":"<p><a class=\"skip-content skip-content--link\" href=\"#in-content-skip-link-target-v-0-0\">TTS-Player \u00fcberspringen\u21b5<\/a><a id=\"in-content-skip-link-target-v-0-0\" class=\"skip-content--target-link-hidden skip-content skip-content--target-link\" href=\"#in-content-skip-link-target-v-0-0\">Artikel weiterlesen<\/a><\/p>\n<p data-32581ace=\"0-2338\">Los Angeles (USA) \u2013 <b>Sie steht vor der Kamera, singt ins Mikrofon und macht l\u00e4ngst auch am Schreibtisch Karriere: Selena Gomez (34) ist erfolgreiche Unternehmerin. Doch so glatt, wie ihre Karriere im Film- und Musikgesch\u00e4ft, l\u00e4uft es bei einem ihrer Unternehmen gerade nicht. Ihr Start-up Wondermind, das sich der \u201ementalen Fitness\u201c und psychischen Gesundheit widmet, steckt in ernsthaften Schwierigkeiten. Gomez wird verklagt! Laut US-Medien werfen Investoren ihr in einer Klage Betrug vor.<\/b><\/p>\n<p data-32581ace=\"0-2338\">Wondermind wurde 2021 gegr\u00fcndet, neben <a href=\"https:\/\/www.bild.de\/themen\/personen\/selena-gomez\/nachrichten-news-fotos-videos-19287324.bild.html\" class=\"text-link\" rel=\"nofollow noopener\" target=\"_blank\">Selena Gomez<\/a> auch von ihrer Mutter Mandy Teefey (50) und der Unternehmerin Daniella Pierson (31). Jetzt erheben Investoren schwere Vorw\u00fcrfe gegen das Trio. Laut <a href=\"https:\/\/www.forbes.com\/sites\/conormurray\/2026\/08\/13\/selena-gomez-and-wondermind-startup-sued-for-allegedly-defrauding-investors\/\" target=\"_blank\" rel=\"nofollow noopener\" class=\"text-link\">\u201eForbes\u201c<\/a> sollen sie sogenannten \u201eSecurities Fraud\u201c begangen haben, also Anleger mit irref\u00fchrenden oder falschen Versprechen zum Investieren verleitet haben.<\/p>\n<p><img decoding=\"async\" width=\"992\" height=\"807\" alt=\"Selena Gomez und ihre Mama Mandy Teefey (50) bei der Premiere der Netflix-Serie \u201e13 Reasons Why\u201c 2017 in Los Angeles\" loading=\"lazy\" src=\"https:\/\/www.europesays.com\/de\/wp-content\/uploads\/2026\/08\/216b450352ad5104768d46d980fb393f,fa187928.jpeg\"   class=\"dynamic\"\/><\/p>\n<p class=\"fig__caption__text\">Selena Gomez und ihre Mama Mandy Teefey (50) bei der Premiere der Netflix-Serie \u201e13 Reasons Why\u201c 2017 in Los Angeles<\/p>\n<p>Foto: Getty Images<\/p>\n<p>Investoren f\u00fchlen sich get\u00e4uscht<\/p>\n<p data-32581ace=\"0-2338\">Die beiden Gesellschaften Wondermind SRS 44 und Bespoke Wondermind SPV sollen rund 1,2 Millionen Dollar in Wondermind gesteckt haben. Jetzt ziehen sie vor Gericht. Ihr Vorwurf: Sie seien mit falschen Versprechungen dazu gebracht worden, in das Start-up zu investieren. Wondermind habe ihnen demnach eine funktionierende Firmenstruktur, wichtige Partnerschaften und Werbevertr\u00e4ge versprochen. Laut Klage stimmte davon jedoch einiges nicht.<\/p>\n<p>Mehr zum Thema<\/p>\n<p data-32581ace=\"0-2338\">\u201eForbes\u201c zitiert aus der Klage: \u201eDie Partnerschaften existierten nicht. Die Initiativen wurden nie umgesetzt. Die App wurde nie entwickelt.\u201c Und noch schwerer wiegt der n\u00e4chste Vorwurf: Drei Jahre lang habe keiner der Gr\u00fcnder, F\u00fchrungskr\u00e4fte oder Direktoren die Investoren \u00fcber die Probleme informiert. Das Geld der Anleger habe w\u00e4hrenddessen den Zusammenbruch des Unternehmens mitfinanziert, hei\u00dft es in der Klage.<\/p>\n<p><img decoding=\"async\" width=\"992\" height=\"1442\" alt=\"Selenas Beauty-Marke Rare Beauty soll inzwischen rund 1,3 Milliarden Dollar wert sein. Sie soll mindestens 51 Prozent des Unternehmens besitzen. Ihr Anteil w\u00e4re damit rechnerisch mehr als 660 Millionen Dollar wert\" loading=\"lazy\" src=\"https:\/\/www.europesays.com\/de\/wp-content\/uploads\/2026\/08\/cd75ae30ce665e1516db0d48c29d5a85,32bf57eb.jpeg\"   class=\"dynamic\"\/><\/p>\n<p class=\"fig__caption__text\">Selenas Beauty-Marke Rare Beauty soll inzwischen rund 1,3 Milliarden Dollar wert sein. Sie soll mindestens 51 Prozent des Unternehmens besitzen. Ihr Anteil w\u00e4re damit rechnerisch mehr als 660 Millionen Dollar wert<\/p>\n<p>Foto: Getty Images for Rare Beauty<\/p>\n<p>Auch Selenas Rolle im Start-up sorgt f\u00fcr \u00c4rger<\/p>\n<p data-32581ace=\"0-2338\">Doch damit nicht genug: Den Kl\u00e4gern zufolge sollen auch die Qualifikationen der Mitgr\u00fcnderinnen gesch\u00f6nt worden sein. So sei Piersons unternehmerische Erfahrung gegen\u00fcber Investoren gr\u00f6\u00dfer dargestellt worden, als sie tats\u00e4chlich gewesen sei. Auch Selena Gomez\u2019 Mutter Mandy Teefey soll demnach als besser f\u00fcr eine F\u00fchrungsrolle geeignet pr\u00e4sentiert worden sein, als es die tats\u00e4chlichen Umst\u00e4nde hergaben. Zudem habe das Unternehmen den Eindruck vermittelt, Gomez werde sich deutlich st\u00e4rker einbringen, als sp\u00e4ter offenbar der Fall war.<\/p>\n","protected":false},"excerpt":{"rendered":"TTS-Player \u00fcberspringen\u21b5Artikel weiterlesen Los Angeles (USA) \u2013 Sie steht vor der Kamera, singt ins Mikrofon und macht l\u00e4ngst&hellip;\n","protected":false},"author":2,"featured_media":1235555,"comment_status":"","ping_status":"","sticky":false,"template":"","format":"standard","meta":{"footnotes":"","_share_on_mastodon":"0"},"categories":[155],"tags":[28219,29,214,2931,30,47833,8321,2268,428,138370,215],"class_list":["post-1235554","post","type-post","status-publish","format-standard","has-post-thumbnail","category-unterhaltung","tag-branchen","tag-deutschland","tag-entertainment","tag-forbes-magazine","tag-germany","tag-gomez-selena","tag-liebe","tag-milliardaer","tag-start-up","tag-team-first","tag-unterhaltung"],"share_on_mastodon":{"url":"https:\/\/pubeurope.com\/@de\/117092763781714416","error":""},"_links":{"self":[{"href":"https:\/\/www.europesays.com\/de\/wp-json\/wp\/v2\/posts\/1235554","targetHints":{"allow":["GET"]}}],"collection":[{"href":"https:\/\/www.europesays.com\/de\/wp-json\/wp\/v2\/posts"}],"about":[{"href":"https:\/\/www.europesays.com\/de\/wp-json\/wp\/v2\/types\/post"}],"author":[{"embeddable":true,"href":"https:\/\/www.europesays.com\/de\/wp-json\/wp\/v2\/users\/2"}],"replies":[{"embeddable":true,"href":"https:\/\/www.europesays.com\/de\/wp-json\/wp\/v2\/comments?post=1235554"}],"version-history":[{"count":0,"href":"https:\/\/www.europesays.com\/de\/wp-json\/wp\/v2\/posts\/1235554\/revisions"}],"wp:featuredmedia":[{"embeddable":true,"href":"https:\/\/www.europesays.com\/de\/wp-json\/wp\/v2\/media\/1235555"}],"wp:attachment":[{"href":"https:\/\/www.europesays.com\/de\/wp-json\/wp\/v2\/media?parent=1235554"}],"wp:term":[{"taxonomy":"category","embeddable":true,"href":"https:\/\/www.europesays.com\/de\/wp-json\/wp\/v2\/categories?post=1235554"},{"taxonomy":"post_tag","embeddable":true,"href":"https:\/\/www.europesays.com\/de\/wp-json\/wp\/v2\/tags?post=1235554"}],"curies":[{"name":"wp","href":"https:\/\/api.w.org\/{rel}","templated":true}]}}