{"id":1235611,"date":"2026-08-14T08:24:17","date_gmt":"2026-08-14T08:24:17","guid":{"rendered":"https:\/\/www.europesays.com\/de\/1235611\/"},"modified":"2026-08-14T08:24:17","modified_gmt":"2026-08-14T08:24:17","slug":"deutschland-ist-groesster-chatgpt-markt-in-europa-ki-gigant-openai-plant-neues-buero-in-berlin","status":"publish","type":"post","link":"https:\/\/www.europesays.com\/de\/1235611\/","title":{"rendered":"Deutschland ist gr\u00f6\u00dfter ChatGPT-Markt in Europa: KI-Gigant OpenAI plant neues B\u00fcro in Berlin"},"content":{"rendered":"<p class=\"tspBKln tspBKlo\">Der US-amerikanische KI-Gigant OpenAI baut seine Pr\u00e4senz in Deutschland aus. Wie Firmenchef Sam Altman in einem Interview mit dem \u201eHandelsblatt\u201c ank\u00fcndigte, plant der Entwickler des Chatbots ChatGPT die Er\u00f6ffnung eines zweiten deutschen Standorts in Berlin. Bislang ist OpenAI in Deutschland nur mit einem B\u00fcro in M\u00fcnchen vertreten. Zudem sprach sich Altman f\u00fcr den Bau eigener Rechenzentren in der Bundesrepublik aus, um die wachsende Nachfrage nach KI-Infrastruktur abzusichern.<\/p>\n<p> Deutschland unter den weltweit wichtigsten M\u00e4rkten <\/p>\n<p class=\"tspBKln\">F\u00fcr OpenAI geh\u00f6rt der deutsche Markt zu den dynamischsten weltweit. Gemessen an den zahlenden Abonnenten ist Deutschland nach Unternehmensangaben der gr\u00f6\u00dfte ChatGPT-Markt in Europa und rangiert weltweit unter den Top 3.<\/p>\n<p class=\"tspBKln\">\u201eDeutschland ist seit jeher einer unserer gr\u00f6\u00dften und am schnellsten wachsenden M\u00e4rkte\u201c, sagte Altman. Die deutsche Wirtschaft setze stark auf K\u00fcnstliche Intelligenz und sei ein zentraler Partner. Als Beispiel nannte Altman die Zusammenarbeit mit der Deutschen Telekom. Der genaue Er\u00f6ffnungstermin f\u00fcr das neue Berliner B\u00fcro stehe bislang nicht fest, solle aber \u201eziemlich bald\u201c erfolgen.<\/p>\n<p> Diskussionen \u00fcber Rechenzentren in Deutschland <\/p>\n<p class=\"tspBKln\">Neben dem Ausbau der B\u00fcrostandorte pr\u00fcft das Unternehmen M\u00f6glichkeiten f\u00fcr den Aufbau lokaler Infrastruktur. Hintergrund ist der rasant steigende Bedarf an Rechenleistung, der f\u00fcr das Ausf\u00fchren und Trainieren moderner KI-Modelle n\u00f6tig ist.<\/p>\n<p class=\"tspBKln\">Altman hatte nach eigenen Angaben in Berlin bereits Gespr\u00e4che mit Regierungsvertretern \u00fcber ein potenzielles Rechenzentrum in Deutschland gef\u00fchrt, die jedoch zun\u00e4chst ohne konkretes Ergebnis blieben. \u201eLetztendlich muss jedes Land die Frage beantworten, ob es Rechenzentren innerhalb der eigenen Grenzen errichten oder Zug\u00e4nge in anderen L\u00e4ndern mieten will\u201c, sagte Altman.<\/p>\n<p class=\"tspBKln\">Er pers\u00f6nlich hoffe weiterhin, dass Deutschland den Bau eigener Rechenzentren vorantreibe und die notwendigen Rahmenbedingungen und Ressourcen bereitstelle. Unabh\u00e4ngig davon profitiere der Wirtschaftsstandort bereits jetzt von der tiefen Integration moderner KI-Anwendungen.<\/p>\n<p> Datenschutz-Zusagen f\u00fcr Unternehmen <\/p>\n<p class=\"tspBKln\">Mit Blick auf Bedenken aus der Wirtschaft vor dem Abfluss vertraulicher Betriebsdaten und Know-hows betonte Altman das Engagement seines Unternehmens f\u00fcr den Schutz von Gesch\u00e4ftsdaten. Er wies den Verdacht zur\u00fcck, OpenAI nutze Unternehmenseingaben, um k\u00fcnftige KI-Modelle weiterzutrainieren.<\/p>\n<p>Mehr zum Thema<a href=\"https:\/\/www.tagesspiegel.de\/wirtschaft\/karriere\/plotzlich-haben-fragen-uber-das-denken-wahrheit-und-luge-eine-andere-relevanz-warum-ki-unternehmen-jetzt-philosophen-einstellen-15933910.html?icid=topic-list_15942323___\" data-gtm-class=\"article-mzt-link\" data-hydrate-fingerprint=\"09740a54944caac75fd2c0c63fd5c5df\" data-hydrate-props=\"{&amp;escapedquot;element&amp;escapedquot;:{&amp;escapedquot;type&amp;escapedquot;:&amp;escapedquot;relatedContent&amp;escapedquot;,&amp;escapedquot;fieldMap&amp;escapedquot;:{},&amp;escapedquot;relation&amp;escapedquot;:{&amp;escapedquot;fields&amp;escapedquot;:{&amp;escapedquot;isPaid&amp;escapedquot;:true},&amp;escapedquot;href&amp;escapedquot;:&amp;escapedquot;\/wirtschaft\/karriere\/plotzlich-haben-fragen-uber-das-denken-wahrheit-und-luge-eine-andere-relevanz-warum-ki-unternehmen-jetzt-philosophen-einstellen-15933910.html&amp;escapedquot;,&amp;escapedquot;teaserTitle&amp;escapedquot;:{&amp;escapedquot;kicker&amp;escapedquot;:&amp;escapedquot;\u201ePl\u00f6tzlich haben Fragen \u00fcber das Denken, Wahrheit und L\u00fcge eine andere Relevanz\u201c&amp;escapedquot;,&amp;escapedquot;headline&amp;escapedquot;:&amp;escapedquot;Warum KI-Unternehmen jetzt Philosophen einstellen&amp;escapedquot;},&amp;escapedquot;id&amp;escapedquot;:&amp;escapedquot;15933910&amp;escapedquot;,&amp;escapedquot;type&amp;escapedquot;:&amp;escapedquot;story&amp;escapedquot;},&amp;escapedquot;isPartOfList&amp;escapedquot;:true,&amp;escapedquot;topicListType&amp;escapedquot;:&amp;escapedquot;topic-list&amp;escapedquot;},&amp;escapedquot;showArrow&amp;escapedquot;:true}\" data-hydrate-slots=\"{&#039;default&#039;:[]}\" class=\"tspDEr8 tspDDr6\" rel=\"nofollow noopener\" target=\"_blank\">\u201ePl\u00f6tzlich haben Fragen \u00fcber das Denken, Wahrheit und L\u00fcge eine andere Relevanz\u201c Warum KI-Unternehmen jetzt Philosophen einstellen <\/a><a href=\"https:\/\/www.tagesspiegel.de\/berlin\/der-ki-nostradamus-aus-berlin-ki-aktienflaute-zwang-hedge-fonds-wunderkind-zu-eilverkauf-15904521.html?icid=topic-list_15942323___\" data-gtm-class=\"article-mzt-link\" data-hydrate-fingerprint=\"09740a54944caac75fd2c0c63fd5c5df\" data-hydrate-props=\"{&amp;escapedquot;element&amp;escapedquot;:{&amp;escapedquot;type&amp;escapedquot;:&amp;escapedquot;relatedContent&amp;escapedquot;,&amp;escapedquot;fieldMap&amp;escapedquot;:{},&amp;escapedquot;relation&amp;escapedquot;:{&amp;escapedquot;fields&amp;escapedquot;:{&amp;escapedquot;isPaid&amp;escapedquot;:null},&amp;escapedquot;href&amp;escapedquot;:&amp;escapedquot;\/berlin\/der-ki-nostradamus-aus-berlin-ki-aktienflaute-zwang-hedge-fonds-wunderkind-zu-eilverkauf-15904521.html&amp;escapedquot;,&amp;escapedquot;teaserTitle&amp;escapedquot;:{&amp;escapedquot;kicker&amp;escapedquot;:&amp;escapedquot;Der \u201eKI-Nostradamus\u201c aus Berlin&amp;escapedquot;,&amp;escapedquot;headline&amp;escapedquot;:&amp;escapedquot;KI-Aktienflaute zwang Hedge-Fonds-\u201eWunderkind\u201c zu Eilverkauf&amp;escapedquot;},&amp;escapedquot;id&amp;escapedquot;:&amp;escapedquot;15904521&amp;escapedquot;,&amp;escapedquot;type&amp;escapedquot;:&amp;escapedquot;story&amp;escapedquot;},&amp;escapedquot;isPartOfList&amp;escapedquot;:true,&amp;escapedquot;topicListType&amp;escapedquot;:&amp;escapedquot;topic-list&amp;escapedquot;},&amp;escapedquot;showArrow&amp;escapedquot;:true}\" data-hydrate-slots=\"{&#039;default&#039;:[]}\" class=\"tspDEr8 tspDDr6\" rel=\"nofollow noopener\" target=\"_blank\">Der \u201eKI-Nostradamus\u201c aus Berlin KI-Aktienflaute zwang Hedge-Fonds-\u201eWunderkind\u201c zu Eilverkauf <\/a><a href=\"https:\/\/www.tagesspiegel.de\/berlin\/das-gesicht-wird-nicht-erkennbar-sein-testlauf-fur-videouberwachung-mit-ki-am-kottbusser-tor-startet-15908372.html?icid=topic-list_15942323___\" data-gtm-class=\"article-mzt-link\" data-hydrate-fingerprint=\"09740a54944caac75fd2c0c63fd5c5df\" data-hydrate-props=\"{&amp;escapedquot;element&amp;escapedquot;:{&amp;escapedquot;type&amp;escapedquot;:&amp;escapedquot;relatedContent&amp;escapedquot;,&amp;escapedquot;fieldMap&amp;escapedquot;:{},&amp;escapedquot;relation&amp;escapedquot;:{&amp;escapedquot;fields&amp;escapedquot;:{&amp;escapedquot;isPaid&amp;escapedquot;:null},&amp;escapedquot;href&amp;escapedquot;:&amp;escapedquot;\/berlin\/das-gesicht-wird-nicht-erkennbar-sein-testlauf-fur-videouberwachung-mit-ki-am-kottbusser-tor-startet-15908372.html&amp;escapedquot;,&amp;escapedquot;teaserTitle&amp;escapedquot;:{&amp;escapedquot;kicker&amp;escapedquot;:&amp;escapedquot;\u201eDas Gesicht wird nicht erkennbar sein\u201c&amp;escapedquot;,&amp;escapedquot;headline&amp;escapedquot;:&amp;escapedquot;Testlauf f\u00fcr Video\u00fcberwachung mit KI am Kottbusser Tor startet&amp;escapedquot;},&amp;escapedquot;id&amp;escapedquot;:&amp;escapedquot;15908372&amp;escapedquot;,&amp;escapedquot;type&amp;escapedquot;:&amp;escapedquot;story&amp;escapedquot;},&amp;escapedquot;isPartOfList&amp;escapedquot;:true,&amp;escapedquot;topicListType&amp;escapedquot;:&amp;escapedquot;topic-list&amp;escapedquot;},&amp;escapedquot;showArrow&amp;escapedquot;:true}\" data-hydrate-slots=\"{&#039;default&#039;:[]}\" class=\"tspDEr8 tspDDr6\" rel=\"nofollow noopener\" target=\"_blank\">\u201eDas Gesicht wird nicht erkennbar sein\u201c Testlauf f\u00fcr Video\u00fcberwachung mit KI am Kottbusser Tor startet <\/a><\/p>\n<p class=\"tspBKln\">Gesch\u00e4ftskunden biete OpenAI eine verbindliche Null-Daten-Speicherung an, bei der \u00fcbertragene Daten nicht f\u00fcr sp\u00e4tere Auswertungen gesichert werden. \u201eIch glaube fest an den Datenschutz f\u00fcr Unternehmenskunden\u201c, unterstrich der OpenAI-Chef. Ziel sei es, als Plattformanbieter die gesamte Wirtschaft zu unterst\u00fctzen, anstatt mit den eigenen Kunden in Wettbewerb zu treten. (dpa)<\/p>\n","protected":false},"excerpt":{"rendered":"Der US-amerikanische KI-Gigant OpenAI baut seine Pr\u00e4senz in Deutschland aus. Wie Firmenchef Sam Altman in einem Interview mit&hellip;\n","protected":false},"author":2,"featured_media":1235612,"comment_status":"","ping_status":"","sticky":false,"template":"","format":"standard","meta":{"footnotes":"","_share_on_mastodon":"0"},"categories":[3933],"tags":[331,332,675,548,663,158,3934,3935,13,7134,14,15,12],"class_list":["post-1235611","post","type-post","status-publish","format-standard","has-post-thumbnail","category-eu","tag-aktuelle-nachrichten","tag-aktuelle-news","tag-chatgpt","tag-eu","tag-europa","tag-europaeische-union","tag-europe","tag-european-union","tag-headlines","tag-mieten","tag-nachrichten","tag-news","tag-schlagzeilen"],"share_on_mastodon":{"url":"https:\/\/pubeurope.com\/@de\/117092906941196258","error":""},"_links":{"self":[{"href":"https:\/\/www.europesays.com\/de\/wp-json\/wp\/v2\/posts\/1235611","targetHints":{"allow":["GET"]}}],"collection":[{"href":"https:\/\/www.europesays.com\/de\/wp-json\/wp\/v2\/posts"}],"about":[{"href":"https:\/\/www.europesays.com\/de\/wp-json\/wp\/v2\/types\/post"}],"author":[{"embeddable":true,"href":"https:\/\/www.europesays.com\/de\/wp-json\/wp\/v2\/users\/2"}],"replies":[{"embeddable":true,"href":"https:\/\/www.europesays.com\/de\/wp-json\/wp\/v2\/comments?post=1235611"}],"version-history":[{"count":0,"href":"https:\/\/www.europesays.com\/de\/wp-json\/wp\/v2\/posts\/1235611\/revisions"}],"wp:featuredmedia":[{"embeddable":true,"href":"https:\/\/www.europesays.com\/de\/wp-json\/wp\/v2\/media\/1235612"}],"wp:attachment":[{"href":"https:\/\/www.europesays.com\/de\/wp-json\/wp\/v2\/media?parent=1235611"}],"wp:term":[{"taxonomy":"category","embeddable":true,"href":"https:\/\/www.europesays.com\/de\/wp-json\/wp\/v2\/categories?post=1235611"},{"taxonomy":"post_tag","embeddable":true,"href":"https:\/\/www.europesays.com\/de\/wp-json\/wp\/v2\/tags?post=1235611"}],"curies":[{"name":"wp","href":"https:\/\/api.w.org\/{rel}","templated":true}]}}