{"id":1235721,"date":"2026-08-14T09:35:24","date_gmt":"2026-08-14T09:35:24","guid":{"rendered":"https:\/\/www.europesays.com\/de\/1235721\/"},"modified":"2026-08-14T09:35:24","modified_gmt":"2026-08-14T09:35:24","slug":"lka-rp-vernachlaessigung-von-tieren-ist-kein-bagatelldelikt","status":"publish","type":"post","link":"https:\/\/www.europesays.com\/de\/1235721\/","title":{"rendered":"LKA-RP: Vernachl\u00e4ssigung von Tieren ist kein Bagatelldelikt"},"content":{"rendered":"<p>Immer wieder werden schwer kranke Tiere ausgesetzt und ihrem Schicksal \u00fcberlassen.<\/p>\n<p><strong>Mainz (ots). <\/strong>Die allermeisten Tierhalterinnen und Tierhalter k\u00fcmmern sich verantwortungsvoll und gewissenhaft um ihre Tiere. Dennoch kommt es immer wieder zu F\u00e4llen, in denen Tiere nicht artgerecht gehalten, medizinisch nicht ausreichend versorgt oder sogar in Wohnungen, H\u00e4usern oder St\u00e4llen zur\u00fcckgelassen werden.<\/p>\n<p>Tierqu\u00e4lerei geschieht dabei nicht nur durch aktives Handeln. Auch das Unterlassen notwendiger F\u00fcrsorge kann f\u00fcr Tiere erhebliche Schmerzen und Leiden bedeuten &#8211; etwa wenn sie nicht ausreichend gef\u00fcttert oder bei Erkrankungen nicht tiermedizinisch versorgt werden. Immer wieder werden zudem schwer kranke Tiere ausgesetzt und ihrem Schicksal \u00fcberlassen.<\/p>\n<p>Tierhalter sowie Personen, die Tiere betreuen, sind gesetzlich verpflichtet, f\u00fcr deren Wohl zu sorgen. Nach \u00a7 17 des Tierschutzgesetzes kann mit einer Freiheitsstrafe von bis zu drei Jahren oder mit Geldstrafe bestraft werden, wer einem Tier l\u00e4nger anhaltende oder sich wiederholende erhebliche Schmerzen oder Leiden zuf\u00fcgt. Bei Verst\u00f6\u00dfen, die als Ordnungswidrigkeit verfolgt werden, k\u00f6nnen zudem Bu\u00dfgelder von bis zu 25.000 Euro verh\u00e4ngt werden. Dar\u00fcber hinaus k\u00f6nnen Haltungs- und Betreuungsverbote ausgesprochen werden.<\/p>\n<p>Wer \u00fcber die Anschaffung eines Tieres nachdenkt, sollte sich vorab intensiv mit dessen Bed\u00fcrfnissen und den Anforderungen an eine artgerechte Haltung auseinandersetzen. Dazu geh\u00f6rt auch die ehrliche Frage, ob diese Bed\u00fcrfnisse dauerhaft erf\u00fcllt werden k\u00f6nnen.<\/p>\n<p>Dabei sollten nicht nur der t\u00e4gliche Zeit- und Pflegeaufwand ber\u00fccksichtigt werden. Auch Erkrankungen k\u00f6nnen eine intensivere Betreuung und mitunter erhebliche Tierarztkosten mit sich bringen. Tiere k\u00f6nnen sich in solchen Situationen nicht selbst helfen. Sie sind auf die F\u00fcrsorge, Aufmerksamkeit und verantwortungsvolle Pflege des Menschen angewiesen.<\/p>\n<p>Wenn Sie Vernachl\u00e4ssigung oder andere Formen von Tierqu\u00e4lerei beobachten, wenden Sie sich bitte an das zust\u00e4ndige Veterin\u00e4ramt. In akuten Notf\u00e4llen verst\u00e4ndigen Sie direkt die Polizei.<\/p>\n<p>Weitere Informationen zum Thema finden Sie im Serviceportal Rheinland-Pfalz unter dem Stichwort &#8222;Tierqu\u00e4lerei&#8220;: <a href=\"https:\/\/service.rlp.de\/detail?areaId=&amp;pstId=198490217&amp;ouId=&amp;infotype=0\" target=\"_blank\" class=\"uri-ext outbound\" rel=\"noreferrer noopener nofollow\">https:\/\/service.rlp.de\/detail?areaId=&amp;pstId=198490217&amp;ouId=&amp;infotype=0<\/a><\/p>\n<p>Text: Landeskriminalamt Rheinland-Pfalz<\/p>\n","protected":false},"excerpt":{"rendered":"Immer wieder werden schwer kranke Tiere ausgesetzt und ihrem Schicksal \u00fcberlassen. Mainz (ots). Die allermeisten Tierhalterinnen und Tierhalter&hellip;\n","protected":false},"author":2,"featured_media":1235722,"comment_status":"","ping_status":"","sticky":false,"template":"","format":"standard","meta":{"footnotes":"","_share_on_mastodon":"0"},"categories":[1847],"tags":[16222,17310,17312,17302,17311,3364,29,17317,17309,548,663,3934,17313,30,13,2052,17306,14835,7011,17304,14,15,16935,17314,17316,17305,12,17315,17308,17303,17300,17301,17307,4544,571,1986],"class_list":["post-1235721","post","type-post","status-publish","format-standard","has-post-thumbnail","category-wiesbaden","tag-dom","tag-altpoertel","tag-bistum-speyer","tag-brezelfest","tag-brezelkracher","tag-de","tag-deutschland","tag-dudenhofen","tag-eger","tag-eu","tag-europa","tag-europe","tag-evangelische-kirche-der-pfalz","tag-germany","tag-headlines","tag-hessen","tag-historisches-museum","tag-hockenheim","tag-kirchen","tag-kurpfalz","tag-nachrichten","tag-news","tag-pfalz","tag-protestantische-landeskirche","tag-roemerberg","tag-salier","tag-schlagzeilen","tag-schwetzingen","tag-sealife","tag-speyer","tag-speyer-kurier","tag-tageszeitung","tag-technik-museum","tag-wiesbaden","tag-wochenzeitung","tag-zeitung"],"share_on_mastodon":{"url":"","error":"Validation failed: Text character limit of 500 exceeded"},"_links":{"self":[{"href":"https:\/\/www.europesays.com\/de\/wp-json\/wp\/v2\/posts\/1235721","targetHints":{"allow":["GET"]}}],"collection":[{"href":"https:\/\/www.europesays.com\/de\/wp-json\/wp\/v2\/posts"}],"about":[{"href":"https:\/\/www.europesays.com\/de\/wp-json\/wp\/v2\/types\/post"}],"author":[{"embeddable":true,"href":"https:\/\/www.europesays.com\/de\/wp-json\/wp\/v2\/users\/2"}],"replies":[{"embeddable":true,"href":"https:\/\/www.europesays.com\/de\/wp-json\/wp\/v2\/comments?post=1235721"}],"version-history":[{"count":0,"href":"https:\/\/www.europesays.com\/de\/wp-json\/wp\/v2\/posts\/1235721\/revisions"}],"wp:featuredmedia":[{"embeddable":true,"href":"https:\/\/www.europesays.com\/de\/wp-json\/wp\/v2\/media\/1235722"}],"wp:attachment":[{"href":"https:\/\/www.europesays.com\/de\/wp-json\/wp\/v2\/media?parent=1235721"}],"wp:term":[{"taxonomy":"category","embeddable":true,"href":"https:\/\/www.europesays.com\/de\/wp-json\/wp\/v2\/categories?post=1235721"},{"taxonomy":"post_tag","embeddable":true,"href":"https:\/\/www.europesays.com\/de\/wp-json\/wp\/v2\/tags?post=1235721"}],"curies":[{"name":"wp","href":"https:\/\/api.w.org\/{rel}","templated":true}]}}