{"id":1235760,"date":"2026-08-14T09:59:25","date_gmt":"2026-08-14T09:59:25","guid":{"rendered":"https:\/\/www.europesays.com\/de\/1235760\/"},"modified":"2026-08-14T09:59:25","modified_gmt":"2026-08-14T09:59:25","slug":"hitze-wetter-in-deutschland-selbst-30-liter-regen-helfen-nicht-mehr","status":"publish","type":"post","link":"https:\/\/www.europesays.com\/de\/1235760\/","title":{"rendered":"Hitze-Wetter in Deutschland: Selbst 30 Liter Regen helfen nicht mehr"},"content":{"rendered":"<p>D\u00fcrre nimmt dramatische Ausma\u00dfe an <\/p>\n<p>Wann wird es endlich wieder regnen?<\/p>\n<ul class=\"grid grid-flow-col gap-4\" aria-label=\"Autorenbilder\">\n<li class=\"leading-0\"><img data-tb-author-image=\"\"  loading=\"lazy\" src=\"https:\/\/www.europesays.com\/de\/wp-content\/uploads\/2026\/05\/1779080418_189_image.jpg\" alt=\"\" title=\"\" width=\"40\" height=\"40\" class=\"\" decoding=\"async\"\/><\/li>\n<\/ul>\n<p>14.08.2026 &#8211; 11:56 UhrLesedauer: 3 Min.<\/p>\n<p><a href=\"#focus-0\" class=\"transition-colors block text-current relative\" data-sctrack=\"FocusGalleryImage.Reference\"><img fetchpriority=\"high\" data-testid=\"Opener.Image\"   loading=\"eager\" src=\"https:\/\/www.europesays.com\/de\/wp-content\/uploads\/2026\/08\/wetter-in-deutschland-die-letzten-sonnenstrahlen-bahnen-sich-ihren-weg-durch-dunkle-regenwolken-uebe.jpeg\" alt=\"Die letzten Sonnenstrahlen bahnen sich ihren Weg durch dunkle Regenwolken \u00fcber Berlin: Doch selbst ein kr\u00e4ftiges Gewitter w\u00fcrde bei der aktuellen Wetterlage nicht helfen.\" title=\"Die letzten Sonnenstrahlen bahnen sich ihren Weg durch dunkle Regenwolken \u00fcber Berlin: Doch selbst ein kr\u00e4ftiges Gewitter w\u00fcrde bei der aktuellen Wetterlage nicht helfen.\" width=\"6000\" height=\"3375\" class=\"bg-[url:var(--lqipURL)] bg-cover bg-center flex h-full w-full max-w-full\" style=\"--lqipURL:url('https:\/\/images.t-online.de\/2026\/08\/Q73GbwIUFI4S\/0x625:6000x3375\/fit-in\/150x0\/filters:blur(25)\/wetter-in-deutschland-die-letzten-sonnenstrahlen-bahnen-sich-ihren-weg-durch-dunkle-regenwolken-ueber-berlin-doch-selbst-ein-kraeftiges-gewitter-wuerde-bei-der-aktuellen-wetterlage-nicht-helfen.jpg')\" decoding=\"async\"\/><img loading=\"lazy\" src=\"https:\/\/www.t-online.de\/s\/paper\/_next\/static\/media\/zoom-in.f7dae02f.svg\" alt=\"Vergr\u00f6\u00dfern des Bildes\" title=\"Vergr\u00f6\u00dfern des Bildes\" class=\"block h-[calc(var(--height)_\/_16_*_1rem)] w-[calc(var(--width)_\/_16_*_1rem)] max-w-none absolute right-8 bottom-8 rounded-4 bg-snow p-8\" style=\"--width:32;--height:32\" decoding=\"async\"\/><\/a><\/p>\n<p>Die letzten Sonnenstrahlen bahnen sich ihren Weg durch dunkle Regenwolken \u00fcber Berlin: Doch selbst ein kr\u00e4ftiges Gewitter w\u00fcrde bei der aktuellen Wetterlage nicht helfen. (Quelle: J\u00f6rg&amp;Nicole Krauth\u00f6fer\/imago)<\/p>\n<p><img loading=\"lazy\" src=\"https:\/\/www.t-online.de\/s\/paper\/_next\/static\/media\/audio-volume.6689034c.svg\" alt=\"\" title=\"\" class=\"block h-[calc(var(--height)_\/_16_*_1rem)] w-[calc(var(--width)_\/_16_*_1rem)] max-w-none group-hover:brightness-0 group-hover:invert\" style=\"--width:16;--height:16\" decoding=\"async\"\/>Vorlesen<\/p>\n<p>Aktuelle Zeit:0:00Gesamtdauer:0:00<\/p>\n<p>1x<\/p>\n<p class=\"text-center\">Jetzt neu bei t-online:<\/p>\n<p class=\"text-center\">Schriftgr\u00f6\u00dfe anpassen!<\/p>\n<p><img loading=\"lazy\" src=\"https:\/\/www.t-online.de\/s\/paper\/_next\/static\/media\/font-sizes.32942e33.svg\" alt=\"\" title=\"\" class=\"block h-[calc(var(--height)_\/_16_*_1rem)] w-[calc(var(--width)_\/_16_*_1rem)] max-w-none group-hover:hidden group-aria-expanded:hidden\" style=\"--width:16;--height:16\" decoding=\"async\"\/><img loading=\"lazy\" src=\"https:\/\/www.t-online.de\/s\/paper\/_next\/static\/media\/font-sizes-dark-mode.e382645c.svg\" alt=\"\" title=\"\" class=\"block h-[calc(var(--height)_\/_16_*_1rem)] w-[calc(var(--width)_\/_16_*_1rem)] max-w-none hidden group-hover:block group-aria-expanded:block\" style=\"--width:16;--height:16\" decoding=\"async\"\/><img loading=\"lazy\" src=\"https:\/\/www.t-online.de\/s\/paper\/_next\/static\/media\/sharing-menu-icon.1eb71368.svg\" alt=\"\" title=\"\" class=\"block h-[calc(var(--height)_\/_16_*_1rem)] w-[calc(var(--width)_\/_16_*_1rem)] max-w-none group-hover:brightness-0 group-hover:invert\" style=\"--width:16;--height:16\" decoding=\"async\"\/>Artikel teilen<\/p>\n<p class=\"font-bold text-18 leading-17 user-text-lg:text-22 user-text-xl:text-24\">Hitze, ausgetrocknete B\u00f6den, niedrige Flusspegel: Deutschland steckt mitten in einem D\u00fcrresommer. Zwar k\u00fcndigt sich Regen an, doch die Wetterprognosen bleiben d\u00fcster.<\/p>\n<p class=\"text-18 leading-17 user-text-lg:text-22 user-text-xl:text-24\">Der Juni und der Juli 2026 sind bereits in die Geschichte eingegangen: <a href=\"https:\/\/www.t-online.de\/nachrichten\/panorama\/wetter\/id_101381394\/hitzewellen-juni-und-juli-bringen-westeuropa-rekordtemperaturen.html\" class=\"transition-colors cursor-pointer no-underline md:hover:text-magenta md:focus:text-magenta border-b border-solid border-current text-salemsfur md:hover:border-magenta\" data-tracking=\"{&quot;action&quot;:&quot;click&quot;,&quot;category&quot;:&quot;intextLink&quot;,&quot;label&quot;:&quot;\/nachrichten\/panorama\/wetter\/id_101381394\/hitzewellen-juni-und-juli-bringen-westeuropa-rekordtemperaturen.html&quot;}\" data-sctrack=\"BodyAnchor\" rel=\"nofollow noopener\" target=\"_blank\">So hei\u00df wie in diesen beiden Monaten war es in Westeuropa noch nie.<\/a> Zus\u00e4tzlich bleibt der Regen aus. Seit Anfang des Jahres habe sich ein gro\u00dfes Niederschlagsdefizit aufgebaut, erkl\u00e4rt der Meteorologe Dominik Jung t-online. &#8222;Fast jeder Monat dieses Jahres war zu trocken. Der April war sogar extrem trocken.&#8220;<\/p>\n<p class=\"text-18 leading-17 user-text-lg:text-22 user-text-xl:text-24\">Im August seien bislang deutschlandweit lediglich neun Liter Regen pro Quadratmeter gefallen, f\u00fchrt Jung weiter aus. Das entspreche nur zehn Prozent des Solls \u2013 und das an lediglich einem einzigen Regentag.<\/p>\n<p class=\"text-18 leading-17 user-text-lg:text-22 user-text-xl:text-24\">Die Folgen sind gravierend. Europaweit f\u00fchren die Fl\u00fcsse immer weniger Wasser. <a href=\"https:\/\/www.t-online.de\/nachrichten\/panorama\/wissen\/id_101374812\/niedrigwasser-in-deutschland-alle-grossen-fluesse-trocknen-aus-.html\" class=\"transition-colors cursor-pointer no-underline md:hover:text-magenta md:focus:text-magenta border-b border-solid border-current text-salemsfur md:hover:border-magenta\" data-tracking=\"{&quot;action&quot;:&quot;click&quot;,&quot;category&quot;:&quot;intextLink&quot;,&quot;label&quot;:&quot;\/nachrichten\/panorama\/wissen\/id_101374812\/niedrigwasser-in-deutschland-alle-grossen-fluesse-trocknen-aus-.html&quot;}\" data-sctrack=\"BodyAnchor\" rel=\"nofollow noopener\" target=\"_blank\">Auch in Deutschland herrscht eine historische D\u00fcrre<\/a>. Gro\u00dfe deutsche Fl\u00fcsse \u2013 allen voran Rhein, <a href=\"https:\/\/www.t-online.de\/themen\/elbe\/\" class=\"transition-colors cursor-pointer no-underline md:hover:text-magenta md:focus:text-magenta border-b border-solid border-current text-salemsfur md:hover:border-magenta\" data-tracking=\"{&quot;action&quot;:&quot;click&quot;,&quot;category&quot;:&quot;intextLink&quot;,&quot;label&quot;:&quot;\/themen\/elbe\/&quot;}\" data-sctrack=\"BodyAnchor\" rel=\"nofollow noopener\" target=\"_blank\">Elbe<\/a> und Donau \u2013 verzeichnen extreme Niedrigwasserst\u00e4nde. <a href=\"https:\/\/www.t-online.de\/heim-garten\/aktuelles\/id_101387108\/wasserentnahme-verbot-ausgeweitet-diese-landkreise-sind-jetzt-betroffen.html\" class=\"transition-colors cursor-pointer no-underline md:hover:text-magenta md:focus:text-magenta border-b border-solid border-current text-salemsfur md:hover:border-magenta\" data-tracking=\"{&quot;action&quot;:&quot;click&quot;,&quot;category&quot;:&quot;intextLink&quot;,&quot;label&quot;:&quot;\/heim-garten\/aktuelles\/id_101387108\/wasserentnahme-verbot-ausgeweitet-diese-landkreise-sind-jetzt-betroffen.html&quot;}\" data-sctrack=\"BodyAnchor\" rel=\"nofollow noopener\" target=\"_blank\">Zahlreiche Kommunen haben ein Wasserentnahme- und sogar ein Bew\u00e4sserungsverbot ausgesprochen.<\/a><\/p>\n<p>Wasserentnahmeverbote in Deutschland<\/p>\n<p class=\"text-18 leading-17 user-text-lg:text-22 user-text-xl:text-24\">Da kein <a href=\"https:\/\/www.t-online.de\/heim-garten\/aktuelles\/id_101310596\/bewaesserungsverbot-in-diesen-regionen-gilt-das-jetzt-hohe-strafe-droht.html\" class=\"transition-colors cursor-pointer no-underline md:hover:text-magenta md:focus:text-magenta border-b border-solid border-current text-salemsfur md:hover:border-magenta\" data-tracking=\"{&quot;action&quot;:&quot;click&quot;,&quot;category&quot;:&quot;intextLink&quot;,&quot;label&quot;:&quot;\/heim-garten\/aktuelles\/id_101310596\/bewaesserungsverbot-in-diesen-regionen-gilt-das-jetzt-hohe-strafe-droht.html&quot;}\" data-sctrack=\"BodyAnchor\" rel=\"nofollow noopener\" target=\"_blank\">einheitliches, bundesweites Verbot existiert<\/a>, treffen die Landkreise und St\u00e4dte die Entscheidung per Allgemeinverf\u00fcgung. Dabei orientieren sie sich unter anderem an den Pegelst\u00e4nden und der Wetterlage.<\/p>\n<p>Loading&#8230;<img decoding=\"async\" src=\"https:\/\/www.t-online.de\/s\/paper\/_next\/static\/media\/image.e47c3ca7.svg\" alt=\"Symbolbild f\u00fcr eingebettete Inhalte\"\/><\/p>\n<p class=\"text-10 leading-12 text-manatee uppercase\">Embed<\/p>\n<p>Fast \u00fcberall in Deutschland herrscht D\u00fcrre<\/p>\n<p class=\"text-18 leading-17 user-text-lg:text-22 user-text-xl:text-24\">Die extreme Trockenheit setzt sich derweil auch in vielen europ\u00e4ischen L\u00e4ndern wie <a href=\"https:\/\/www.t-online.de\/themen\/spanien\/\" class=\"transition-colors cursor-pointer no-underline md:hover:text-magenta md:focus:text-magenta border-b border-solid border-current text-salemsfur md:hover:border-magenta\" data-tracking=\"{&quot;action&quot;:&quot;click&quot;,&quot;category&quot;:&quot;intextLink&quot;,&quot;label&quot;:&quot;\/themen\/spanien\/&quot;}\" data-sctrack=\"BodyAnchor\" rel=\"nofollow noopener\" target=\"_blank\">Spanien<\/a>, <a href=\"https:\/\/www.t-online.de\/themen\/frankreich\/\" class=\"transition-colors cursor-pointer no-underline md:hover:text-magenta md:focus:text-magenta border-b border-solid border-current text-salemsfur md:hover:border-magenta\" data-tracking=\"{&quot;action&quot;:&quot;click&quot;,&quot;category&quot;:&quot;intextLink&quot;,&quot;label&quot;:&quot;\/themen\/frankreich\/&quot;}\" data-sctrack=\"BodyAnchor\" rel=\"nofollow noopener\" target=\"_blank\">Frankreich<\/a>, <a href=\"https:\/\/www.t-online.de\/themen\/oesterreich\/\" class=\"transition-colors cursor-pointer no-underline md:hover:text-magenta md:focus:text-magenta border-b border-solid border-current text-salemsfur md:hover:border-magenta\" data-tracking=\"{&quot;action&quot;:&quot;click&quot;,&quot;category&quot;:&quot;intextLink&quot;,&quot;label&quot;:&quot;\/themen\/oesterreich\/&quot;}\" data-sctrack=\"BodyAnchor\" rel=\"nofollow noopener\" target=\"_blank\">\u00d6sterreich<\/a>, <a href=\"https:\/\/www.t-online.de\/themen\/ungarn\/\" class=\"transition-colors cursor-pointer no-underline md:hover:text-magenta md:focus:text-magenta border-b border-solid border-current text-salemsfur md:hover:border-magenta\" data-tracking=\"{&quot;action&quot;:&quot;click&quot;,&quot;category&quot;:&quot;intextLink&quot;,&quot;label&quot;:&quot;\/themen\/ungarn\/&quot;}\" data-sctrack=\"BodyAnchor\" rel=\"nofollow noopener\" target=\"_blank\">Ungarn<\/a> und <a href=\"https:\/\/www.t-online.de\/themen\/grossbritannien\/\" class=\"transition-colors cursor-pointer no-underline md:hover:text-magenta md:focus:text-magenta border-b border-solid border-current text-salemsfur md:hover:border-magenta\" data-tracking=\"{&quot;action&quot;:&quot;click&quot;,&quot;category&quot;:&quot;intextLink&quot;,&quot;label&quot;:&quot;\/themen\/grossbritannien\/&quot;}\" data-sctrack=\"BodyAnchor\" rel=\"nofollow noopener\" target=\"_blank\">Gro\u00dfbritannien<\/a> fort. Deutschland ist keine Ausnahme. Das Helmholtz-Zentrum f\u00fcr Umweltforschung (UFZ) liefert t\u00e4glich Informationen zum Zustand der B\u00f6den und offenbart deren desolaten Zustand hierzulande.<\/p>\n<p class=\"text-18 leading-17 user-text-lg:text-22 user-text-xl:text-24\">Die Kombination aus Hitze und D\u00fcrre erh\u00f6ht die Waldbrandgefahr. Seit Donnerstagnachmittag brennt es in der Eifel. Mittlerweile stehen 300 Hektar Wald in Flammen. Die Feuer breiten sich immer weiter aus, <a href=\"https:\/\/www.t-online.de\/nachrichten\/panorama\/id_101388430\/waldbrand-in-der-eifel-flaeche-von-420-fussballfeldern-brennt-live-blog.html\" class=\"transition-colors cursor-pointer no-underline md:hover:text-magenta md:focus:text-magenta border-b border-solid border-current text-salemsfur md:hover:border-magenta\" data-tracking=\"{&quot;action&quot;:&quot;click&quot;,&quot;category&quot;:&quot;intextLink&quot;,&quot;label&quot;:&quot;\/nachrichten\/panorama\/id_101388430\/waldbrand-in-der-eifel-flaeche-von-420-fussballfeldern-brennt-live-blog.html&quot;}\" data-sctrack=\"BodyAnchor\" rel=\"nofollow noopener\" target=\"_blank\">Gemeinden werden evakuiert. Drohnenaufnahmen zeigen das enorme Ausma\u00df des Brandes<\/a>.<\/p>\n<p><a href=\"#focus-1\" class=\"transition-colors block text-current relative\" data-sctrack=\"FocusGalleryImage.Reference\"><img   loading=\"lazy\" src=\"https:\/\/www.europesays.com\/de\/wp-content\/uploads\/2026\/08\/1786701565_18_image.png\" alt=\"\" title=\"\" width=\"2250\" height=\"2607\" class=\"h-full w-full max-w-full rounded-8\" decoding=\"async\"\/><img loading=\"lazy\" src=\"https:\/\/www.t-online.de\/s\/paper\/_next\/static\/media\/zoom-in.f7dae02f.svg\" alt=\"Vergr\u00f6\u00dfern des Bildes\" title=\"Vergr\u00f6\u00dfern des Bildes\" class=\"block h-[calc(var(--height)_\/_16_*_1rem)] w-[calc(var(--width)_\/_16_*_1rem)] max-w-none absolute right-8 bottom-8 rounded-4 bg-snow p-8\" style=\"--width:32;--height:32\" decoding=\"async\"\/> (Quelle: t-online)<\/a><\/p>\n<p>&#8222;Ein Regentag heilt keinen D\u00fcrresommer&#8220;<\/p>\n<p class=\"text-18 leading-17 user-text-lg:text-22 user-text-xl:text-24\">Um das Defizit in den tieferen Bodenschichten auszugleichen, w\u00e4re eine l\u00e4ngere niederschlagsreiche Phase notwendig. Meteorologe Jung spricht von &#8222;mehreren Wochen bis Monaten mit \u00fcberdurchschnittlichem Niederschlag&#8220;. Eine nachhaltige Erholung sei damit realistischerweise erst im feuchteren Herbst- und Winterhalbjahr m\u00f6glich. Seine Bilanz f\u00e4llt entsprechend eindeutig aus: &#8222;Ein Regentag heilt keinen D\u00fcrresommer.&#8220;<\/p>\n<ul class=\"text-18 leading-17 block pl-24 *:pb-16 *:before:inline-block *:before:size-8 *:before:bg-magenta *:before:mt-0 *:before:mr-12 *:before:mb-2 *:before:-ml-[20px]\">\n<li><strong class=\"font-bold\">Newsblog zum Waldbrand in NRW:<\/strong> <a href=\"https:\/\/www.t-online.de\/nachrichten\/panorama\/id_101388430\/waldbrand-in-der-eifel-flaeche-von-420-fussballfeldern-brennt-live-blog.html\" class=\"transition-colors cursor-pointer no-underline md:hover:text-magenta md:focus:text-magenta border-b border-solid border-current text-salemsfur md:hover:border-magenta\" data-tracking=\"{&quot;action&quot;:&quot;click&quot;,&quot;category&quot;:&quot;intextLink&quot;,&quot;label&quot;:&quot;\/nachrichten\/panorama\/id_101388430\/waldbrand-in-der-eifel-flaeche-von-420-fussballfeldern-brennt-live-blog.html&quot;}\" data-sctrack=\"BodyAnchor\" rel=\"nofollow noopener\" target=\"_blank\">Fl\u00e4che von 420 Fu\u00dfballfeldern steht in Flammen \u2013 das Hitzewetter in Deutschland und seine Folgen<\/a><\/li>\n<\/ul>\n","protected":false},"excerpt":{"rendered":"D\u00fcrre nimmt dramatische Ausma\u00dfe an Wann wird es endlich wieder regnen? 14.08.2026 &#8211; 11:56 UhrLesedauer: 3 Min. Die&hellip;\n","protected":false},"author":2,"featured_media":1235761,"comment_status":"","ping_status":"","sticky":false,"template":"","format":"standard","meta":{"footnotes":"","_share_on_mastodon":"0"},"categories":[2],"tags":[1434,331,3924,332,3922,296,3364,29,20480,42545,949,256331,2265,217082,156,30,19634,551,13,45294,45286,18113,14,3923,15,3921,1433,6405,5206,12,4026,226,501,5666,10807,1973,2257,5415,2255],"class_list":["post-1235760","post","type-post","status-publish","format-standard","has-post-thumbnail","category-deutschland","tag-1434","tag-aktuelle-nachrichten","tag-aktuelle-nachrichten-aus-deutschland","tag-aktuelle-news","tag-aktuelle-news-aus-deutschland","tag-berlin","tag-de","tag-deutschland","tag-dominik-jung","tag-donau","tag-duerre","tag-duerresommer","tag-elbe","tag-flusspegel","tag-frankreich","tag-germany","tag-gewitter","tag-grossbritannien","tag-headlines","tag-helmholtz-zentrum-fuer-umweltforschung-ufz","tag-hitzesommer","tag-hitzewelle","tag-nachrichten","tag-nachrichten-aus-deutschland","tag-news","tag-news-aus-deutschland","tag-oesterreich","tag-regenfall","tag-rhein","tag-schlagzeilen","tag-spanien","tag-t-online","tag-ungarn","tag-waldbrand","tag-westeuropa","tag-wetter","tag-wetterlage","tag-wetterprognose","tag-wettervorhersage"],"share_on_mastodon":{"url":"","error":"Validation failed: Text character limit of 500 exceeded"},"_links":{"self":[{"href":"https:\/\/www.europesays.com\/de\/wp-json\/wp\/v2\/posts\/1235760","targetHints":{"allow":["GET"]}}],"collection":[{"href":"https:\/\/www.europesays.com\/de\/wp-json\/wp\/v2\/posts"}],"about":[{"href":"https:\/\/www.europesays.com\/de\/wp-json\/wp\/v2\/types\/post"}],"author":[{"embeddable":true,"href":"https:\/\/www.europesays.com\/de\/wp-json\/wp\/v2\/users\/2"}],"replies":[{"embeddable":true,"href":"https:\/\/www.europesays.com\/de\/wp-json\/wp\/v2\/comments?post=1235760"}],"version-history":[{"count":0,"href":"https:\/\/www.europesays.com\/de\/wp-json\/wp\/v2\/posts\/1235760\/revisions"}],"wp:featuredmedia":[{"embeddable":true,"href":"https:\/\/www.europesays.com\/de\/wp-json\/wp\/v2\/media\/1235761"}],"wp:attachment":[{"href":"https:\/\/www.europesays.com\/de\/wp-json\/wp\/v2\/media?parent=1235760"}],"wp:term":[{"taxonomy":"category","embeddable":true,"href":"https:\/\/www.europesays.com\/de\/wp-json\/wp\/v2\/categories?post=1235760"},{"taxonomy":"post_tag","embeddable":true,"href":"https:\/\/www.europesays.com\/de\/wp-json\/wp\/v2\/tags?post=1235760"}],"curies":[{"name":"wp","href":"https:\/\/api.w.org\/{rel}","templated":true}]}}