{"id":1235842,"date":"2026-08-14T10:51:15","date_gmt":"2026-08-14T10:51:15","guid":{"rendered":"https:\/\/www.europesays.com\/de\/1235842\/"},"modified":"2026-08-14T10:51:15","modified_gmt":"2026-08-14T10:51:15","slug":"brenda-brinkmann-aus-ex-on-the-beach-drogenmissbrauch-waehrend-dreh-unterhaltung","status":"publish","type":"post","link":"https:\/\/www.europesays.com\/de\/1235842\/","title":{"rendered":"Brenda Brinkmann aus \u201eEx on the Beach\u201c: Drogenmissbrauch w\u00e4hrend Dreh? | Unterhaltung"},"content":{"rendered":"<p><b>Der Fremdgeh-Skandal um Brenda Brinkmann (23) bei \u201eEx on the Beach\u201c schockiert gerade die Reality-Welt. In der neuen Folge vom Freitag (14. August) gesteht sie ihrem Ex, dass sie ihn w\u00e4hrend der Beziehung betrogen hat \u2013 ausgerechnet mit seinem Kumpel Gigi Birofio (27). Es ist der gro\u00dfe Knall der Staffel, doch ausgerechnet auf dem H\u00f6hepunkt der Beichte ist Brenda pl\u00f6tzlich weg! Sie wurde aus der Show genommen.<\/b><\/p>\n<p>In der Folge gibt es nur eine kurze Einblendung, dass es mit einem \u201eVerdachts eines Regelversto\u00dfes\u201c zu tun hat. Mehr erf\u00e4hrt der Zuschauer nicht. BILD erfuhr nun, was hinter dem \u00fcberraschenden Rauswurf stecken soll. Lesen Sie alle Details mit BILDplus. <\/p>\n","protected":false},"excerpt":{"rendered":"Der Fremdgeh-Skandal um Brenda Brinkmann (23) bei \u201eEx on the Beach\u201c schockiert gerade die Reality-Welt. In der neuen&hellip;\n","protected":false},"author":2,"featured_media":1235843,"comment_status":"","ping_status":"","sticky":false,"template":"","format":"standard","meta":{"footnotes":"","_share_on_mastodon":"0"},"categories":[155],"tags":[29,214,30,5272,12015,1487,640,227858,13276,215],"class_list":["post-1235842","post","type-post","status-publish","format-standard","has-post-thumbnail","category-unterhaltung","tag-deutschland","tag-entertainment","tag-germany","tag-partnerschaft","tag-reality-show","tag-reality-stars","tag-rtl","tag-team-deep","tag-temptation-island","tag-unterhaltung"],"share_on_mastodon":{"url":"https:\/\/pubeurope.com\/@de\/117093485070903460","error":""},"_links":{"self":[{"href":"https:\/\/www.europesays.com\/de\/wp-json\/wp\/v2\/posts\/1235842","targetHints":{"allow":["GET"]}}],"collection":[{"href":"https:\/\/www.europesays.com\/de\/wp-json\/wp\/v2\/posts"}],"about":[{"href":"https:\/\/www.europesays.com\/de\/wp-json\/wp\/v2\/types\/post"}],"author":[{"embeddable":true,"href":"https:\/\/www.europesays.com\/de\/wp-json\/wp\/v2\/users\/2"}],"replies":[{"embeddable":true,"href":"https:\/\/www.europesays.com\/de\/wp-json\/wp\/v2\/comments?post=1235842"}],"version-history":[{"count":0,"href":"https:\/\/www.europesays.com\/de\/wp-json\/wp\/v2\/posts\/1235842\/revisions"}],"wp:featuredmedia":[{"embeddable":true,"href":"https:\/\/www.europesays.com\/de\/wp-json\/wp\/v2\/media\/1235843"}],"wp:attachment":[{"href":"https:\/\/www.europesays.com\/de\/wp-json\/wp\/v2\/media?parent=1235842"}],"wp:term":[{"taxonomy":"category","embeddable":true,"href":"https:\/\/www.europesays.com\/de\/wp-json\/wp\/v2\/categories?post=1235842"},{"taxonomy":"post_tag","embeddable":true,"href":"https:\/\/www.europesays.com\/de\/wp-json\/wp\/v2\/tags?post=1235842"}],"curies":[{"name":"wp","href":"https:\/\/api.w.org\/{rel}","templated":true}]}}