{"id":1235859,"date":"2026-08-14T11:00:17","date_gmt":"2026-08-14T11:00:17","guid":{"rendered":"https:\/\/www.europesays.com\/de\/1235859\/"},"modified":"2026-08-14T11:00:17","modified_gmt":"2026-08-14T11:00:17","slug":"entscheidung-der-tu-chemnitz-voigt-klagt-gegen-entzug-seines-doktortitels","status":"publish","type":"post","link":"https:\/\/www.europesays.com\/de\/1235859\/","title":{"rendered":"Entscheidung der TU Chemnitz: Voigt klagt gegen Entzug seines Doktortitels"},"content":{"rendered":"<p class=\"fp-paragraph\"><strong>Erfurt\/Chemnitz<\/strong> &#8211; Th\u00fcringens Ministerpr\u00e4sident Mario Voigt hat Klage gegen die Aberkennung seines Doktortitels durch die Technische Universit\u00e4t (TU) Chemnitz eingereicht. Die Klage sei am Freitag eingegangen, teilte das Verwaltungsgericht Chemnitz mit. Einen Termin f\u00fcr eine Verhandlung gibt es noch nicht.\u00a0<\/p>\n<p class=\"fp-paragraph\">Voigt steht seit Monaten wegen der Sache unter Druck. Dem CDU-Politiker wird vorgeworfen, in seiner Dissertation mit dem Titel \u201eDer amerikanische Pr\u00e4sidentschaftswahlkampf: George W. Bush gegen John F. Kerry\u201c aus dem Jahr 2008 unsauber gearbeitet zu haben.\u00a0<\/p>\n<p class=\"fp-paragraph\">Anfang dieses Jahres wurde bekannt, dass die TU Chemnitz nach einer langwierigen Pr\u00fcfung entschieden hat, Voigt die Doktorw\u00fcrde abzuerkennen. Einen Widerspruch dagegen wies die Hochschule zur\u00fcck \u2013 woraufhin Voigt vor dem Verwaltungsgericht klagt.\u00a0<\/p>\n<p class=\"fp-paragraph\">\u201eDie Entscheidung wirft aus unserer Sicht erhebliche rechtliche Fragen auf \u2013 insbesondere zum Bewertungsma\u00dfstab und zur Verh\u00e4ltnism\u00e4\u00dfigkeit\u201c, erkl\u00e4rte der Anwalt von Voigt. Es sei ein einmaliger Vorgang, dass eine Universit\u00e4t einen Doktortitel aberkenne, nachdem ein \u201eexterner, neutraler Gutachter die Voraussetzungen f\u00fcr einen Entzug verneint hat\u201c.<\/p>\n","protected":false},"excerpt":{"rendered":"Erfurt\/Chemnitz &#8211; Th\u00fcringens Ministerpr\u00e4sident Mario Voigt hat Klage gegen die Aberkennung seines Doktortitels durch die Technische Universit\u00e4t (TU)&hellip;\n","protected":false},"author":2,"featured_media":1235860,"comment_status":"","ping_status":"","sticky":false,"template":"","format":"standard","meta":{"footnotes":"","_share_on_mastodon":"0"},"categories":[1851],"tags":[2770,3364,29,548,663,3934,30,13,2766,14,15,139,859,12,861,193],"class_list":["post-1235859","post","type-post","status-publish","format-standard","has-post-thumbnail","category-chemnitz","tag-chemnitz","tag-de","tag-deutschland","tag-eu","tag-europa","tag-europe","tag-germany","tag-headlines","tag-hochschule","tag-nachrichten","tag-news","tag-regierung","tag-sachsen","tag-schlagzeilen","tag-thueringen","tag-wissenschaft"],"share_on_mastodon":{"url":"https:\/\/pubeurope.com\/@de\/117093520048507943","error":""},"_links":{"self":[{"href":"https:\/\/www.europesays.com\/de\/wp-json\/wp\/v2\/posts\/1235859","targetHints":{"allow":["GET"]}}],"collection":[{"href":"https:\/\/www.europesays.com\/de\/wp-json\/wp\/v2\/posts"}],"about":[{"href":"https:\/\/www.europesays.com\/de\/wp-json\/wp\/v2\/types\/post"}],"author":[{"embeddable":true,"href":"https:\/\/www.europesays.com\/de\/wp-json\/wp\/v2\/users\/2"}],"replies":[{"embeddable":true,"href":"https:\/\/www.europesays.com\/de\/wp-json\/wp\/v2\/comments?post=1235859"}],"version-history":[{"count":0,"href":"https:\/\/www.europesays.com\/de\/wp-json\/wp\/v2\/posts\/1235859\/revisions"}],"wp:featuredmedia":[{"embeddable":true,"href":"https:\/\/www.europesays.com\/de\/wp-json\/wp\/v2\/media\/1235860"}],"wp:attachment":[{"href":"https:\/\/www.europesays.com\/de\/wp-json\/wp\/v2\/media?parent=1235859"}],"wp:term":[{"taxonomy":"category","embeddable":true,"href":"https:\/\/www.europesays.com\/de\/wp-json\/wp\/v2\/categories?post=1235859"},{"taxonomy":"post_tag","embeddable":true,"href":"https:\/\/www.europesays.com\/de\/wp-json\/wp\/v2\/tags?post=1235859"}],"curies":[{"name":"wp","href":"https:\/\/api.w.org\/{rel}","templated":true}]}}