{"id":1235871,"date":"2026-08-14T11:09:37","date_gmt":"2026-08-14T11:09:37","guid":{"rendered":"https:\/\/www.europesays.com\/de\/1235871\/"},"modified":"2026-08-14T11:09:37","modified_gmt":"2026-08-14T11:09:37","slug":"radvermietung-in-region-zuschlag-fuer-nextbike-ludwigshafen-mannheim","status":"publish","type":"post","link":"https:\/\/www.europesays.com\/de\/1235871\/","title":{"rendered":"Radvermietung in Region: Zuschlag f\u00fcr Nextbike &#8211; Ludwigshafen \/ Mannheim"},"content":{"rendered":"<p class=\"rhp-dpa-teaser\"><b>Mindestens f\u00fcr weitere acht Jahre wird Nextbike ab M\u00e4rz 2027 in der Region das Fahrradvermietsystem betreiben. Was sich \u00e4ndert, verbessert und wer davon profitiert.<\/b><\/p>\n<p>Die Entscheidung ist gefallen: Nach Abschluss eines europaweiten Vergabeverfahrens steht fest, dass die Nextbike-Gruppe auch k\u00fcnftig das regionale Fahrradvermietsystem im Verkehrsverbund Rhein-Neckar (VRN) betreiben wird, wie der VRN mitteilt. Der Zuschlag wurde demnach f\u00fcr acht Jahre erteilt mit einer Verl\u00e4ngerungsoption um vier Jahre.<\/p>\n<p class=\"rhp-teaser\"><b>Mindestens f\u00fcr weitere acht Jahre wird Nextbike ab M\u00e4rz 2027 in der Region das Fahrradvermietsystem betreiben. Was sich \u00e4ndert, verbessert und wer davon profitiert.<\/b><\/p>\n","protected":false},"excerpt":{"rendered":"Mindestens f\u00fcr weitere acht Jahre wird Nextbike ab M\u00e4rz 2027 in der Region das Fahrradvermietsystem betreiben. Was sich&hellip;\n","protected":false},"author":2,"featured_media":1235872,"comment_status":"","ping_status":"","sticky":false,"template":"","format":"standard","meta":{"footnotes":"","_share_on_mastodon":"0"},"categories":[1845],"tags":[1634,31,27721,3364,29,548,663,3934,30,13,2476,4060,25476,2096,211840,14,15,57474,27464,5206,12],"class_list":["post-1235871","post","type-post","status-publish","format-standard","has-post-thumbnail","category-mannheim","tag-baden-wuerttemberg","tag-cdu","tag-christian-specht","tag-de","tag-deutschland","tag-eu","tag-europa","tag-europe","tag-germany","tag-headlines","tag-heidelberg","tag-lokal","tag-ludwigshafen","tag-mannheim","tag-michael-winne","tag-nachrichten","tag-news","tag-nextbike","tag-pedelec","tag-rhein","tag-schlagzeilen"],"share_on_mastodon":{"url":"https:\/\/pubeurope.com\/@de\/117093555576989874","error":""},"_links":{"self":[{"href":"https:\/\/www.europesays.com\/de\/wp-json\/wp\/v2\/posts\/1235871","targetHints":{"allow":["GET"]}}],"collection":[{"href":"https:\/\/www.europesays.com\/de\/wp-json\/wp\/v2\/posts"}],"about":[{"href":"https:\/\/www.europesays.com\/de\/wp-json\/wp\/v2\/types\/post"}],"author":[{"embeddable":true,"href":"https:\/\/www.europesays.com\/de\/wp-json\/wp\/v2\/users\/2"}],"replies":[{"embeddable":true,"href":"https:\/\/www.europesays.com\/de\/wp-json\/wp\/v2\/comments?post=1235871"}],"version-history":[{"count":0,"href":"https:\/\/www.europesays.com\/de\/wp-json\/wp\/v2\/posts\/1235871\/revisions"}],"wp:featuredmedia":[{"embeddable":true,"href":"https:\/\/www.europesays.com\/de\/wp-json\/wp\/v2\/media\/1235872"}],"wp:attachment":[{"href":"https:\/\/www.europesays.com\/de\/wp-json\/wp\/v2\/media?parent=1235871"}],"wp:term":[{"taxonomy":"category","embeddable":true,"href":"https:\/\/www.europesays.com\/de\/wp-json\/wp\/v2\/categories?post=1235871"},{"taxonomy":"post_tag","embeddable":true,"href":"https:\/\/www.europesays.com\/de\/wp-json\/wp\/v2\/tags?post=1235871"}],"curies":[{"name":"wp","href":"https:\/\/api.w.org\/{rel}","templated":true}]}}