{"id":1236013,"date":"2026-08-14T12:33:12","date_gmt":"2026-08-14T12:33:12","guid":{"rendered":"https:\/\/www.europesays.com\/de\/1236013\/"},"modified":"2026-08-14T12:33:12","modified_gmt":"2026-08-14T12:33:12","slug":"augsburg-streit-eskaliert-mann-will-18-jaehrige-in-tram-zu-boden-druecken-und-belaestigt-sie","status":"publish","type":"post","link":"https:\/\/www.europesays.com\/de\/1236013\/","title":{"rendered":"Augsburg: Streit eskaliert: Mann will 18-J\u00e4hrige in Tram zu Boden dr\u00fccken und bel\u00e4stigt sie"},"content":{"rendered":"<p class=\"mb-6 text-xs-varying md:text-m lg:text-l font-serif group-[.font-sans]:font-sans \">\n    Bei einem heftigen Streit in einer Stra\u00dfenbahn in <a href=\"https:\/\/www.augsburger-allgemeine.de\/augsburg\/\" target=\"_self\" class=\"underline \" rel=\"nofollow noopener\">Augsburg<\/a> hat ein bislang unbekannter Mann eine 18-J\u00e4hrige getreten und sie sexuell bel\u00e4stigt. Der Vorfall ereignete sich nach Angaben der Polizei am Donnerstag gegen 17.07 Uhr im mittleren Teil der stark ausgelasteten Stra\u00dfenbahn auf H\u00f6he der Friedberger Stra\u00dfe. Ausl\u00f6ser des Streits war demnach, dass sich die 18-J\u00e4hrige durch r\u00e4umliche N\u00e4he und Blicke des Mannes bel\u00e4stigt f\u00fchlte, in seine Richtung spuckte und ihn dabei am Fu\u00df traf. Der Mann wollte die 18-J\u00e4hrige daraufhin auf den Boden dr\u00fccken. Als dies misslang, trat der Unbekannte mit seinem Fu\u00df gegen den Fu\u00df der jungen Frau. W\u00e4hrend der Auseinandersetzung ber\u00fchrte der Unbekannte die 18-J\u00e4hrige zudem im Brustbereich.\n  <\/p>\n<p class=\"mb-6 text-xs-varying md:text-m lg:text-l font-serif group-[.font-sans]:font-sans \">\n    Die Polizei ermittelt wegen des Verdachts der K\u00f6rperverletzung und der sexuellen Bel\u00e4stigung gegen den unbekannten Mann. Dieser stieg an der Haltestelle Hochzoll Mitte aus und ging anschlie\u00dfend unerkannt in Richtung Hochzoller Stra\u00dfe, begleitet von zwei bislang unbekannten Frauen. Der mutma\u00dfliche T\u00e4ter wird wie folgt beschrieben: circa 190 cm gro\u00df, dunkelgrauer Vollbart, bekleidet mit Cap, kurzer Hose, blau-kariertem Hemd. Er f\u00fchrte zudem einen rot-schwarzen Rucksack der Marke FILA mit sich. Zeugen werden gebeten, sich bei der Polizei unter der Telefonnummer 0821\/3232310 zu melden. (AZ)\n  <\/p>\n","protected":false},"excerpt":{"rendered":"Bei einem heftigen Streit in einer Stra\u00dfenbahn in Augsburg hat ein bislang unbekannter Mann eine 18-J\u00e4hrige getreten und&hellip;\n","protected":false},"author":2,"featured_media":1236014,"comment_status":"","ping_status":"","sticky":false,"template":"","format":"standard","meta":{"footnotes":"","_share_on_mastodon":"0"},"categories":[1846],"tags":[680,772,3364,29,548,663,3934,86523,30,13,137938,256388,682,14,15,121,12,16160],"class_list":["post-1236013","post","type-post","status-publish","format-standard","has-post-thumbnail","category-augsburg","tag-augsburg","tag-bayern","tag-de","tag-deutschland","tag-eu","tag-europa","tag-europe","tag-friedberger-strasse","tag-germany","tag-headlines","tag-hochzoll","tag-hochzoller-strasse","tag-koerperverletzung","tag-nachrichten","tag-news","tag-polizei","tag-schlagzeilen","tag-tram"],"share_on_mastodon":{"url":"https:\/\/pubeurope.com\/@de\/117093886078280255","error":""},"_links":{"self":[{"href":"https:\/\/www.europesays.com\/de\/wp-json\/wp\/v2\/posts\/1236013","targetHints":{"allow":["GET"]}}],"collection":[{"href":"https:\/\/www.europesays.com\/de\/wp-json\/wp\/v2\/posts"}],"about":[{"href":"https:\/\/www.europesays.com\/de\/wp-json\/wp\/v2\/types\/post"}],"author":[{"embeddable":true,"href":"https:\/\/www.europesays.com\/de\/wp-json\/wp\/v2\/users\/2"}],"replies":[{"embeddable":true,"href":"https:\/\/www.europesays.com\/de\/wp-json\/wp\/v2\/comments?post=1236013"}],"version-history":[{"count":0,"href":"https:\/\/www.europesays.com\/de\/wp-json\/wp\/v2\/posts\/1236013\/revisions"}],"wp:featuredmedia":[{"embeddable":true,"href":"https:\/\/www.europesays.com\/de\/wp-json\/wp\/v2\/media\/1236014"}],"wp:attachment":[{"href":"https:\/\/www.europesays.com\/de\/wp-json\/wp\/v2\/media?parent=1236013"}],"wp:term":[{"taxonomy":"category","embeddable":true,"href":"https:\/\/www.europesays.com\/de\/wp-json\/wp\/v2\/categories?post=1236013"},{"taxonomy":"post_tag","embeddable":true,"href":"https:\/\/www.europesays.com\/de\/wp-json\/wp\/v2\/tags?post=1236013"}],"curies":[{"name":"wp","href":"https:\/\/api.w.org\/{rel}","templated":true}]}}