{"id":1236045,"date":"2026-08-14T12:51:23","date_gmt":"2026-08-14T12:51:23","guid":{"rendered":"https:\/\/www.europesays.com\/de\/1236045\/"},"modified":"2026-08-14T12:51:23","modified_gmt":"2026-08-14T12:51:23","slug":"ntn-europe-praesentiert-werkstattloesungen-in-frankfurt","status":"publish","type":"post","link":"https:\/\/www.europesays.com\/de\/1236045\/","title":{"rendered":"NTN Europe pr\u00e4sentiert Werkstattl\u00f6sungen in Frankfurt"},"content":{"rendered":"<p>NTN Europe pr\u00e4sentiert auf der Automechanika Frankfurt 2026 sein Produkt- und Serviceportfolio f\u00fcr Pkw, Nutzfahrzeuge und Zweir\u00e4der.<\/p>\n<p>NTN Europe wird auf der <a href=\"https:\/\/amz.de\/automechanika-2026\" rel=\"nofollow noopener\" target=\"_blank\">Automechanika Frankfurt 2026<\/a> vertreten sein. Die Messe findet vom 8. bis 12. September statt und bringt nach Angaben des Unternehmens rund 4.500 Aussteller und mehr als 100.000 Fachbesucher aus aller Welt zusammen. Der Zulieferer pr\u00e4sentiert sich in Halle 4 auf Stand D21.<\/p>\n<p>Auf einer Standfl\u00e4che von 110 Quadratmetern will NTN Europe sein Angebot in sechs Bereichen vorstellen: <\/p>\n<p>Das Portfolio richtet sich an verschiedene Fahrzeugarten, von Pkw mit Verbrennungs-, Hybrid- oder Elektroantrieb bis hin zu Nutzfahrzeugen.<\/p>\n<p>Nach Unternehmensangaben b\u00fcndelt das Konzept Produkte, technisches Know-how und Dienstleistungen. Grundlage ist demnach die Erfahrung aus dem Erstausr\u00fcstungsgesch\u00e4ft, um Anforderungen des freien Marktes zu bedienen.<\/p>\n<p>Ein Schwerpunkt des Messeauftritts liegt auf dem Sto\u00dfd\u00e4mpferprogramm. Damit will NTN Europe seine Position in diesem Marktsegment hervorheben. Dar\u00fcber hinaus stellt das Unternehmen sein Know-how im Bereich Radaufh\u00e4ngung vor.<\/p>\n<p>\u201eDie Automechanika ist f\u00fcr uns in erster Linie eine Gelegenheit, unsere Partner zu treffen und uns mit ihnen auszutauschen. Die Ausgabe 2026 spiegelt die Dynamik von NTN Europe wider: ein wachsendes Angebot, verst\u00e4rkte Produktsortimente und sich weiterentwickelnde Dienstleistungen. Wir freuen uns darauf, all dies mit den Besuchern zu teilen\u201c, erkl\u00e4rt Am\u00e9lie Paviet, Leiterin Logistik &amp; Marketing und stellvertretende Leiterin Automotive Aftermarket.<\/p>\n<p>Neben dem Produktangebot stellt NTN Europe auch Dienstleistungen f\u00fcr Werkst\u00e4tten und Handel in den Mittelpunkt. Das Unternehmen nimmt mit dem Programm \u201eMySNR CertifiedGarage\u201c an den <a href=\"https:\/\/amz.de\/innovation-awards-das-sind-die-finalisten\" rel=\"nofollow noopener\" target=\"_blank\">Automechanika Innovation Awards 2026<\/a> teil. Die Zertifizierungsinitiative richtet sich an Fachleute der Automobilbranche und soll Werkst\u00e4tten sowie Handelspartner bei ihrer Weiterentwicklung unterst\u00fctzen. Die Preisverleihung ist f\u00fcr den 8. September, den Er\u00f6ffnungstag der Messe, vorgesehen.<\/p>\n<p>Dar\u00fcber hinaus will NTN Europe die Bedeutung von Digitalisierung und k\u00fcnstlicher Intelligenz f\u00fcr den Aftermarket thematisieren. Eigenen Angaben zufolge sollen vernetzte Werkzeuge und digitale Dienstleistungen dazu beitragen, Arbeitsabl\u00e4ufe zu unterst\u00fctzen. W\u00e4hrend der Messe stehen die Teams f\u00fcr Gespr\u00e4che mit Besuchern aus den verschiedenen europ\u00e4ischen M\u00e4rkten zur Verf\u00fcgung. (jf)<\/p>\n","protected":false},"excerpt":{"rendered":"NTN Europe pr\u00e4sentiert auf der Automechanika Frankfurt 2026 sein Produkt- und Serviceportfolio f\u00fcr Pkw, Nutzfahrzeuge und Zweir\u00e4der. NTN&hellip;\n","protected":false},"author":2,"featured_media":1236046,"comment_status":"","ping_status":"","sticky":false,"template":"","format":"standard","meta":{"footnotes":"","_share_on_mastodon":"0"},"categories":[3933],"tags":[331,332,256391,256392,548,663,158,3934,3935,13,3800,14,15,40852,12,256393,103536],"class_list":["post-1236045","post","type-post","status-publish","format-standard","has-post-thumbnail","category-eu","tag-aktuelle-nachrichten","tag-aktuelle-news","tag-automechanika-2026","tag-ersatzteile-und-zubehoer","tag-eu","tag-europa","tag-europaeische-union","tag-europe","tag-european-union","tag-headlines","tag-messen","tag-nachrichten","tag-news","tag-nutzfahrzeuge","tag-schlagzeilen","tag-werkstatt-ausruestung","tag-zulieferindustrie"],"share_on_mastodon":{"url":"","error":""},"_links":{"self":[{"href":"https:\/\/www.europesays.com\/de\/wp-json\/wp\/v2\/posts\/1236045","targetHints":{"allow":["GET"]}}],"collection":[{"href":"https:\/\/www.europesays.com\/de\/wp-json\/wp\/v2\/posts"}],"about":[{"href":"https:\/\/www.europesays.com\/de\/wp-json\/wp\/v2\/types\/post"}],"author":[{"embeddable":true,"href":"https:\/\/www.europesays.com\/de\/wp-json\/wp\/v2\/users\/2"}],"replies":[{"embeddable":true,"href":"https:\/\/www.europesays.com\/de\/wp-json\/wp\/v2\/comments?post=1236045"}],"version-history":[{"count":0,"href":"https:\/\/www.europesays.com\/de\/wp-json\/wp\/v2\/posts\/1236045\/revisions"}],"wp:featuredmedia":[{"embeddable":true,"href":"https:\/\/www.europesays.com\/de\/wp-json\/wp\/v2\/media\/1236046"}],"wp:attachment":[{"href":"https:\/\/www.europesays.com\/de\/wp-json\/wp\/v2\/media?parent=1236045"}],"wp:term":[{"taxonomy":"category","embeddable":true,"href":"https:\/\/www.europesays.com\/de\/wp-json\/wp\/v2\/categories?post=1236045"},{"taxonomy":"post_tag","embeddable":true,"href":"https:\/\/www.europesays.com\/de\/wp-json\/wp\/v2\/tags?post=1236045"}],"curies":[{"name":"wp","href":"https:\/\/api.w.org\/{rel}","templated":true}]}}