{"id":1236122,"date":"2026-08-14T13:34:17","date_gmt":"2026-08-14T13:34:17","guid":{"rendered":"https:\/\/www.europesays.com\/de\/1236122\/"},"modified":"2026-08-14T13:34:17","modified_gmt":"2026-08-14T13:34:17","slug":"fotokuenstler-thomas-brenner-mit-trauercontainer-kaiserslautern","status":"publish","type":"post","link":"https:\/\/www.europesays.com\/de\/1236122\/","title":{"rendered":"Fotok\u00fcnstler Thomas Brenner mit Trauercontainer &#8211; Kaiserslautern"},"content":{"rendered":"<p class=\"rhp-dpa-teaser\"><b>Thomas Brenner ist ein  engagierter Fotok\u00fcnstler. Jetzt setzt er sich erneut mit den \u201eletzten Dingen\u201c um Sterben und Tod intensiv auseinander.<\/b><\/p>\n<p>Der Kaiserslauterer Fotograf <a class=\"rtr-entity\" data-rtr-entity=\"Thomas Brenner\" data-rtr-id=\"15598e38d15151b32fbf3d9473a58110a92d2dfc\" data-rtr-score=\"811.0189388010643\" data-rtr-etype=\"person\" data-rtr-index=\"7\" href=\"https:\/\/www.rheinpfalz.de\/themen\/thomas-brenner\" rel=\"nofollow noopener\" target=\"_blank\">Thomas Brenner<\/a> steht derzeit mit seinen gesellschaftlich engagierten Fotoaktionen im Fokus. Gleich in mehreren St\u00e4dten, von  <a class=\"rtr-entity\" data-rtr-entity=\"Alzey\" data-rtr-id=\"ad574e3bcf8452a5dfbd6d974416a62ecd6ce4df\" data-rtr-score=\"7.315698857411175\" data-rtr-etype=\"location\" data-rtr-index=\"31\" href=\"https:\/\/www.rheinpfalz.de\/themen\/alzey\" rel=\"nofollow noopener\" target=\"_blank\">Alzey<\/a> bis <a class=\"rtr-entity\" data-rtr-entity=\"Zweibr\u00fccken\" data-rtr-id=\"759410f706795b3cb5fcb8210831ec1e65ee2191\" data-rtr-score=\"7.303959931131632\" data-rtr-etype=\"location\" data-rtr-index=\"12\" href=\"http:\/\/rheinpfalz.de\/lokal\/zweibruecken.html\" rel=\"nofollow noopener\" target=\"_blank\">Zweibr\u00fccken<\/a>, von <a class=\"rtr-entity\" data-rtr-entity=\"Kaiserslautern\" data-rtr-id=\"2e45d766a4c9673ced6978c3c8ae30a2c71428e1\" data-rtr-score=\"43.70402253873846\" data-rtr-etype=\"location\" data-rtr-index=\"5\" href=\"http:\/\/rheinpfalz.de\/lokal\/kaiserslautern.html\" rel=\"nofollow noopener\" target=\"_blank\">Kaiserslautern<\/a> bis <a class=\"rtr-entity\" data-rtr-entity=\"Kusel\" data-rtr-id=\"c397b6d21ed2d074b927ef30cae0107bfb4e3c87\" data-rtr-score=\"7.261699796525278\" data-rtr-etype=\"location\" data-rtr-index=\"32\" href=\"https:\/\/www.rheinpfalz.de\/lokal\/kreis-kusel.html\" rel=\"nofollow noopener\" target=\"_blank\">Kusel<\/a> und  von <a class=\"rtr-entity\" data-rtr-entity=\"Mainz\" data-rtr-id=\"e3ec7426bbabd4c2629b469564eb0c8ee33bc951\" data-rtr-score=\"7.244091407105963\" data-rtr-etype=\"location\" data-rtr-index=\"33\" href=\"https:\/\/www.rheinpfalz.de\/themen\/mainz\" rel=\"nofollow noopener\" target=\"_blank\">Mainz<\/a> bis <a class=\"rtr-entity\" data-rtr-entity=\"Mannheim\" data-rtr-id=\"8e39f98d121d00ffdaf4f78a2ae2e7dea2653ba7\" data-rtr-score=\"7.23235248082642\" data-rtr-etype=\"location\" data-rtr-index=\"16\" href=\"http:\/\/rheinpfalz.de\/lokal\/mannheim.html\" rel=\"nofollow noopener\" target=\"_blank\">Mannheim<\/a>,  inszenierte er  Kampagnen zu Demokratie, Akzeptanz und Vielfalt mit unz\u00e4hligen B\u00fcrgerportr\u00e4ts.<\/p>\n<p class=\"rhp-teaser\"><b>Thomas Brenner ist ein  engagierter Fotok\u00fcnstler. Jetzt setzt er sich erneut mit den \u201eletzten Dingen\u201c um Sterben und Tod intensiv auseinander.<\/b><\/p>\n","protected":false},"excerpt":{"rendered":"Thomas Brenner ist ein engagierter Fotok\u00fcnstler. Jetzt setzt er sich erneut mit den \u201eletzten Dingen\u201c um Sterben und&hellip;\n","protected":false},"author":2,"featured_media":1236123,"comment_status":"","ping_status":"","sticky":false,"template":"","format":"standard","meta":{"footnotes":"","_share_on_mastodon":"0"},"categories":[1775],"tags":[5650,1793,29,3405,214,30,15352,1794,115529,4060,1427,2096,256417,256416,215,5130],"class_list":["post-1236122","post","type-post","status-publish","format-standard","has-post-thumbnail","category-kunst-und-design","tag-alzey","tag-art-and-design","tag-deutschland","tag-duesseldorf","tag-entertainment","tag-germany","tag-kaiserslautern","tag-kunst-und-design","tag-kusel","tag-lokal","tag-mainz","tag-mannheim","tag-peter-spitzley","tag-thomas-brenner","tag-unterhaltung","tag-zweibruecken"],"share_on_mastodon":{"url":"https:\/\/pubeurope.com\/@de\/117094125852417319","error":""},"_links":{"self":[{"href":"https:\/\/www.europesays.com\/de\/wp-json\/wp\/v2\/posts\/1236122","targetHints":{"allow":["GET"]}}],"collection":[{"href":"https:\/\/www.europesays.com\/de\/wp-json\/wp\/v2\/posts"}],"about":[{"href":"https:\/\/www.europesays.com\/de\/wp-json\/wp\/v2\/types\/post"}],"author":[{"embeddable":true,"href":"https:\/\/www.europesays.com\/de\/wp-json\/wp\/v2\/users\/2"}],"replies":[{"embeddable":true,"href":"https:\/\/www.europesays.com\/de\/wp-json\/wp\/v2\/comments?post=1236122"}],"version-history":[{"count":0,"href":"https:\/\/www.europesays.com\/de\/wp-json\/wp\/v2\/posts\/1236122\/revisions"}],"wp:featuredmedia":[{"embeddable":true,"href":"https:\/\/www.europesays.com\/de\/wp-json\/wp\/v2\/media\/1236123"}],"wp:attachment":[{"href":"https:\/\/www.europesays.com\/de\/wp-json\/wp\/v2\/media?parent=1236122"}],"wp:term":[{"taxonomy":"category","embeddable":true,"href":"https:\/\/www.europesays.com\/de\/wp-json\/wp\/v2\/categories?post=1236122"},{"taxonomy":"post_tag","embeddable":true,"href":"https:\/\/www.europesays.com\/de\/wp-json\/wp\/v2\/tags?post=1236122"}],"curies":[{"name":"wp","href":"https:\/\/api.w.org\/{rel}","templated":true}]}}