{"id":1236256,"date":"2026-08-14T15:09:16","date_gmt":"2026-08-14T15:09:16","guid":{"rendered":"https:\/\/www.europesays.com\/de\/1236256\/"},"modified":"2026-08-14T15:09:16","modified_gmt":"2026-08-14T15:09:16","slug":"deutsche-bahn-neue-umleitungen-fuer-korridorsanierung-lehrte-berlin-noetig-2","status":"publish","type":"post","link":"https:\/\/www.europesays.com\/de\/1236256\/","title":{"rendered":"Deutsche Bahn: Neue Umleitungen f\u00fcr Korridorsanierung Lehrte-Berlin n\u00f6tig"},"content":{"rendered":"<p class=\"paragraph article__item\">Die <a class=\"rtr-entity\" href=\"https:\/\/www.zeit.de\/thema\/deutsche-bahn\" rel=\"nofollow noopener\" target=\"_blank\">Deutsche Bahn<\/a> muss w\u00e4hrend der umfassenden Sanierung der Strecke Lehrte-Berlin im kommenden Jahr den Zugverkehr anders umleiten als bisher geplant. Grund daf\u00fcr sind Verz\u00f6gerungen bei der Elektrifizierung der parallel verlaufenden Lehrter Stammbahn, wie der bundeseigene Konzern mitteilte.\u00a0\n<\/p>\n<p>Aktuelles<\/p>\n<p>                <a href=\"https:\/\/www.zeit.de\/mobilitaet\/2026-08\/generalsanierung-bahn-evelyn-palla-sanierungsplan-bahnstrecken\" data-ct-label=\"Deutsche Bahn: Deutsche Bahn will Generalsanierungspl\u00e4ne \u00fcberarbeiten\" data-uuid=\"d473579a-5035-412a-961a-e2b88e6ce43d\" rel=\"nofollow noopener\" target=\"_blank\"><\/p>\n<p>                        Deutsche Bahn:<br \/>\n                        Deutsche Bahn will Generalsanierungspl\u00e4ne \u00fcberarbeiten<\/p>\n<p>                <\/a><\/p>\n<p>                <a href=\"https:\/\/www.zeit.de\/mobilitaet\/2026-08\/bahnstrecke-hamburg-berlin-generalsanierung-deutsche-bahn-puenktlichkeit\" data-ct-label=\"Bahnstrecke Hamburg\u2013Berlin: Nur jeder vierte Zug zwischen Hamburg und Berlin ist p\u00fcnktlich\" data-uuid=\"b3822c0c-8939-42d1-b85e-958383ef3e48\" rel=\"nofollow noopener\" target=\"_blank\"><\/p>\n<p>                        Bahnstrecke Hamburg\u2013Berlin:<br \/>\n                        Nur jeder vierte Zug zwischen Hamburg und Berlin ist p\u00fcnktlich<\/p>\n<p>                <\/a><\/p>\n<p>                <a href=\"https:\/\/www.zeit.de\/mobilitaet\/2026-07\/patrick-schnieder-verkehrsminister-friedrich-merz-kabinett-umbau-cdu\" data-ct-label=\"Patrick Schnieder: Warum er, warum jetzt?\" data-uuid=\"6848402a-0381-4237-9944-bc778ba24da8\" rel=\"nofollow noopener\" target=\"_blank\"><\/p>\n<p>        Z+ (abopflichtiger Inhalt);<\/p>\n<p>    Patrick Schnieder:<br \/>\n                        Warum er, warum jetzt?<\/p>\n<p>                <\/a><\/p>\n<p class=\"paragraph article__item\">Eigentlich sollte diese den Angaben zufolge schon in diesem Jahr fertig werden. Dann h\u00e4tten die Z\u00fcge w\u00e4hrend der Generalsanierung und der damit einhergehenden Streckensperrung zwischen Lehrte und <a class=\"rtr-entity\" href=\"https:\/\/www.zeit.de\/thema\/berlin\" rel=\"nofollow noopener\" target=\"_blank\">Berlin<\/a> im kommenden Jahr zumindest in eine Richtung \u00fcber die Stammbahn umgeleitet werden k\u00f6nnen.\n<\/p>\n<p>                        Neues Verkehrskonzept geplant            <\/p>\n<p class=\"paragraph article__item\">Doch nun dauere die Elektrifizierung deutlich l\u00e4nger und werde erst Ende 2027 fertig, teilte die Bahn weiter mit. Daher will das Unternehmen in den n\u00e4chsten Wochen mit der Branche und den betroffenen Regionen ein neues Verkehrskonzept entwickeln. Vorgesehen sei, geplante Sperrungen auf anderen Streckenabschnitten zu verk\u00fcrzen, oder zu verschieben, \u00abinsbesondere zwischen Halle und Eichenberg sowie zwischen Bebra und Fulda\u00bb.\u00a0\n<\/p>\n<p class=\"paragraph article__item\">Der erste Teil der Generalsanierung zwischen Lehrte und Berlin erfolgt schon in diesem Jahr zwischen dem 2. Oktober und dem 12. Dezember. F\u00fcr diese Bauphase \u00e4ndere sich nichts, betonte die Bahn. Das bereits ver\u00f6ffentlichte Verkehrskonzept f\u00fcr Reisende im Regional- und Fernverkehr bleibe unver\u00e4ndert.\n<\/p>\n<p>            Kritik von den Wettbewerbern            <\/p>\n<p class=\"paragraph article__item\">Mit den Generalsanierungen will die Deutsche Bahn bis Mitte der 30er Jahre mehr als 40 stark ausgelastete Streckenkorridore umfassend sanieren und damit wieder f\u00fcr mehr Zuverl\u00e4ssigkeit im Netz sorgen. Nach Verz\u00f6gerungen und Problemen bei zuletzt zwei solcher Sanierungsprojekte hat Bahnchefin Evelyn Palla angek\u00fcndigt, das Konzept zu \u00fcberpr\u00fcfen und Zeitpl\u00e4ne anzupassen.\n<\/p>\n<p class=\"paragraph article__item\">Der Wettbewerberverband Die G\u00fcterbahnen bekr\u00e4ftigte erneut seine Kritik an dem Gesamtkonzept der Sanierungen. \u00abDas Konzept der Korridorsanierung kriegt bei ann\u00e4hernd jeder Strecke Risse\u00bb, teilte der Verband mit. Explodierende Kosten, Verz\u00f6gerungen, chaotische Umleitungen und Plan\u00e4nderungen geh\u00f6rten inzwischen zum Standardprogramm. \u00abGr\u00f6\u00dfere Bauma\u00dfnahmen werden nicht ausreichend miteinander verzahnt.\u00bb Bund und Bahn m\u00fcssten nun schnell einen Vorschlag machen, um das Konzept auf tragf\u00e4hige F\u00fc\u00dfe zu stellen.\n<\/p>\n<p class=\"paragraph article__item\">\u00a9 dpa-infocom, dpa:260814-930-530807\/2<\/p>\n","protected":false},"excerpt":{"rendered":"Die Deutsche Bahn muss w\u00e4hrend der umfassenden Sanierung der Strecke Lehrte-Berlin im kommenden Jahr den Zugverkehr anders umleiten&hellip;\n","protected":false},"author":2,"featured_media":1236257,"comment_status":"","ping_status":"","sticky":false,"template":"","format":"standard","meta":{"footnotes":"","_share_on_mastodon":"0"},"categories":[1825],"tags":[1941,1939,296,1937,2030,29,12471,30,220630,3794,1940,15,1938,256443,4073,2869],"class_list":["post-1236256","post","type-post","status-publish","format-standard","has-post-thumbnail","category-berlin","tag-aktuelle-nachrichten-aus-berlin","tag-aktuelle-news-aus-berlin","tag-berlin","tag-berlin-news","tag-deutsche-bahn","tag-deutschland","tag-elektrifizierung","tag-germany","tag-korridorsanierung","tag-lehrte","tag-nachrichten-aus-berlin","tag-news","tag-news-aus-berlin","tag-stammbahn","tag-umleitung","tag-zugverkehr"],"share_on_mastodon":{"url":"https:\/\/pubeurope.com\/@de\/117094499467822319","error":""},"_links":{"self":[{"href":"https:\/\/www.europesays.com\/de\/wp-json\/wp\/v2\/posts\/1236256","targetHints":{"allow":["GET"]}}],"collection":[{"href":"https:\/\/www.europesays.com\/de\/wp-json\/wp\/v2\/posts"}],"about":[{"href":"https:\/\/www.europesays.com\/de\/wp-json\/wp\/v2\/types\/post"}],"author":[{"embeddable":true,"href":"https:\/\/www.europesays.com\/de\/wp-json\/wp\/v2\/users\/2"}],"replies":[{"embeddable":true,"href":"https:\/\/www.europesays.com\/de\/wp-json\/wp\/v2\/comments?post=1236256"}],"version-history":[{"count":0,"href":"https:\/\/www.europesays.com\/de\/wp-json\/wp\/v2\/posts\/1236256\/revisions"}],"wp:featuredmedia":[{"embeddable":true,"href":"https:\/\/www.europesays.com\/de\/wp-json\/wp\/v2\/media\/1236257"}],"wp:attachment":[{"href":"https:\/\/www.europesays.com\/de\/wp-json\/wp\/v2\/media?parent=1236256"}],"wp:term":[{"taxonomy":"category","embeddable":true,"href":"https:\/\/www.europesays.com\/de\/wp-json\/wp\/v2\/categories?post=1236256"},{"taxonomy":"post_tag","embeddable":true,"href":"https:\/\/www.europesays.com\/de\/wp-json\/wp\/v2\/tags?post=1236256"}],"curies":[{"name":"wp","href":"https:\/\/api.w.org\/{rel}","templated":true}]}}