{"id":1236557,"date":"2026-08-14T18:15:17","date_gmt":"2026-08-14T18:15:17","guid":{"rendered":"https:\/\/www.europesays.com\/de\/1236557\/"},"modified":"2026-08-14T18:15:17","modified_gmt":"2026-08-14T18:15:17","slug":"eishockey-eisbaeren-berlin-starten-historische-titeljagd","status":"publish","type":"post","link":"https:\/\/www.europesays.com\/de\/1236557\/","title":{"rendered":"Eishockey: Eisb\u00e4ren Berlin starten historische Titeljagd"},"content":{"rendered":"<p class=\"paragraph article__item\">Die <a class=\"rtr-entity\" href=\"https:\/\/www.zeit.de\/thema\/eisbaeren-berlin\" rel=\"nofollow noopener\" target=\"_blank\">Eisb\u00e4ren Berlin<\/a> begeben sich nach dem Titelhattrick auf eine historische Mission in der Deutschen Eishockey Liga (DEL). \u00abBisher hat noch keine Mannschaft viermal hintereinander die Meisterschaft in der DEL gewonnen\u00bb, sagte der neue Eisb\u00e4ren-Trainer Eric Dubios, Nachfolger von Serge Aubin, nach dem \u00f6ffentlichen Trainingsauftakt vor 2.000 jubelnden Fans im Wellblechpalast. \u00abWenn es ein Team schafft, dann die Eisb\u00e4ren Berlin.\u00bb\n<\/p>\n<p>Aktuelles<\/p>\n<p>                <a href=\"https:\/\/www.zeit.de\/sport\/2026-07\/radsport-tour-de-france-ki-simulation-training\" data-ct-label=\"Radsport: Und bald wollen sie die Fahrer klonen\" data-uuid=\"27645e45-008e-40e0-9f88-25719a3d8d71\" rel=\"nofollow noopener\" target=\"_blank\"><\/p>\n<p>        Z+ (abopflichtiger Inhalt);<\/p>\n<p>    Radsport:<br \/>\n                        Und bald wollen sie die Fahrer klonen<\/p>\n<p>                <\/a><\/p>\n<p>                <a href=\"https:\/\/www.zeit.de\/2026\/31\/fussball-wm-2026-deutschland-julian-nagelsmann-juergen-klopp\" data-ct-label=\"Fu\u00dfball-WM 2026: Wie viel Dorfverein steckt in dieser WM?\" data-uuid=\"2ddb271f-17aa-4ded-80c6-a59965a31fb5\" rel=\"nofollow noopener\" target=\"_blank\"><\/p>\n<p>                        Fu\u00dfball-WM 2026:<br \/>\n                        Wie viel Dorfverein steckt in dieser WM?<\/p>\n<p>                <\/a><\/p>\n<p>                <a href=\"https:\/\/www.zeit.de\/sport\/2026-07\/lionel-scaloni-luis-de-la-fuente-fussball-wm-finale-argentinien-spanien\" data-ct-label=\"Lionel Scaloni und Luis de la Fuente: Das Prinzip Familie\" data-uuid=\"66c7a855-d1ef-48c2-9be9-024793d02bda\" rel=\"nofollow noopener\" target=\"_blank\"><\/p>\n<p>                        Lionel Scaloni und Luis de la Fuente:<br \/>\n                        Das Prinzip Familie<\/p>\n<p>                <\/a><\/p>\n<p class=\"paragraph article__item\">W\u00e4hrend au\u00dferhalb des \u00abWellis\u00bb um die 34 Grad herrschten, zeigten die Profis in Spielformen ihre K\u00fcnste vor den begeisterten Anh\u00e4ngern und verteilten nach der Einheit flei\u00dfig Autogramme. \u00abDas ist schon etwas sehr Spezielles\u00bb, sagte der neue Torh\u00fcter Jonas Neffin, der von den Eisb\u00e4ren Regensburg aus der DEL2 zu den gro\u00dfen Eisb\u00e4ren nach <a class=\"rtr-entity\" href=\"https:\/\/www.zeit.de\/thema\/berlin\" rel=\"nofollow noopener\" target=\"_blank\">Berlin<\/a> gewechselt ist.\n<\/p>\n<p>            Extra Anreiz f\u00fcr Kapit\u00e4n Wissmann            <\/p>\n<p class=\"paragraph article__item\">Auch Kai Wissmann freute sich \u00fcber die vielen Anh\u00e4nger. \u00abDann wird es in der Halle auch ein bisschen w\u00e4rmer. Aber es ist sehr sch\u00f6n, dass so viele bei solchen Temperaturen kommen\u00bb, sagte der 29 Jahre alte Verteidiger, der von Dubois zum Kapit\u00e4n bestimmt worden war.\n<\/p>\n<p class=\"paragraph article__item\">F\u00fcr Wissmann steht die erneute Jagd nach dem Meistertitel im Vordergrund. \u00abNat\u00fcrlich wollen wir weiterhin Erfolg haben und ich glaube auch daran, dass wir die M\u00f6glichkeiten haben werden\u00bb, sagte der Nationalspieler.\u00a0\n<\/p>\n<p class=\"paragraph article__item\">Ein zus\u00e4tzlicher Kick kommt f\u00fcr Wissmann durch den neuen Trainer und dessen neue Ideen hinzu, ebenso wie die magische Vier: \u00abNat\u00fcrlich kann man immer sagen, dass wir Meister werden wollen. Aber es gibt einen extra Anreiz dadurch, dass es noch nie ein Team gab, das dieses Ziel erreicht hat.\u00bb\n<\/p>\n<p class=\"paragraph article__item\">\u00a9 dpa-infocom, dpa:260814-930-532181\/1<\/p>\n","protected":false},"excerpt":{"rendered":"Die Eisb\u00e4ren Berlin begeben sich nach dem Titelhattrick auf eine historische Mission in der Deutschen Eishockey Liga (DEL).&hellip;\n","protected":false},"author":2,"featured_media":1236558,"comment_status":"","ping_status":"","sticky":false,"template":"","format":"standard","meta":{"footnotes":"","_share_on_mastodon":"0"},"categories":[1825],"tags":[296,2097,29,2098,2100,30,10100,15,2092,256510,256509],"class_list":["post-1236557","post","type-post","status-publish","format-standard","has-post-thumbnail","category-berlin","tag-berlin","tag-del","tag-deutschland","tag-eisbaeren-berlin","tag-eishockey","tag-germany","tag-kai-wissmann","tag-news","tag-serge-aubin","tag-titelhattrick","tag-titeljagd"],"share_on_mastodon":{"url":"https:\/\/pubeurope.com\/@de\/117095230856100849","error":""},"_links":{"self":[{"href":"https:\/\/www.europesays.com\/de\/wp-json\/wp\/v2\/posts\/1236557","targetHints":{"allow":["GET"]}}],"collection":[{"href":"https:\/\/www.europesays.com\/de\/wp-json\/wp\/v2\/posts"}],"about":[{"href":"https:\/\/www.europesays.com\/de\/wp-json\/wp\/v2\/types\/post"}],"author":[{"embeddable":true,"href":"https:\/\/www.europesays.com\/de\/wp-json\/wp\/v2\/users\/2"}],"replies":[{"embeddable":true,"href":"https:\/\/www.europesays.com\/de\/wp-json\/wp\/v2\/comments?post=1236557"}],"version-history":[{"count":0,"href":"https:\/\/www.europesays.com\/de\/wp-json\/wp\/v2\/posts\/1236557\/revisions"}],"wp:featuredmedia":[{"embeddable":true,"href":"https:\/\/www.europesays.com\/de\/wp-json\/wp\/v2\/media\/1236558"}],"wp:attachment":[{"href":"https:\/\/www.europesays.com\/de\/wp-json\/wp\/v2\/media?parent=1236557"}],"wp:term":[{"taxonomy":"category","embeddable":true,"href":"https:\/\/www.europesays.com\/de\/wp-json\/wp\/v2\/categories?post=1236557"},{"taxonomy":"post_tag","embeddable":true,"href":"https:\/\/www.europesays.com\/de\/wp-json\/wp\/v2\/tags?post=1236557"}],"curies":[{"name":"wp","href":"https:\/\/api.w.org\/{rel}","templated":true}]}}