{"id":1236653,"date":"2026-08-14T19:24:30","date_gmt":"2026-08-14T19:24:30","guid":{"rendered":"https:\/\/www.europesays.com\/de\/1236653\/"},"modified":"2026-08-14T19:24:30","modified_gmt":"2026-08-14T19:24:30","slug":"generalsanierung-zwischen-lehrte-und-berlin-bahn-muss-umplanen","status":"publish","type":"post","link":"https:\/\/www.europesays.com\/de\/1236653\/","title":{"rendered":"Generalsanierung zwischen Lehrte und Berlin: Bahn muss umplanen"},"content":{"rendered":"<p>        <img decoding=\"async\" src=\"https:\/\/www.europesays.com\/de\/wp-content\/uploads\/2026\/08\/bahn2726.webp\" alt=\"Gleise von Oben in einer Nahaufnahme fotografiert.\" title=\"Gleise von Oben in einer Nahaufnahme fotografiert. | NDR, Pavel Stoyan\" class=\"responsive\"\/><\/p>\n<p>\n                Stand: 14.08.2026 20:29 Uhr<\/p>\n<p class=\"preface\">Die Deutsche Bahn (DB) muss bei der Generalsanierung der Strecke zwischen Lehrte (Region Hannover) und Berlin umplanen. Der Grund daf\u00fcr seien Probleme auf einer Ausweichstrecke.<\/p>\n<p class=\"\">Bislang war geplant, dass die Fernz\u00fcge w\u00e4hrend der Bauarbeiten im kommenden Jahr zwischen <a href=\"https:\/\/www.ndr.de\/nachrichten\/niedersachsen\/bahnstrecke-lehrte-berlin-wird-fuer-zehn-monate-gesperrt,generalsanierung-126.html\" title=\"Bahnstrecke Lehrte - Berlin wird f\u00fcr zehn Monate gesperrt\" rel=\"nofollow noopener\" target=\"_blank\">Lehrte und Berlin<\/a> zumindest in einer Richtung ohne gro\u00dfen Zeitverlust \u00fcber die parallel zur Fernzugstrecke verlaufende sogenannte Lehrter Stammbahn fahren. F\u00fcr die andere Fahrtrichtung war eine Umleitung vorgesehen, welche die Fahrzeit zwischen Hannover und Berlin um 60 bis 80 Minuten verl\u00e4ngern w\u00fcrde. Allerdings k\u00f6nne die Lehrter Stammbahn erst im Laufe des Jahres 2027 mit Oberleitungen ausgestattet werden, teilte der Konzern am Freitag mit. Demnach wird die Strecke voraussichtlich bis Dezember 2027 gesperrt bleiben. Der Fernverkehr zwischen Hannover und Berlin werde w\u00e4hrend der Sanierung der Schnellstrecke in beide Richtungen umgeleitet. Die Bahn will eigenen Angaben zufolge in den n\u00e4chsten Wochen mit der Branche sowie den betroffenen Regionen ein neues Verkehrskonzept entwickeln.<\/p>\n<p>    Sperrungen verk\u00fcrzen oder verschieben<\/p>\n<p class=\"\">Denkbar w\u00e4re es geplante Sperrungen auf anderen Streckenabschnitten zu verk\u00fcrzen oder zu verschieben, &#8222;insbesondere zwischen Halle und Eichenberg sowie zwischen Bebra und Fulda&#8220;, hie\u00df es von der Deutschen Bahn. F\u00fcr den ersten Teil der <a href=\"https:\/\/www.ndr.de\/nachrichten\/info\/generalsanierung-was-bahnreisende-in-norddeutschland-wissen-muessen,bahnsanierung104.html\" title=\"Generalsanierung: Was Bahnreisende in Norddeutschland wissen m\u00fcssen\" rel=\"nofollow noopener\" target=\"_blank\">Generalsanierung<\/a> der Strecke Lehrte-Berlin zwischen dem 2. Oktober und dem 12. Dezember dieses Jahres \u00e4ndere sich aber nichts. Das bereits ver\u00f6ffentlichte Verkehrskonzept f\u00fcr Reisende im Regional- und Fernverkehr bleibe unver\u00e4ndert. Auf der gut 227 Kilometer langen Strecke Lehrte-Berlin sollen laut Bahnkonzern unter anderem Weichen und L\u00e4rmschutzw\u00e4nde ausgetauscht sowie Bahnh\u00f6fe saniert werden.<\/p>\n<p>        <img decoding=\"async\" src=\"https:\/\/www.europesays.com\/de\/wp-content\/uploads\/2026\/07\/bahnstrecke372.webp\" alt=\"Ein Bautrupp der Deutschen Bahn repariert Gleise.\" title=\"Ein Bautrupp der Deutschen Bahn repariert Gleise. | picture alliance\/dpa, Roland Weihrauch\" class=\"responsive\" loading=\"lazy\"\/><\/p>\n<p>CDU und SPD haben einen Beschluss \u00fcber das Bahn-Projekt auf die Zeit nach den Kommunalwahlen in Niedersachsen vertagt.<\/p>\n<p>        <img decoding=\"async\" src=\"https:\/\/www.europesays.com\/de\/wp-content\/uploads\/2026\/04\/gleise138.webp\" alt=\"ICE-Trasse mit Gleisbett\" title=\"ICE-Trasse mit Gleisbett | NDR, Julius Matuschik\" class=\"responsive\" loading=\"lazy\"\/><\/p>\n<p>Die Strecke zwischen Hamburg und Berlin ist seit Mitte Juni wieder komplett frei. Der Bus-Ersatzverkehr ist beendet. Zwischen Hamburg und Hannover wird noch gebaut.<\/p>\n<p>        <img decoding=\"async\" src=\"https:\/\/www.europesays.com\/de\/wp-content\/uploads\/2026\/08\/bahngleise-110.webp\" alt=\"Mit schwerer Technik wird auf einem Teilst\u00fcck der Bahnstrecke Hamburg-Berlin die vor Jahrzehnten angelegte feste Fahrbahn aus Beton abgebaut. (Themenbild)\" title=\"Mit schwerer Technik wird auf einem Teilst\u00fcck der Bahnstrecke Hamburg-Berlin die vor Jahrzehnten angelegte feste Fahrbahn aus Beton abgebaut. (Themenbild) | picture alliance\/dpa | Jens B\u00fcttner\" class=\"responsive\" loading=\"lazy\"\/><\/p>\n<p>Am 1. Mai hat die Sanierung begonnen. Die Strecke ist teilweise gesperrt. Der Fernverkehr wird bis 10. Juli umgeleitet.<\/p>\n<p>Dieses Thema im Programm:<\/p>\n<p>                NDR 1 Niedersachsen | Aktuell | 14.08.2026 | 20:00 Uhr<\/p>\n","protected":false},"excerpt":{"rendered":"Stand: 14.08.2026 20:29 Uhr Die Deutsche Bahn (DB) muss bei der Generalsanierung der Strecke zwischen Lehrte (Region Hannover)&hellip;\n","protected":false},"author":2,"featured_media":1236654,"comment_status":"","ping_status":"","sticky":false,"template":"","format":"standard","meta":{"footnotes":"","_share_on_mastodon":"0"},"categories":[1836],"tags":[590,296,3364,2030,29,30,46,3794,14,15,1411,4108,46950,256519],"class_list":["post-1236653","post","type-post","status-publish","format-standard","has-post-thumbnail","category-hannover","tag-aktuell","tag-berlin","tag-de","tag-deutsche-bahn","tag-deutschland","tag-germany","tag-hannover","tag-lehrte","tag-nachrichten","tag-news","tag-niedersachsen","tag-sanierung","tag-umleitungsstrecke","tag-umplanen"],"share_on_mastodon":{"url":"https:\/\/pubeurope.com\/@de\/117095504344535714","error":""},"_links":{"self":[{"href":"https:\/\/www.europesays.com\/de\/wp-json\/wp\/v2\/posts\/1236653","targetHints":{"allow":["GET"]}}],"collection":[{"href":"https:\/\/www.europesays.com\/de\/wp-json\/wp\/v2\/posts"}],"about":[{"href":"https:\/\/www.europesays.com\/de\/wp-json\/wp\/v2\/types\/post"}],"author":[{"embeddable":true,"href":"https:\/\/www.europesays.com\/de\/wp-json\/wp\/v2\/users\/2"}],"replies":[{"embeddable":true,"href":"https:\/\/www.europesays.com\/de\/wp-json\/wp\/v2\/comments?post=1236653"}],"version-history":[{"count":0,"href":"https:\/\/www.europesays.com\/de\/wp-json\/wp\/v2\/posts\/1236653\/revisions"}],"wp:featuredmedia":[{"embeddable":true,"href":"https:\/\/www.europesays.com\/de\/wp-json\/wp\/v2\/media\/1236654"}],"wp:attachment":[{"href":"https:\/\/www.europesays.com\/de\/wp-json\/wp\/v2\/media?parent=1236653"}],"wp:term":[{"taxonomy":"category","embeddable":true,"href":"https:\/\/www.europesays.com\/de\/wp-json\/wp\/v2\/categories?post=1236653"},{"taxonomy":"post_tag","embeddable":true,"href":"https:\/\/www.europesays.com\/de\/wp-json\/wp\/v2\/tags?post=1236653"}],"curies":[{"name":"wp","href":"https:\/\/api.w.org\/{rel}","templated":true}]}}