{"id":1236712,"date":"2026-08-14T20:01:20","date_gmt":"2026-08-14T20:01:20","guid":{"rendered":"https:\/\/www.europesays.com\/de\/1236712\/"},"modified":"2026-08-14T20:01:20","modified_gmt":"2026-08-14T20:01:20","slug":"wiedersehen-bei-watzmann-ermittelt-diese-stars-sind-neu-dabei","status":"publish","type":"post","link":"https:\/\/www.europesays.com\/de\/1236712\/","title":{"rendered":"Wiedersehen bei &#8222;Watzmann ermittelt&#8220; \u2013 diese Stars sind neu dabei"},"content":{"rendered":"<p>\nNach Amputation seines Fu\u00dfes\n<\/p>\n<p>Aktualisiert am 14.08.2026, 21:03 Uhr\n<\/p>\n<p><a href=\"https:\/\/i0.web.de\/image\/896\/42604896,pd=1\/16-juni-2026-laufen-berchtesgaden-watzmann-umgebun.jpg\" data-brain-zone=\".42604894.content.lead.1\" data-component-path=\"content.lead.1\" data-component-name=\"article-image\" rel=\"nofollow noopener\" target=\"_blank\"> <\/p>\n<p><img loading=\"lazy\" decoding=\"async\" src=\"https:\/\/www.europesays.com\/de\/wp-content\/uploads\/2026\/08\/16-juni-2026-laufen-berchtesgaden-watzmann-umgebun.jpg\" alt=\"Seit dem 16. Juni 2026 laufen in Berchtesgaden, am Watzmann und Umgebung die Dreharbeiten f\u00fcr ...\" width=\"950\" height=\"534\"\/><\/p>\n<p><\/a> <\/p>\n<p>\nSeit dem 16. Juni 2026 laufen in Berchtesgaden, am Watzmann und Umgebung die Dreharbeiten f\u00fcr die achte Staffel der ARD-Vorabendserie &#8222;Watzmann ermittelt&#8220; mit den Kommissaren (v.l.) Jerry Paulsen (Peter Marton), Benedikt Beissl (Andreas Giebel) und Sophia Strasser (Katharina Leonore Goebel).<br \/>\n\u00a9\u00a0ARD\/Lucky Bird Pictures\/Laurent Tr\u00fcmper\n<\/p>\n<p class=\"content__description\" data-speakable=\"\">In Berchtesgaden entstehen seit Juni zw\u00f6lf neue Folgen der achten Staffel von &#8222;Watzmann ermittelt&#8220;. Aglaia Szyszkowitz und Arne K\u00fcbler sto\u00dfen zum Ermittlerteam. Andreas Giebel bleibt nach seiner Fu\u00dfamputation Teil des Hauptcasts. Erste Fotos zeigen ihn im Rollstuhl.<\/p>\n<p data-speakable=\"\">In Berchtesgaden wird wieder gedreht: Seit dem 16. Juni entstehen dort und in der umliegenden Region zw\u00f6lf neue Folgen der achten Staffel von &#8222;Watzmann ermittelt&#8220; (seit 2019). Das teilte die <a data-component-name=\"link.semantic\" data-brain-zone=\".42604894.content.textlink_1\" data-component-path=\"content.textlink_1\" href=\"https:\/\/web.de\/magazine\/wirtschaft\/thema\/ard\" rel=\"nofollow noopener\" target=\"_blank\">ARD<\/a> am Mittwoch mit.<\/p>\n<p data-speakable=\"\">Das Ermittlerteam w\u00e4chst dabei um zwei Personen. <a data-component-name=\"link.semantic\" data-brain-zone=\".42604894.content.textlink_2\" data-component-path=\"content.textlink_2\" href=\"https:\/\/web.de\/magazine\/unterhaltung\/thema\/aglaia-szyszkowitz\" rel=\"nofollow noopener\" target=\"_blank\">Aglaia Szyszkowitz<\/a> (58) \u00fcbernimmt die Rolle der Kommissarin Dr. Kira Cortesi, die nach der Trennung von ihrem Mann und einer l\u00e4ngeren Familienauszeit aus Italien nach Berchtesgaden kommt. Arne K\u00fcbler (geb. 1995) spielt Polizeiobermeister Lukas Huber. Bislang ermittelten Benedikt Beissl (Andreas Giebel, 68), Jerry Paulsen (Peter Marton, geb. 1983) und Sophia Strasser (Katharina Leonore Goebel, 36) zu dritt.<\/p>\n<p>Andreas Giebel bleibt im Hauptcast<\/p>\n<p data-speakable=\"\">Dass eine weitere Kommissarin dazust\u00f6\u00dft, war Anfang August bereits durchgesickert, den Namen der Darstellerin hatte die Produktion damals noch zur\u00fcckgehalten. <a target=\"_blank\" data-brain-zone=\".42604894.content.textlink_3\" data-component-path=\"content.textlink_3\" data-component-name=\"link.external\" rel=\"noopener nofollow\" href=\"https:\/\/www.abendzeitung-muenchen.de\/promis\/nach-fussamputation-wie-geht-es-fuer-andreas-giebel-bei-watzmann-ermittelt-weiter-ard-spricht-klartext-art-1148034\">Im selben Zusammenhang best\u00e4tigte die ARD auf Anfrage der &#8222;Abendzeitung&#8220;<\/a>, dass Andreas Giebel nach der Amputation seines rechten Fu\u00dfes weiterhin zum festen Hauptensemble geh\u00f6rt. Er spielt den Kriminalhauptkommissar seit dem Serienstart 2019.<\/p>\n<p data-speakable=\"\">Wie stark Giebel w\u00e4hrend seiner Rehabilitation bereits selbst am Set eingebunden ist, teilte der Sender nicht mit. Ebenso offen lie\u00df die ARD, inwiefern die Einschr\u00e4nkung in die Handlung eingebaut wird. Zum Gesundheitszustand des Schauspielers \u00e4u\u00dfert sie sich mit Verweis auf dessen Privatsph\u00e4re nicht. Erste Fotos, die der Sender zur Mitteilung ver\u00f6ffentlichte, zeigen Andreas Giebel l\u00e4chelnd im Rollstuhl zwischen seinen beiden langj\u00e4hrigen Kollegen.<\/p>\n<p>&#8222;Watzmann ermittelt&#8220;: Was sich bei den Figuren \u00e4ndert<\/p>\n<p data-speakable=\"\">Immerhin so viel ist bekannt: In der Serienhandlung wird Beissl bei einem Einsatz angeschossen und mischt sich vom Krankenbett aus in die Ermittlungen ein. Jerry Paulsen und Johanna (Vanessa Eckart) sind inzwischen Eltern der kleinen Mia und ziehen um. Max (Nepo Fitz) verl\u00e4sst Berchtesgaden der Liebe wegen.<\/p>\n<p data-speakable=\"\">Beim Tauffest f\u00fcr Mia kommt die Familie Beissl zusammen, samt der T\u00f6chter Maria (Kathrin von Steinburg) und Eva (Leonie Brill) sowie Jerrys Vater aus den USA. Als Gaststars angek\u00fcndigt sind unter anderem Helmfried von L\u00fcttichau, Oliver Korittke und Nele Kiper.<\/p>\n<p>Die F\u00e4lle der neuen Folgen<\/p>\n<p data-speakable=\"\">Ermittelt wird diesmal im Umfeld eines F\u00f6rsters und Influencers, in einer Sch\u00f6nheitsklinik und im \u00f6rtlichen Heimatmuseum. Hinzukommen der Tod eines Trailrunners und das Verschwinden eines Pflegekindes. Der Streit um eine geplante Bobbahn wird zum Fall, nachdem eine Umweltaktivistin ermordet wurde, in einer weiteren Folge f\u00fchrt eine Leiche die Kommissare an ein Krimi-Filmset.<\/p>\n<p><strong>Empfehlungen der Redaktion<\/strong><\/p>\n<p data-speakable=\"\">Produziert wird die Reihe von der M\u00fcnchner Lucky Bird Pictures unter Federf\u00fchrung des Bayerischen Rundfunks. Regie f\u00fchren Philipp Osthus, Bettina Schoeller-Bouju und John Delbridge, Headautorin ist Laura Haufe.<\/p>\n<p data-speakable=\"\">Einen Sendetermin f\u00fcr die neuen Folgen nannte der Sender noch nicht. (ili\/spot)\u00a0<br \/>\n\u00a9 1&amp;1 Mail &amp; Media\/spot on news<\/p>\n","protected":false},"excerpt":{"rendered":"Nach Amputation seines Fu\u00dfes Aktualisiert am 14.08.2026, 21:03 Uhr Seit dem 16. Juni 2026 laufen in Berchtesgaden, am&hellip;\n","protected":false},"author":2,"featured_media":1234821,"comment_status":"","ping_status":"","sticky":false,"template":"","format":"standard","meta":{"footnotes":"","_share_on_mastodon":"0"},"categories":[1773],"tags":[53462,251358,256214,1059,29,214,30,471,1780,215,108485],"class_list":["post-1236712","post","type-post","status-publish","format-standard","has-post-thumbnail","category-serien","tag-aglaia-szyszkowitz","tag-andreas-giebel","tag-arne-kuebler","tag-berchtesgaden","tag-deutschland","tag-entertainment","tag-germany","tag-serien","tag-series","tag-unterhaltung","tag-watzmann"],"share_on_mastodon":{"url":"https:\/\/pubeurope.com\/@de\/117095649320163503","error":""},"_links":{"self":[{"href":"https:\/\/www.europesays.com\/de\/wp-json\/wp\/v2\/posts\/1236712","targetHints":{"allow":["GET"]}}],"collection":[{"href":"https:\/\/www.europesays.com\/de\/wp-json\/wp\/v2\/posts"}],"about":[{"href":"https:\/\/www.europesays.com\/de\/wp-json\/wp\/v2\/types\/post"}],"author":[{"embeddable":true,"href":"https:\/\/www.europesays.com\/de\/wp-json\/wp\/v2\/users\/2"}],"replies":[{"embeddable":true,"href":"https:\/\/www.europesays.com\/de\/wp-json\/wp\/v2\/comments?post=1236712"}],"version-history":[{"count":0,"href":"https:\/\/www.europesays.com\/de\/wp-json\/wp\/v2\/posts\/1236712\/revisions"}],"wp:featuredmedia":[{"embeddable":true,"href":"https:\/\/www.europesays.com\/de\/wp-json\/wp\/v2\/media\/1234821"}],"wp:attachment":[{"href":"https:\/\/www.europesays.com\/de\/wp-json\/wp\/v2\/media?parent=1236712"}],"wp:term":[{"taxonomy":"category","embeddable":true,"href":"https:\/\/www.europesays.com\/de\/wp-json\/wp\/v2\/categories?post=1236712"},{"taxonomy":"post_tag","embeddable":true,"href":"https:\/\/www.europesays.com\/de\/wp-json\/wp\/v2\/tags?post=1236712"}],"curies":[{"name":"wp","href":"https:\/\/api.w.org\/{rel}","templated":true}]}}