{"id":1236719,"date":"2026-08-14T20:07:16","date_gmt":"2026-08-14T20:07:16","guid":{"rendered":"https:\/\/www.europesays.com\/de\/1236719\/"},"modified":"2026-08-14T20:07:16","modified_gmt":"2026-08-14T20:07:16","slug":"helene-fischer-und-andrea-berg-dieser-mann-steckt-hinter-ihren-mega-looks-unterhaltung","status":"publish","type":"post","link":"https:\/\/www.europesays.com\/de\/1236719\/","title":{"rendered":"Helene Fischer und Andrea Berg: Dieser Mann steckt hinter ihren Mega-Looks | Unterhaltung"},"content":{"rendered":"<p><b>Wenn Deutschlands Stars auf der B\u00fchne gl\u00e4nzen, steckt oft er dahinter: Konstantinos The Stylist. Er verr\u00e4t, warum das perfekte B\u00fchnen-Outfit nie wie ein Kost\u00fcm wirken darf und welche Musikikonen er noch unbedingt umstylen will. Au\u00dferdem erkl\u00e4rt der gefragte Stylist, welche Styling-Regeln Sie getrost vergessen k\u00f6nnen und wie auch Normalos mit begrenztem Budget einen starken Look entwickeln. <\/b><\/p>\n<p>Lesen Sie mit BILDplus die wichtigsten Mode-Grunds\u00e4tze und Styling-Tipps des Mannes, dem die Stars ihre Garderobe anvertrauen. <\/p>\n","protected":false},"excerpt":{"rendered":"Wenn Deutschlands Stars auf der B\u00fchne gl\u00e4nzen, steckt oft er dahinter: Konstantinos The Stylist. Er verr\u00e4t, warum das&hellip;\n","protected":false},"author":2,"featured_media":1236720,"comment_status":"","ping_status":"","sticky":false,"template":"","format":"standard","meta":{"footnotes":"","_share_on_mastodon":"0"},"categories":[155],"tags":[29,214,30,350,3583,74244,256530,227858,8169,215],"class_list":["post-1236719","post","type-post","status-publish","format-standard","has-post-thumbnail","category-unterhaltung","tag-deutschland","tag-entertainment","tag-germany","tag-mode","tag-oscar","tag-styling","tag-styling-panne","tag-team-deep","tag-trend","tag-unterhaltung"],"share_on_mastodon":{"url":"","error":""},"_links":{"self":[{"href":"https:\/\/www.europesays.com\/de\/wp-json\/wp\/v2\/posts\/1236719","targetHints":{"allow":["GET"]}}],"collection":[{"href":"https:\/\/www.europesays.com\/de\/wp-json\/wp\/v2\/posts"}],"about":[{"href":"https:\/\/www.europesays.com\/de\/wp-json\/wp\/v2\/types\/post"}],"author":[{"embeddable":true,"href":"https:\/\/www.europesays.com\/de\/wp-json\/wp\/v2\/users\/2"}],"replies":[{"embeddable":true,"href":"https:\/\/www.europesays.com\/de\/wp-json\/wp\/v2\/comments?post=1236719"}],"version-history":[{"count":0,"href":"https:\/\/www.europesays.com\/de\/wp-json\/wp\/v2\/posts\/1236719\/revisions"}],"wp:featuredmedia":[{"embeddable":true,"href":"https:\/\/www.europesays.com\/de\/wp-json\/wp\/v2\/media\/1236720"}],"wp:attachment":[{"href":"https:\/\/www.europesays.com\/de\/wp-json\/wp\/v2\/media?parent=1236719"}],"wp:term":[{"taxonomy":"category","embeddable":true,"href":"https:\/\/www.europesays.com\/de\/wp-json\/wp\/v2\/categories?post=1236719"},{"taxonomy":"post_tag","embeddable":true,"href":"https:\/\/www.europesays.com\/de\/wp-json\/wp\/v2\/tags?post=1236719"}],"curies":[{"name":"wp","href":"https:\/\/api.w.org\/{rel}","templated":true}]}}