{"id":1236819,"date":"2026-08-14T21:11:39","date_gmt":"2026-08-14T21:11:39","guid":{"rendered":"https:\/\/www.europesays.com\/de\/1236819\/"},"modified":"2026-08-14T21:11:39","modified_gmt":"2026-08-14T21:11:39","slug":"43-jaehriger-zu-fuss-auf-der-b14-in-stuttgart-unterwegs-mann-greift-polizisten-an-nachrichten-aus-stuttgart","status":"publish","type":"post","link":"https:\/\/www.europesays.com\/de\/1236819\/","title":{"rendered":"43-J\u00e4hriger zu Fu\u00df auf der B14 in Stuttgart unterwegs: Mann greift Polizisten an &#8211; Nachrichten aus Stuttgart"},"content":{"rendered":"<p><strong>Stuttgart.<\/strong> Polizeibeamte haben am Donnerstag (13.08.) einen 43 Jahre alten Mann vorl\u00e4ufig festgenommen. Der Mann war zu Fu\u00df auf der B14 Richtung  Stuttgart-Vaihingen unterwegs gewesen, hatte Polizisten angegriffen und bei seiner Festnahme erheblichen Widerstand geleistet. <\/p>\n<p>Drei Polizisten leicht verletzt<\/p>\n<p>Eine Streife der Bundespolizei war gegen 13.50 Uhr auf der B14 unterwegs gewesen. Auf H\u00f6he der \u00dcberf\u00fchrung Universit\u00e4tsstra\u00dfe sahen sie den 43-J\u00e4hrigen auf der<\/p>\n","protected":false},"excerpt":{"rendered":"Stuttgart. Polizeibeamte haben am Donnerstag (13.08.) einen 43 Jahre alten Mann vorl\u00e4ufig festgenommen. Der Mann war zu Fu\u00df&hellip;\n","protected":false},"author":2,"featured_media":1236820,"comment_status":"","ping_status":"","sticky":false,"template":"","format":"standard","meta":{"footnotes":"","_share_on_mastodon":"0"},"categories":[1830],"tags":[13497,1634,1950,3364,29,30,121,1441,8674,190824],"class_list":["post-1236819","post","type-post","status-publish","format-standard","has-post-thumbnail","category-stuttgart","tag-b14","tag-baden-wuerttemberg","tag-blaulicht","tag-de","tag-deutschland","tag-germany","tag-polizei","tag-stuttgart","tag-stuttgart-vaihingen","tag-un_kein-userneed"],"share_on_mastodon":{"url":"https:\/\/pubeurope.com\/@de\/117095922625376980","error":""},"_links":{"self":[{"href":"https:\/\/www.europesays.com\/de\/wp-json\/wp\/v2\/posts\/1236819","targetHints":{"allow":["GET"]}}],"collection":[{"href":"https:\/\/www.europesays.com\/de\/wp-json\/wp\/v2\/posts"}],"about":[{"href":"https:\/\/www.europesays.com\/de\/wp-json\/wp\/v2\/types\/post"}],"author":[{"embeddable":true,"href":"https:\/\/www.europesays.com\/de\/wp-json\/wp\/v2\/users\/2"}],"replies":[{"embeddable":true,"href":"https:\/\/www.europesays.com\/de\/wp-json\/wp\/v2\/comments?post=1236819"}],"version-history":[{"count":0,"href":"https:\/\/www.europesays.com\/de\/wp-json\/wp\/v2\/posts\/1236819\/revisions"}],"wp:featuredmedia":[{"embeddable":true,"href":"https:\/\/www.europesays.com\/de\/wp-json\/wp\/v2\/media\/1236820"}],"wp:attachment":[{"href":"https:\/\/www.europesays.com\/de\/wp-json\/wp\/v2\/media?parent=1236819"}],"wp:term":[{"taxonomy":"category","embeddable":true,"href":"https:\/\/www.europesays.com\/de\/wp-json\/wp\/v2\/categories?post=1236819"},{"taxonomy":"post_tag","embeddable":true,"href":"https:\/\/www.europesays.com\/de\/wp-json\/wp\/v2\/tags?post=1236819"}],"curies":[{"name":"wp","href":"https:\/\/api.w.org\/{rel}","templated":true}]}}