{"id":1236844,"date":"2026-08-14T21:25:16","date_gmt":"2026-08-14T21:25:16","guid":{"rendered":"https:\/\/www.europesays.com\/de\/1236844\/"},"modified":"2026-08-14T21:25:16","modified_gmt":"2026-08-14T21:25:16","slug":"neu-heisst-ja-nicht-unbedingt-schlecht-die-eisbaeren-berlin-starten-eine-schwierige-mission","status":"publish","type":"post","link":"https:\/\/www.europesays.com\/de\/1236844\/","title":{"rendered":"\u201eNeu hei\u00dft ja nicht unbedingt schlecht\u201c: Die Eisb\u00e4ren Berlin starten eine schwierige Mission"},"content":{"rendered":"<p class=\"tspCHpd tspCHpe\">Am Freitagnachmittag hatten es die Fans der Eisb\u00e4ren Berlin ausgesprochen gut. W\u00e4hrend sich viele Menschen in der \u00fcberhitzten Stadt einen schattigen Flecken suchen mussten, um sich etwas abzuk\u00fchlen, fanden sie im Wellblechpalast Hohensch\u00f6nhausen zwar kein eisiges, aber doch ein ziemlich ertr\u00e4gliches Pl\u00e4tzchen.<\/p>\n<p class=\"tspCHpd\"><a href=\"https:\/\/www.tagesspiegel.de\/sport\/eisbaren-holen-12-titel-diese-saison-durfte-dem-deutschen-eishockey-sorgen-bereiten-15542037.html?icid=in-text-link_15945807\" class=\"link link--internal\" data-gtm-class=\"article-text-link\" data-gtm-val=\"internal\" rel=\"nofollow noopener\" target=\"_blank\">103 Tage, nachdem die Berliner ihren zw\u00f6lften Titel gewonnen hatten,<\/a> ist der kurze Eishockeysommer nun schon wieder vorbei. F\u00fcr einige f\u00fchlte er sich viel zu lange an.<\/p>\n<p class=\"tspCHpd\">\u201eMan denkt sich: Ach, wann ist der Sommer endlich vorbei und wann kommen die Jungs endlich wieder\u201c, sagte etwa Monika, die zusammen mit ihrer Freundin Simone zu den rund 2000 Fans geh\u00f6rte, die ins Sportforum Hohensch\u00f6nhausen gekommen sind, um beim ersten \u00f6ffentlichen Training der neuen Saison dabei zu sein.<\/p>\n<p class=\"tspCHpd\">Wie gro\u00df die Vorfreude war, zeigte sich an der Schlange, die sich schon lange vor dem offiziellen Einlass gebildet hatte. Auch am Merchandise-Stand war ordentlich was los. Angesichts der Temperaturen \u00fcber 30 Grad kam es zu schwitzigen Umarmungen.<\/p>\n<p><img decoding=\"async\" src=\"https:\/\/www.europesays.com\/de\/wp-content\/uploads\/2026\/08\/eisbarenfans-simone-und-monika.jpeg\"   alt=\"\" aria-labelledby=\"caption-15945810\" width=\"440\" height=\"330\" loading=\"lazy\" class=\"tspA3ji\"\/> Simone (l.) und Monika freuen sich auf das Eisb\u00e4rentraining im Wellblechpalast. <\/p>\n<p class=\"tspATil\"> \u00a9 Klara Burchart <\/p>\n<p class=\"tspCHpd\">Die Wade eines Fans, der sich k\u00fcrzlich den zw\u00f6lften Titel als Tattoo hat stechen lassen, zog einige Blicke auf sich. \u201eDas sieht echt mega aus\u201c, sagte ein anderer Fan, den er bis dahin nicht kannte. Der wollte das Tattoo unbedingt mit dem Handy festhalten.<\/p>\n<p class=\"tspCHpd\">Monika, die mit ihrer Freundin Simone schon fr\u00fch auf den Platz vor dem Eisstadion gekommen war, genoss einmal mehr dieses besondere Event. \u201eIch finde es besonders sch\u00f6n, dass die Saisoner\u00f6ffnung hier stattfindet und nicht in der Uber Arena. Das Zuhause der Eisb\u00e4ren ist hier.\u201c<\/p>\n<p>Niemel\u00e4inen verl\u00e4sst die Eisb\u00e4ren<\/p>\n<p class=\"tspCHpd\">Die Eisb\u00e4ren Berlin\u00a0und Markus\u00a0Niemel\u00e4inen\u00a0gehen getrennte Wege. Die Berliner und der Verteidiger haben sich  <strong>einvernehmlich auf eine sofortige Aufl\u00f6sung des laufenden Vertrages geeinigt.<\/strong> Der Finne verl\u00e4sst die Eisb\u00e4ren somit nach zwei Spielzeiten.<\/p>\n<p class=\"tspCHpd\">Sportdirektor St\u00e9phane Richer sagt: \u201eEr hat seinen Beitrag zu unseren letzten beiden Titelgewinnen geleistet. W\u00e4hrend seiner Zeit in Berlin hatte Niemo leider gro\u00dfes Verletzungspech, wodurch er immer wieder zur\u00fcckgeworfen wurde. <strong>Mit Blick auf unseren aktuellen Kader und die kommende Saison haben wir seinen Vertrag jedoch im beiderseitigen Einverst\u00e4ndnis aufgel\u00f6st.\u201c<\/strong><\/p>\n<p class=\"tspCHpd\">Ihr Vater habe sie schon hierher mitgenommen, als das Eisstadion noch nicht sein charakteristisches Dach hatte \u2013 dieses wurde 1964 montiert. Fan sei sie seit \u00fcber 50 Jahren. Dass Menschen aus so vielen Generationen \u2013 von Kindern bis zu Fans, die die Eisb\u00e4ren seit einer gef\u00fchlten Ewigkeit unterst\u00fctzen \u2013 gemeinsam die neue Saison einl\u00e4uten, genie\u00dft sie sichtlich.<\/p>\n<p class=\"tspCHpd\"><a href=\"https:\/\/www.tagesspiegel.de\/sport\/chef-von-aeg-deutschland-im-gesprach-ich-kann-die-sorgen-der-eisbaren-fans-entkraften-15567507.html?icid=in-text-link_15945807\" class=\"link link--internal\" data-gtm-class=\"article-text-link\" data-gtm-val=\"internal\" rel=\"nofollow noopener\" target=\"_blank\">Als amtierender Meister haben die Eisb\u00e4ren in den vergangenen sechs Spielzeiten f\u00fcnfmal den Titel geholt.<\/a> Entsprechend sind viele Fans optimistisch, dass nun Meisterschaft 13 folgt. Aber bislang ist es noch nie einem Team in der Deutschen Eishockey Liga (DEL) gelungen, viermal hintereinander zu triumphieren.<\/p>\n<p> Trainer \u00c9ric Dubois muss seinen Stil entwickeln <\/p>\n<p class=\"tspCHpd\"><a href=\"https:\/\/www.tagesspiegel.de\/sport\/du-hast-eine-chance-fur-den-ersten-eindruck-so-will-eric-dubois-als-trainer-den-stil-der-eisbaren-nach-serge-aubin-pragen-15678571.html?icid=in-text-link_15945807\" class=\"link link--internal\" data-gtm-class=\"article-text-link\" data-gtm-val=\"internal\" rel=\"nofollow noopener\" target=\"_blank\">\u00c9ric Dubois, der als Trainer die Nachfolge von Serge Aubin angetreten hat<\/a>, versicherte noch auf dem Eis, dass sein Team alles tun werde, um dieses Ziel zu erreichen. Zugleich wei\u00df er nat\u00fcrlich, dass er eine gro\u00dfe B\u00fcrde tr\u00e4gt: <a href=\"https:\/\/www.tagesspiegel.de\/sport\/war-wichtig-mich-nur-auf-die-eisbaren-zu-fokussieren-trainer-serge-aubin-hielt-seinen-abgang-sogar-vor-der-mannschaft-geheim-15576590.html?icid=in-text-link_15945807\" class=\"link link--internal\" data-gtm-class=\"article-text-link\" data-gtm-val=\"internal\" rel=\"nofollow noopener\" target=\"_blank\">Schlie\u00dflich sollen die Spieler f\u00fcr seinen Vorg\u00e4nger Aubin bereit gewesen sein, durchs Feuer zu gehen.<\/a><\/p>\n<p class=\"tspCHpd\">F\u00fcr den Kanadier, der erstmals Cheftrainer eines Profiteams ist, wird es ein Spagat: Als neuer Anf\u00fchrer muss er eigene Akzente setzen, darf ein \u00fcber Jahre gewachsenes und erfolgreiches Ensemble aber nicht g\u00e4nzlich ver\u00e4ndern. \u201eIch werde bei einem Team, das so viele Erfolge hatte, nicht allzu viel umstellen. Ein paar Anpassungen werden mit der Zeit erfolgen\u201c, sagte Dubois.<\/p>\n<p class=\"tspCHpd\">Den ersten intensiven Kontakt mit den Fans genoss er sichtlich. \u201eDas war ein sehr sch\u00f6nes Erlebnis\u201c, sagte der Trainer. Bereits vor zwei Jahren hatte er beim Development Camp einen Vorgeschmack auf die besondere Energie in Berlin bekommen.<\/p>\n<p><img decoding=\"async\" src=\"https:\/\/www.europesays.com\/de\/wp-content\/uploads\/2026\/08\/eisbarenfan-roland.jpeg\"   alt=\"\" aria-labelledby=\"caption-15945811\" width=\"440\" height=\"330\" loading=\"lazy\" class=\"tspA3ji\"\/> Eisb\u00e4renfan Roland ist gespannt, wie sich das neu formierte Team schl\u00e4gt. <\/p>\n<p class=\"tspATil\"> \u00a9 Klara Burchart <\/p>\n<p class=\"tspCHpd\">Die Anh\u00e4ngerinnen und Anh\u00e4nger, die bei diesem ersten Training dabei waren, werden mit Sicherheit alles tun, um das Team \u00fcber die ganze Spielzeit hinweg zu unterst\u00fctzen. \u201eEs wird interessant\u201c, sagt Kimy. \u201eNeu hei\u00dft ja nicht unbedingt schlecht.\u201c<\/p>\n<p class=\"tspCHpd\">Und das ist nicht nur auf den Trainer bezogen.  Jack LaFontaine und Jonas Neffin m\u00fcssen sich als neues Torwartgespann finden und einspielen. Kimys Freundin Mila macht das besonders traurig. Jake Hildebrand war zuletzt ihr Lieblingsspieler. Der Torh\u00fcter ist aber ausgerechnet zu den Adlern aus Mannheim, dem Erzrivalen der Eisb\u00e4ren, gewechselt.<\/p>\n<p>Mehr zum Berliner Sport<a href=\"https:\/\/www.tagesspiegel.de\/sport\/umstrittene-reform-im-eiskunstlauf-eisiges-klima-am-berliner-stutzpunkt-15812915.html?icid=topic-list_15945807___\" data-gtm-class=\"article-mzt-link\" data-hydrate-fingerprint=\"09740a54944caac75fd2c0c63fd5c5df\" data-hydrate-props=\"{&amp;escapedquot;element&amp;escapedquot;:{&amp;escapedquot;type&amp;escapedquot;:&amp;escapedquot;relatedContent&amp;escapedquot;,&amp;escapedquot;fieldMap&amp;escapedquot;:{},&amp;escapedquot;relation&amp;escapedquot;:{&amp;escapedquot;fields&amp;escapedquot;:{&amp;escapedquot;isPaid&amp;escapedquot;:true},&amp;escapedquot;href&amp;escapedquot;:&amp;escapedquot;\/sport\/umstrittene-reform-im-eiskunstlauf-eisiges-klima-am-berliner-stutzpunkt-15812915.html&amp;escapedquot;,&amp;escapedquot;teaserTitle&amp;escapedquot;:{&amp;escapedquot;kicker&amp;escapedquot;:&amp;escapedquot;Umstrittene Reform im Eiskunstlauf&amp;escapedquot;,&amp;escapedquot;headline&amp;escapedquot;:&amp;escapedquot;Eisiges Klima am Berliner St\u00fctzpunkt&amp;escapedquot;},&amp;escapedquot;id&amp;escapedquot;:&amp;escapedquot;15812915&amp;escapedquot;,&amp;escapedquot;type&amp;escapedquot;:&amp;escapedquot;story&amp;escapedquot;},&amp;escapedquot;isPartOfList&amp;escapedquot;:true,&amp;escapedquot;topicListType&amp;escapedquot;:&amp;escapedquot;topic-list&amp;escapedquot;},&amp;escapedquot;showArrow&amp;escapedquot;:true}\" data-hydrate-slots=\"{&#039;default&#039;:[]}\" class=\"tspCVqn tspDEsb\" rel=\"nofollow noopener\" target=\"_blank\">Umstrittene Reform im Eiskunstlauf Eisiges Klima am Berliner St\u00fctzpunkt <\/a><a href=\"https:\/\/www.tagesspiegel.de\/sport\/nicky-und-die-leere-neben-mir-der-beste-laufpartner-der-welt-kann-nicht-mehr-15927311.html?icid=topic-list_15945807___\" data-gtm-class=\"article-mzt-link\" data-hydrate-fingerprint=\"09740a54944caac75fd2c0c63fd5c5df\" data-hydrate-props=\"{&amp;escapedquot;element&amp;escapedquot;:{&amp;escapedquot;type&amp;escapedquot;:&amp;escapedquot;relatedContent&amp;escapedquot;,&amp;escapedquot;fieldMap&amp;escapedquot;:{},&amp;escapedquot;relation&amp;escapedquot;:{&amp;escapedquot;fields&amp;escapedquot;:{&amp;escapedquot;isPaid&amp;escapedquot;:true},&amp;escapedquot;href&amp;escapedquot;:&amp;escapedquot;\/sport\/nicky-und-die-leere-neben-mir-der-beste-laufpartner-der-welt-kann-nicht-mehr-15927311.html&amp;escapedquot;,&amp;escapedquot;teaserTitle&amp;escapedquot;:{&amp;escapedquot;kicker&amp;escapedquot;:&amp;escapedquot;Nicky und die Leere neben mir&amp;escapedquot;,&amp;escapedquot;headline&amp;escapedquot;:&amp;escapedquot;Der beste Laufpartner der Welt kann nicht mehr&amp;escapedquot;},&amp;escapedquot;id&amp;escapedquot;:&amp;escapedquot;15927311&amp;escapedquot;,&amp;escapedquot;type&amp;escapedquot;:&amp;escapedquot;story&amp;escapedquot;},&amp;escapedquot;isPartOfList&amp;escapedquot;:true,&amp;escapedquot;topicListType&amp;escapedquot;:&amp;escapedquot;topic-list&amp;escapedquot;},&amp;escapedquot;showArrow&amp;escapedquot;:true}\" data-hydrate-slots=\"{&#039;default&#039;:[]}\" class=\"tspCVqn tspDEsb\" rel=\"nofollow noopener\" target=\"_blank\">Nicky und die Leere neben mir Der beste Laufpartner der Welt kann nicht mehr <\/a><a href=\"https:\/\/www.tagesspiegel.de\/sport\/basketballer-wollen-kinder-in-berlin-unterstutzen-franz-und-moritz-wagner-starten-ein-besonderes-projekt-15939828.html?icid=topic-list_15945807___\" data-gtm-class=\"article-mzt-link\" data-hydrate-fingerprint=\"09740a54944caac75fd2c0c63fd5c5df\" data-hydrate-props=\"{&amp;escapedquot;element&amp;escapedquot;:{&amp;escapedquot;type&amp;escapedquot;:&amp;escapedquot;relatedContent&amp;escapedquot;,&amp;escapedquot;fieldMap&amp;escapedquot;:{},&amp;escapedquot;relation&amp;escapedquot;:{&amp;escapedquot;fields&amp;escapedquot;:{&amp;escapedquot;isPaid&amp;escapedquot;:null},&amp;escapedquot;href&amp;escapedquot;:&amp;escapedquot;\/sport\/basketballer-wollen-kinder-in-berlin-unterstutzen-franz-und-moritz-wagner-starten-ein-besonderes-projekt-15939828.html&amp;escapedquot;,&amp;escapedquot;teaserTitle&amp;escapedquot;:{&amp;escapedquot;kicker&amp;escapedquot;:&amp;escapedquot;\u201eWir sind sehr privilegiert aufgewachsen\u201c&amp;escapedquot;,&amp;escapedquot;headline&amp;escapedquot;:&amp;escapedquot;Franz und Moritz Wagner wollen Kinder in Berlin unterst\u00fctzen&amp;escapedquot;},&amp;escapedquot;id&amp;escapedquot;:&amp;escapedquot;15939828&amp;escapedquot;,&amp;escapedquot;type&amp;escapedquot;:&amp;escapedquot;story&amp;escapedquot;},&amp;escapedquot;isPartOfList&amp;escapedquot;:true,&amp;escapedquot;topicListType&amp;escapedquot;:&amp;escapedquot;topic-list&amp;escapedquot;},&amp;escapedquot;showArrow&amp;escapedquot;:true}\" data-hydrate-slots=\"{&#039;default&#039;:[]}\" class=\"tspCVqn tspDEsb\" rel=\"nofollow noopener\" target=\"_blank\">\u201eWir sind sehr privilegiert aufgewachsen\u201c Franz und Moritz Wagner wollen Kinder in Berlin unterst\u00fctzen <\/a><\/p>\n<p class=\"tspCHpd\">Auch Roland gibt sich angesichts der Ver\u00e4nderungen noch zur\u00fcckhaltend. \u201eMan muss erst mal abwarten, wie die neuen Spieler einschlagen\u201c, sagt er. \u201eViele kennt man nicht, die jetzt neu dazugekommen sind.\u201c Nat\u00fcrlich hoffe er, Titel Nummer 13 zu schaffen. \u201eAber wenn\u2019s nicht sein soll, ist das so.\u201c<\/p>\n<p class=\"tspCHpd\">Bis zur n\u00e4chsten Titelentscheidung ist es noch weit. Erst einmal ist die Eisb\u00e4renfamilie froh, wieder beisammen zu sein \u2013 und erleichtert dar\u00fcber, dass der Eishockeysommer endlich vorbei ist, auch wenn sich die Temperaturen ganz anders anf\u00fchlen.<\/p>\n","protected":false},"excerpt":{"rendered":"Am Freitagnachmittag hatten es die Fans der Eisb\u00e4ren Berlin ausgesprochen gut. W\u00e4hrend sich viele Menschen in der \u00fcberhitzten&hellip;\n","protected":false},"author":2,"featured_media":1236845,"comment_status":"","ping_status":"","sticky":false,"template":"","format":"standard","meta":{"footnotes":"","_share_on_mastodon":"0"},"categories":[1825],"tags":[296,29,2098,30,1952],"class_list":["post-1236844","post","type-post","status-publish","format-standard","has-post-thumbnail","category-berlin","tag-berlin","tag-deutschland","tag-eisbaeren-berlin","tag-germany","tag-lichtenberg"],"share_on_mastodon":{"url":"https:\/\/pubeurope.com\/@de\/117095979788911073","error":""},"_links":{"self":[{"href":"https:\/\/www.europesays.com\/de\/wp-json\/wp\/v2\/posts\/1236844","targetHints":{"allow":["GET"]}}],"collection":[{"href":"https:\/\/www.europesays.com\/de\/wp-json\/wp\/v2\/posts"}],"about":[{"href":"https:\/\/www.europesays.com\/de\/wp-json\/wp\/v2\/types\/post"}],"author":[{"embeddable":true,"href":"https:\/\/www.europesays.com\/de\/wp-json\/wp\/v2\/users\/2"}],"replies":[{"embeddable":true,"href":"https:\/\/www.europesays.com\/de\/wp-json\/wp\/v2\/comments?post=1236844"}],"version-history":[{"count":0,"href":"https:\/\/www.europesays.com\/de\/wp-json\/wp\/v2\/posts\/1236844\/revisions"}],"wp:featuredmedia":[{"embeddable":true,"href":"https:\/\/www.europesays.com\/de\/wp-json\/wp\/v2\/media\/1236845"}],"wp:attachment":[{"href":"https:\/\/www.europesays.com\/de\/wp-json\/wp\/v2\/media?parent=1236844"}],"wp:term":[{"taxonomy":"category","embeddable":true,"href":"https:\/\/www.europesays.com\/de\/wp-json\/wp\/v2\/categories?post=1236844"},{"taxonomy":"post_tag","embeddable":true,"href":"https:\/\/www.europesays.com\/de\/wp-json\/wp\/v2\/tags?post=1236844"}],"curies":[{"name":"wp","href":"https:\/\/api.w.org\/{rel}","templated":true}]}}