{"id":1236846,"date":"2026-08-14T21:26:16","date_gmt":"2026-08-14T21:26:16","guid":{"rendered":"https:\/\/www.europesays.com\/de\/1236846\/"},"modified":"2026-08-14T21:26:16","modified_gmt":"2026-08-14T21:26:16","slug":"re1-zwischen-berlin-und-frankfurt-oder-einen-tag-laenger-gesperrt","status":"publish","type":"post","link":"https:\/\/www.europesays.com\/de\/1236846\/","title":{"rendered":"RE1 zwischen Berlin und Frankfurt (Oder) einen Tag l\u00e4nger gesperrt"},"content":{"rendered":"<p>Die Sperrung der Bahnstrecke zwischen Berlin und Frankfurt (Oder) verl\u00e4ngert sich um voraussichtlich weitere 24 Stunden. Grund sind verz\u00f6gerte Bauarbeiten auf der Strecke, wie die Ostdeutsche Eisenbahngesellschaft (Odeg) am Freitagabend mitteilte. Urspr\u00fcnglich sollte der Bahnverkehr des RE1 ab Samstag wieder zwischen Frankfurt (Oder) und Erkner rollen.<\/p>\n<p>Der Infrastrukturbetreiber InfraGO habe erst am Freitagabend mitgeteilt, dass sich die Streckensperrung verl\u00e4ngere, so die Odeg weiter.<\/p>\n<p>Der Ersatzverkehr mit Bussen bleibt demnach zwar bestehen, wie viele Busse fahren werden, sei aber unklar \u2013 mit massiven Kapazit\u00e4tseinschr\u00e4nkungen sei zu rechnen. Die Odeg bittet daher, sich dringend vor Fahrtantritt auf <a href=\"http:\/\/www.odeg.de\" target=\"_blank\" rel=\"nofollow noopener\">www.odeg.de<\/a> \u00fcber die verf\u00fcgbaren Verbindungen zu informieren.<\/p>\n","protected":false},"excerpt":{"rendered":"Die Sperrung der Bahnstrecke zwischen Berlin und Frankfurt (Oder) verl\u00e4ngert sich um voraussichtlich weitere 24 Stunden. Grund sind&hellip;\n","protected":false},"author":2,"featured_media":1236847,"comment_status":"","ping_status":"","sticky":false,"template":"","format":"standard","meta":{"footnotes":"","_share_on_mastodon":"0"},"categories":[1825],"tags":[296,29,23302,30,122047,6190],"class_list":["post-1236846","post","type-post","status-publish","format-standard","has-post-thumbnail","category-berlin","tag-berlin","tag-deutschland","tag-frankfurt-oder","tag-germany","tag-oder-spree","tag-regionen"],"share_on_mastodon":{"url":"https:\/\/pubeurope.com\/@de\/117095981797330259","error":""},"_links":{"self":[{"href":"https:\/\/www.europesays.com\/de\/wp-json\/wp\/v2\/posts\/1236846","targetHints":{"allow":["GET"]}}],"collection":[{"href":"https:\/\/www.europesays.com\/de\/wp-json\/wp\/v2\/posts"}],"about":[{"href":"https:\/\/www.europesays.com\/de\/wp-json\/wp\/v2\/types\/post"}],"author":[{"embeddable":true,"href":"https:\/\/www.europesays.com\/de\/wp-json\/wp\/v2\/users\/2"}],"replies":[{"embeddable":true,"href":"https:\/\/www.europesays.com\/de\/wp-json\/wp\/v2\/comments?post=1236846"}],"version-history":[{"count":0,"href":"https:\/\/www.europesays.com\/de\/wp-json\/wp\/v2\/posts\/1236846\/revisions"}],"wp:featuredmedia":[{"embeddable":true,"href":"https:\/\/www.europesays.com\/de\/wp-json\/wp\/v2\/media\/1236847"}],"wp:attachment":[{"href":"https:\/\/www.europesays.com\/de\/wp-json\/wp\/v2\/media?parent=1236846"}],"wp:term":[{"taxonomy":"category","embeddable":true,"href":"https:\/\/www.europesays.com\/de\/wp-json\/wp\/v2\/categories?post=1236846"},{"taxonomy":"post_tag","embeddable":true,"href":"https:\/\/www.europesays.com\/de\/wp-json\/wp\/v2\/tags?post=1236846"}],"curies":[{"name":"wp","href":"https:\/\/api.w.org\/{rel}","templated":true}]}}