{"id":1236945,"date":"2026-08-14T22:35:26","date_gmt":"2026-08-14T22:35:26","guid":{"rendered":"https:\/\/www.europesays.com\/de\/1236945\/"},"modified":"2026-08-14T22:35:26","modified_gmt":"2026-08-14T22:35:26","slug":"wincent-weiss-in-dresden-filmnaechte-konzert-fast-ausverkauft-infos","status":"publish","type":"post","link":"https:\/\/www.europesays.com\/de\/1236945\/","title":{"rendered":"Wincent Weiss in Dresden: Filmn\u00e4chte-Konzert fast ausverkauft \u2013 Infos"},"content":{"rendered":"<p>Nur noch Premium-Pl\u00e4tze <\/p>\n<p>Wincent Weiss tritt n\u00e4chste Woche bei den Filmn\u00e4chten auf<\/p>\n<p>14.08.2026 &#8211; 17:06 UhrLesedauer: 1 Min.<\/p>\n<p><a href=\"#focus-0\" class=\"transition-colors block text-current relative\" data-sctrack=\"FocusGalleryImage.Reference\"><img fetchpriority=\"high\" data-testid=\"Opener.Image\"   loading=\"eager\" src=\"https:\/\/www.europesays.com\/de\/wp-content\/uploads\/2026\/08\/wincent-weiss-er-tritt-kommende-woche-nicht-in-willingen-auf.jpg\" alt=\"Wincent Weiss: Er tritt kommende Woche nicht in Willingen auf.\" title=\"Wincent Weiss: Er tritt kommende Woche nicht in Willingen auf.\" width=\"4485\" height=\"2523\" class=\"bg-[url:var(--lqipURL)] bg-cover bg-center flex h-full w-full max-w-full\" style=\"--lqipURL:url('https:\/\/images.t-online.de\/2026\/06\/y-9gQDpCK82S\/0x127:4485x2523\/fit-in\/150x0\/filters:blur(25)\/wincent-weiss-er-tritt-kommende-woche-nicht-in-willingen-auf.jpg')\" decoding=\"async\"\/><img loading=\"lazy\" src=\"https:\/\/dresden.t-online.de\/s\/paper\/_next\/static\/media\/zoom-in.f7dae02f.svg\" alt=\"Vergr\u00f6\u00dfern des Bildes\" title=\"Vergr\u00f6\u00dfern des Bildes\" class=\"block h-[calc(var(--height)_\/_16_*_1rem)] w-[calc(var(--width)_\/_16_*_1rem)] max-w-none absolute right-8 bottom-8 rounded-4 bg-snow p-8\" style=\"--width:32;--height:32\" decoding=\"async\"\/><\/a><\/p>\n<p>Wincent Weiss: Er tritt kommende Woche nicht in Willingen auf. (Quelle: IMAGO \/ HOFER)<\/p>\n<p class=\"font-bold text-18 leading-17 user-text-lg:text-22 user-text-xl:text-24\">Wincent Weiss spielt am 21. August bei den Filmn\u00e4chten am Elbufer. Regul\u00e4re Karten sind bereits ausverkauft, doch Premiumtickets gibt es noch.<\/p>\n<p class=\"text-18 leading-17 user-text-lg:text-22 user-text-xl:text-24\">Wincent Weiss kommt am 21. August zu den Filmn\u00e4chten am Elbufer. Auf der Ticketplattform Eventim ist das Konzert bereits ausverkauft. Wer trotzdem dabei sein m\u00f6chte, hat noch eine Chance: Premium-Terrassentickets kosten 138 Euro.<\/p>\n<p class=\"text-18 leading-17 user-text-lg:text-22 user-text-xl:text-24\">Der Dresdner Auftritt ist eine Station seiner Sommertour 2026, mit der er durch Deutschland, \u00d6sterreich und die Schweiz tourt. Im Gep\u00e4ck hat er Hits wie &#8222;Musik Sein&#8220;, &#8222;Feuerwerk&#8220; und &#8222;Wer wenn nicht wir&#8220; sowie Songs seines letzten Albums &#8222;Irgendwo Ankommen&#8220;. Der Einlass aufs Filmn\u00e4chte-Gel\u00e4nde ist ab 17 Uhr.<\/p>\n","protected":false},"excerpt":{"rendered":"Nur noch Premium-Pl\u00e4tze Wincent Weiss tritt n\u00e4chste Woche bei den Filmn\u00e4chten auf 14.08.2026 &#8211; 17:06 UhrLesedauer: 1 Min.&hellip;\n","protected":false},"author":2,"featured_media":1236946,"comment_status":"","ping_status":"","sticky":false,"template":"","format":"standard","meta":{"footnotes":"","_share_on_mastodon":"0"},"categories":[1835],"tags":[722,3364,29,2386,18628,24575,30,859,37047],"class_list":["post-1236945","post","type-post","status-publish","format-standard","has-post-thumbnail","category-dresden","tag-722","tag-de","tag-deutschland","tag-dresden","tag-elbufer","tag-filmnacht","tag-germany","tag-sachsen","tag-wincent-weiss"],"share_on_mastodon":{"url":"https:\/\/pubeurope.com\/@de\/117096254979618988","error":""},"_links":{"self":[{"href":"https:\/\/www.europesays.com\/de\/wp-json\/wp\/v2\/posts\/1236945","targetHints":{"allow":["GET"]}}],"collection":[{"href":"https:\/\/www.europesays.com\/de\/wp-json\/wp\/v2\/posts"}],"about":[{"href":"https:\/\/www.europesays.com\/de\/wp-json\/wp\/v2\/types\/post"}],"author":[{"embeddable":true,"href":"https:\/\/www.europesays.com\/de\/wp-json\/wp\/v2\/users\/2"}],"replies":[{"embeddable":true,"href":"https:\/\/www.europesays.com\/de\/wp-json\/wp\/v2\/comments?post=1236945"}],"version-history":[{"count":0,"href":"https:\/\/www.europesays.com\/de\/wp-json\/wp\/v2\/posts\/1236945\/revisions"}],"wp:featuredmedia":[{"embeddable":true,"href":"https:\/\/www.europesays.com\/de\/wp-json\/wp\/v2\/media\/1236946"}],"wp:attachment":[{"href":"https:\/\/www.europesays.com\/de\/wp-json\/wp\/v2\/media?parent=1236945"}],"wp:term":[{"taxonomy":"category","embeddable":true,"href":"https:\/\/www.europesays.com\/de\/wp-json\/wp\/v2\/categories?post=1236945"},{"taxonomy":"post_tag","embeddable":true,"href":"https:\/\/www.europesays.com\/de\/wp-json\/wp\/v2\/tags?post=1236945"}],"curies":[{"name":"wp","href":"https:\/\/api.w.org\/{rel}","templated":true}]}}