{"id":1237184,"date":"2026-08-15T01:07:15","date_gmt":"2026-08-15T01:07:15","guid":{"rendered":"https:\/\/www.europesays.com\/de\/1237184\/"},"modified":"2026-08-15T01:07:15","modified_gmt":"2026-08-15T01:07:15","slug":"fw-mainz-garagenbrand-in-mainz-ebersheim-feuerwehr-verhindert-uebergreifen-auf-wohnhaus","status":"publish","type":"post","link":"https:\/\/www.europesays.com\/de\/1237184\/","title":{"rendered":"FW Mainz: Garagenbrand in Mainz-Ebersheim \/ Feuerwehr verhindert \u00dcbergreifen auf Wohnhaus"},"content":{"rendered":"<p class=\"date\">15.08.2026 \u2013 01:12<\/p>\n<p class=\"customer\">\n                        <a class=\"story-customer\" title=\"weiter zum newsroom von Feuerwehr Mainz\" href=\"https:\/\/www.presseportal.de\/blaulicht\/nr\/171463\" rel=\"nofollow noopener\" target=\"_blank\">Feuerwehr Mainz<\/a>\n                    <\/p>\n<p><a data-category=\"citylink-story-view\" data-action=\"click\" data-label=\"Citylink in Meldungsansicht\" class=\"story-city event-trigger\" href=\"https:\/\/www.presseportal.de\/regional\/Mainz\" title=\"News aus Mainz \" rel=\"nofollow noopener\" target=\"_blank\">Mainz<\/a> (ots)<\/p>\n<p>Am Freitagabend alarmierte die Integrierte Leitstelle Mainz die Kr\u00e4fte der Berufsfeuerwehr Mainz sowie der Freiwilligen Feuerwehr Mainz-Ebersheim gegen 21 Uhr zu einem gemeldeten Dachstuhlbrand. In der weiteren Notrufabfrage stellte sich dann heraus, dass es zum Brand einer Garage gekommen war, das Feuer allerdings drohte auf einen angrenzenden Dachstuhl \u00fcberzugreifen.<\/p>\n<p>Bereits auf der Anfahrt konnten die anr\u00fcckenden Einheiten eine dunkle Rauchs\u00e4ule \u00fcber dem Stadtteil erkennen. Beim Eintreffen der Feuerwehr stand eine Garage bereits in Vollbrand.<\/p>\n<p>Durch das schnelle Eingreifen der Einsatzkr\u00e4fte konnte ein \u00dcbergreifen des Feuers auf das unmittelbar angrenzende Wohnhaus verhindert werden. Aufgrund der starken Brandeinwirkung wurde das angrenzende Wohnhaus vorsorglich sowohl von innen als auch \u00fcber eine Drehleiter im Bereich des Daches kontrolliert. Dabei wurden lediglich kleinere Glutnester im Bereich unter der Dachhaut festgestellt. Diese konnten gezielt abgel\u00f6scht werden, sodass eine weitere Ausbreitung des Feuers verhindert wurde.<\/p>\n<p>Die Bewohner der betroffenen Geb\u00e4ude gaben den Einsatzkr\u00e4ften bereits bei deren Eintreffen den wichtigen Hinweis, dass sich keine Personen mehr in den Geb\u00e4uden befanden. Gl\u00fccklicherweise wurde bei dem Einsatz niemand verletzt.<\/p>\n<p>Die Garage wurde durch den Brand nahezu vollst\u00e4ndig zerst\u00f6rt. Das angrenzende Wohnhaus blieb durch das schnelle Eingreifen der Feuerwehr bewohnbar. Die Bewohner konnten nach Abschluss der Einsatzma\u00dfnahmen wieder in ihre Wohnung zur\u00fcckkehren.<\/p>\n<p>Im Einsatz waren 12 Fahrzeuge und ca. 40 Kr\u00e4fte  von Polizei, Rettungsdienste, Berufsfeuerwehr Mainz und Freiwilliger Feuerwehr Mainz-Ebersheim.<\/p>\n<p class=\"contact-headline\">R\u00fcckfragen bitte an:<\/p>\n<p class=\"contact-text\">Nur f\u00fcr Medienvertreter:Innen!<\/p>\n<p>Landeshauptstadt Mainz<br \/>Feuerwehr<br \/>Telefon: 06131 &#8211; 12 4650<br \/>E-Mail: <a href=\"https:\/\/www.presseportal.de\/blaulicht\/pm\/171463\/mailto:puma.feuerwehr@stadt.mainz.de\" class=\"uri-mailto\" rel=\"nofollow noopener\" target=\"_blank\">puma.feuerwehr@stadt.mainz.de<\/a><br \/><a target=\"_blank\" class=\"uri-ext outbound\" rel=\"noopener nofollow\" href=\"http:\/\/www.berufsfeuerwehr-mainz.de\">http:\/\/www.berufsfeuerwehr-mainz.de<\/a><\/p>\n<p class=\"originator\">Original-Content von: Feuerwehr Mainz, \u00fcbermittelt durch news aktuell<\/p>\n","protected":false},"excerpt":{"rendered":"15.08.2026 \u2013 01:12 Feuerwehr Mainz Mainz (ots) Am Freitagabend alarmierte die Integrierte Leitstelle Mainz die Kr\u00e4fte der Berufsfeuerwehr&hellip;\n","protected":false},"author":2,"featured_media":1184682,"comment_status":"","ping_status":"","sticky":false,"template":"","format":"standard","meta":{"footnotes":"","_share_on_mastodon":"0"},"categories":[1847],"tags":[2919,3364,29,548,663,3934,985,30,13,2052,14,15,178,180,179,181,17273,12,4544],"class_list":["post-1237184","post","type-post","status-publish","format-standard","has-post-thumbnail","category-wiesbaden","tag-brand","tag-de","tag-deutschland","tag-eu","tag-europa","tag-europe","tag-feuerwehr","tag-germany","tag-headlines","tag-hessen","tag-nachrichten","tag-news","tag-presse","tag-pressemeldung","tag-pressemitteilung","tag-pressemitteilungen","tag-rp","tag-schlagzeilen","tag-wiesbaden"],"share_on_mastodon":{"url":"https:\/\/pubeurope.com\/@de\/117096850819509014","error":""},"_links":{"self":[{"href":"https:\/\/www.europesays.com\/de\/wp-json\/wp\/v2\/posts\/1237184","targetHints":{"allow":["GET"]}}],"collection":[{"href":"https:\/\/www.europesays.com\/de\/wp-json\/wp\/v2\/posts"}],"about":[{"href":"https:\/\/www.europesays.com\/de\/wp-json\/wp\/v2\/types\/post"}],"author":[{"embeddable":true,"href":"https:\/\/www.europesays.com\/de\/wp-json\/wp\/v2\/users\/2"}],"replies":[{"embeddable":true,"href":"https:\/\/www.europesays.com\/de\/wp-json\/wp\/v2\/comments?post=1237184"}],"version-history":[{"count":0,"href":"https:\/\/www.europesays.com\/de\/wp-json\/wp\/v2\/posts\/1237184\/revisions"}],"wp:featuredmedia":[{"embeddable":true,"href":"https:\/\/www.europesays.com\/de\/wp-json\/wp\/v2\/media\/1184682"}],"wp:attachment":[{"href":"https:\/\/www.europesays.com\/de\/wp-json\/wp\/v2\/media?parent=1237184"}],"wp:term":[{"taxonomy":"category","embeddable":true,"href":"https:\/\/www.europesays.com\/de\/wp-json\/wp\/v2\/categories?post=1237184"},{"taxonomy":"post_tag","embeddable":true,"href":"https:\/\/www.europesays.com\/de\/wp-json\/wp\/v2\/tags?post=1237184"}],"curies":[{"name":"wp","href":"https:\/\/api.w.org\/{rel}","templated":true}]}}