{"id":1237201,"date":"2026-08-15T01:19:41","date_gmt":"2026-08-15T01:19:41","guid":{"rendered":"https:\/\/www.europesays.com\/de\/1237201\/"},"modified":"2026-08-15T01:19:41","modified_gmt":"2026-08-15T01:19:41","slug":"wissenschaftlicher-wuppertaler-nachhaltigkeitskongress-2026-wuppertal-institut-fuer-klima-umwelt-energie","status":"publish","type":"post","link":"https:\/\/www.europesays.com\/de\/1237201\/","title":{"rendered":"Wissenschaftlicher Wuppertaler Nachhaltigkeitskongress 2026 &#8211; Wuppertal Institut f\u00fcr Klima, Umwelt, Energie"},"content":{"rendered":"<p>Um Wirtschaft und Gesellschaft krisenfest f\u00fcr die Zukunft aufzustellen, braucht es heute mehr denn je einen Perspektivwechsel \u2013 weg von isolierten Einzelma\u00dfnahmen, hin zu integrativen L\u00f6sungen, die mehrere Ziele gleichzeitig verfolgen. Denn die aktuellen Herausforderungen sind vielschichtig: Mit volatilen Energiepreisen, geopolitischen Unsicherheiten, zunehmend sp\u00fcrbaren Auswirkungen des Klimawandels, sozialen Ungleichgewichten und dem daraus resultierenden Druck zur Ver\u00e4nderung treffen gleich mehrere komplexe Herausforderungen gleichzeitig auf Wirtschaft, Gesellschaft und \u00f6ffentliche Institutionen. In allen Bereichen besteht die Notwendigkeit, tragf\u00e4hige, zukunftsfeste L\u00f6sungen zu entwickeln. Vor diesem Hintergrund kommt der wissenschaftlichen Diskussion \u00fcber die erheblichen Potenziale sogenannter &#8222;Multiple Benefits&#8220; eine wachsende Bedeutung zu \u2013 also L\u00f6sungen, die gleich mehrere \u00f6konomische, \u00f6kologische und gesellschaftliche Vorteile miteinander verbinden und damit eine \u00fcberzeugende Begr\u00fcndung f\u00fcr reale Ver\u00e4nderungen bieten.<\/p>\n<p>Am 4. November 2026 laden die Stadtsparkasse Wuppertal und das Wuppertal Institut von 10:00 bis 16:30 Uhr zum Wissenschaftlichen Wuppertaler Nachhaltigkeitskongress 2026 in das 19. OG des Sparkassenturms ein, um mit Expert*innen \u00fcber die Potenziale und Herausforderungen im Hinblick auf &#8222;Multiple Benefits&#8220; ins Gespr\u00e4ch zu kommen. Die Teilnehmenden erwarten spannende Vortr\u00e4ge und zukunftsweisende Impulse zu zentralen Handlungsfeldern, wie beispielsweise integrative L\u00f6sungen f\u00fcr nachhaltige St\u00e4dte, ganzheitliche Zukunftsperspektiven von Energie und Mobilit\u00e4t sowie wirksame Klimaanpassungsma\u00dfnahmen. Ein besonderer Schwerpunkt liegt dabei auf den Herausforderungen und Chancen f\u00fcr Industrie und Mittelstand.<\/p>\n<p>Die Teilnahme an der Veranstaltung ist kostenfrei. Eine Anmeldung ist \u00fcber den unten stehenden Link m\u00f6glich.<\/p>\n","protected":false},"excerpt":{"rendered":"Um Wirtschaft und Gesellschaft krisenfest f\u00fcr die Zukunft aufzustellen, braucht es heute mehr denn je einen Perspektivwechsel \u2013&hellip;\n","protected":false},"author":2,"featured_media":329526,"comment_status":"","ping_status":"","sticky":false,"template":"","format":"standard","meta":{"footnotes":"","_share_on_mastodon":"0"},"categories":[1840],"tags":[3364,29,1149,4781,19165,30,1563,19164,4507,1209,19166,19162,19160,19163,19161,383,601,4418,19159],"class_list":["post-1237201","post","type-post","status-publish","format-standard","has-post-thumbnail","category-wuppertal","tag-de","tag-deutschland","tag-energie","tag-energieeffizienz","tag-ernst-ulrich-von-weizsaecker","tag-germany","tag-klima","tag-manfred-fischedick","tag-nachhaltigkeit","tag-nordrhein-westfalen","tag-peter-hennicke","tag-ressourceneffizienz","tag-stoffstroeme","tag-sustainability","tag-transition-forschung","tag-umwelt","tag-verkehr","tag-wuppertal","tag-wuppertal-institut"],"share_on_mastodon":{"url":"https:\/\/pubeurope.com\/@de\/117096898113704034","error":""},"_links":{"self":[{"href":"https:\/\/www.europesays.com\/de\/wp-json\/wp\/v2\/posts\/1237201","targetHints":{"allow":["GET"]}}],"collection":[{"href":"https:\/\/www.europesays.com\/de\/wp-json\/wp\/v2\/posts"}],"about":[{"href":"https:\/\/www.europesays.com\/de\/wp-json\/wp\/v2\/types\/post"}],"author":[{"embeddable":true,"href":"https:\/\/www.europesays.com\/de\/wp-json\/wp\/v2\/users\/2"}],"replies":[{"embeddable":true,"href":"https:\/\/www.europesays.com\/de\/wp-json\/wp\/v2\/comments?post=1237201"}],"version-history":[{"count":0,"href":"https:\/\/www.europesays.com\/de\/wp-json\/wp\/v2\/posts\/1237201\/revisions"}],"wp:featuredmedia":[{"embeddable":true,"href":"https:\/\/www.europesays.com\/de\/wp-json\/wp\/v2\/media\/329526"}],"wp:attachment":[{"href":"https:\/\/www.europesays.com\/de\/wp-json\/wp\/v2\/media?parent=1237201"}],"wp:term":[{"taxonomy":"category","embeddable":true,"href":"https:\/\/www.europesays.com\/de\/wp-json\/wp\/v2\/categories?post=1237201"},{"taxonomy":"post_tag","embeddable":true,"href":"https:\/\/www.europesays.com\/de\/wp-json\/wp\/v2\/tags?post=1237201"}],"curies":[{"name":"wp","href":"https:\/\/api.w.org\/{rel}","templated":true}]}}