{"id":1237254,"date":"2026-08-15T01:53:39","date_gmt":"2026-08-15T01:53:39","guid":{"rendered":"https:\/\/www.europesays.com\/de\/1237254\/"},"modified":"2026-08-15T01:53:39","modified_gmt":"2026-08-15T01:53:39","slug":"dortmund-lotto-millionaer-chico-spricht-nach-liebes-aus","status":"publish","type":"post","link":"https:\/\/www.europesays.com\/de\/1237254\/","title":{"rendered":"Dortmund: Lotto-Million\u00e4r Chico spricht nach Liebes-Aus"},"content":{"rendered":"<p>\t\tChico nach der Trennung von seiner gro\u00dfen Liebe<br \/>\n\t\t\t\t\t\u201eIch bin wirklich in einer Sackgasse\u201c<\/p>\n<p>    <a href=\"https:\/\/www.ruhrnachrichten.de\/wp-content\/uploads\/2026\/08\/14\/14\/630_0900_6685503_-1648x824.jpg\" rel=\"nofollow noopener\" target=\"_blank\"><\/p>\n<p>            <img loading=\"lazy\" decoding=\"async\" src=\"https:\/\/www.europesays.com\/de\/wp-content\/uploads\/2026\/08\/630_0900_6685502_-640x426.jpg\" width=\"640\" height=\"426\"  alt=\"Der Dortmunder Lotto-Million\u00e4r Chico ist nach Monaco gereist, um seinem Liebeskummer zu entfliehen.\"\/><\/p>\n<p>    <\/a><br \/>\n    Der Dortmunder Lotto-Million\u00e4r Chico ist nach Monaco gereist, um seinem Liebeskummer zu entfliehen. \u00a9 Privat<\/p>\n<p class=\"article__teaser-text\">Nach der Trennung von seiner gro\u00dfen Liebe sucht Lotto-Million\u00e4r Chico Abstand in Monaco. Doch die Beziehung l\u00e4sst ihn nicht los: \u201eIch h\u00e4nge noch an ihr.\u201c<\/p>\n<p>2 Min Lesezeit<\/p>\n<p>Nach der Trennung nach Monaco<\/p>\n","protected":false},"excerpt":{"rendered":"Chico nach der Trennung von seiner gro\u00dfen Liebe \u201eIch bin wirklich in einer Sackgasse\u201c Der Dortmunder Lotto-Million\u00e4r Chico&hellip;\n","protected":false},"author":2,"featured_media":1237255,"comment_status":"","ping_status":"","sticky":false,"template":"","format":"standard","meta":{"footnotes":"","_share_on_mastodon":"0"},"categories":[1833],"tags":[3364,29,217,30,1209,8299],"class_list":["post-1237254","post","type-post","status-publish","format-standard","has-post-thumbnail","category-dortmund","tag-de","tag-deutschland","tag-dortmund","tag-germany","tag-nordrhein-westfalen","tag-prominent"],"share_on_mastodon":{"url":"https:\/\/pubeurope.com\/@de\/117097031765064407","error":""},"_links":{"self":[{"href":"https:\/\/www.europesays.com\/de\/wp-json\/wp\/v2\/posts\/1237254","targetHints":{"allow":["GET"]}}],"collection":[{"href":"https:\/\/www.europesays.com\/de\/wp-json\/wp\/v2\/posts"}],"about":[{"href":"https:\/\/www.europesays.com\/de\/wp-json\/wp\/v2\/types\/post"}],"author":[{"embeddable":true,"href":"https:\/\/www.europesays.com\/de\/wp-json\/wp\/v2\/users\/2"}],"replies":[{"embeddable":true,"href":"https:\/\/www.europesays.com\/de\/wp-json\/wp\/v2\/comments?post=1237254"}],"version-history":[{"count":0,"href":"https:\/\/www.europesays.com\/de\/wp-json\/wp\/v2\/posts\/1237254\/revisions"}],"wp:featuredmedia":[{"embeddable":true,"href":"https:\/\/www.europesays.com\/de\/wp-json\/wp\/v2\/media\/1237255"}],"wp:attachment":[{"href":"https:\/\/www.europesays.com\/de\/wp-json\/wp\/v2\/media?parent=1237254"}],"wp:term":[{"taxonomy":"category","embeddable":true,"href":"https:\/\/www.europesays.com\/de\/wp-json\/wp\/v2\/categories?post=1237254"},{"taxonomy":"post_tag","embeddable":true,"href":"https:\/\/www.europesays.com\/de\/wp-json\/wp\/v2\/tags?post=1237254"}],"curies":[{"name":"wp","href":"https:\/\/api.w.org\/{rel}","templated":true}]}}