{"id":1237270,"date":"2026-08-15T02:03:18","date_gmt":"2026-08-15T02:03:18","guid":{"rendered":"https:\/\/www.europesays.com\/de\/1237270\/"},"modified":"2026-08-15T02:03:18","modified_gmt":"2026-08-15T02:03:18","slug":"frankfurt-main-gymnastik-star-varfolomeev-holt-wm-gold-im-mehrkampf","status":"publish","type":"post","link":"https:\/\/www.europesays.com\/de\/1237270\/","title":{"rendered":"Frankfurt\/Main | Gymnastik-Star Varfolomeev holt WM-Gold im Mehrkampf"},"content":{"rendered":"<p>Frankfurt\/Main (dpa) &#8211; Erst leicht gewackelt, dann gegl\u00e4nzt und am Ende gejubelt: Darja Varfolomeev hat sich bei der Heim-WM zum dritten Mal in Serie zur Mehrkampf-Weltmeisterin in der Rhythmischen Sportgymnastik gekr\u00f6nt. Die 19-J\u00e4hrige erhielt f\u00fcr ihre vier Auftritte mit dem Reifen, dem Ball, den Keulen und dem Band insgesamt 119,500 Punkte und triumphierte damit wie schon 2023 und 2025.<\/p>\n<p>Vor zwei Jahren war Vorfalomeev in Paris zudem als erste deutsche Gymnastin Olympiasiegerin im Mehrkampf geworden. Am Sonntag hat die Ausnahmeathletin, die bei jedem ihrer Auftritte von den 4.250 Zuschauern in der ausverkauften Frankfurter Festhalle frenetisch bejubelt wurde, in den Einzelfinals mit Ball, Band und Reifen drei weitere Gold-Chancen.\u00a0<\/p>\n<p>Nur den Endkampf mit den Keulen hatte Varfolomeev als Neunte der Qualifikation um 0,3 Punkte verpasst. Entsprechend motiviert ging die Favoritin, die schon die Qualifikation dominiert hatte, in die Mehrkampf-Entscheidung. Am Ende lag sie um 1,900 Z\u00e4hler vor der Bulgarin Stiljana Nikolowa. Bronze ging an Sofia Raffaeli aus Italien.<\/p>\n<p>Wackliger Start von Varfolomeev<\/p>\n<p>Dabei verlief die erste \u00dcbung mit dem Reifen nicht nach Plan. Nur 28,300 Punkte gab es von den Wertungsrichtern. Die Unzufriedenheit stand Varfolomeev beim Abgang von der B\u00fchne ins Gesicht geschrieben. Beeindrucken lie\u00df sie sich davon jedoch nicht.<\/p>\n<p>Im Gegenteil: Mit dem Ball lieferte die Europameisterin eine starke und vor allem fehlerfreie Vorstellung ab. Der Lohn waren 30,050 Punkte, die Varfolomeev mit einem erleichterten L\u00e4cheln zur Kenntnis nahm und sie wieder n\u00e4her an die Spitze heranbrachten.<\/p>\n<p>Gala-Auftritt mit den Keulen ebnet Weg zu Gold<\/p>\n<p>Es folgte die gro\u00dfe Keulen-Show: Ausgerechnet bei dem Ger\u00e4t, mit dem sie am Vortag gepatzt hatte, lieferte Varfolomeev eine \u00fcberragende Performance ab, f\u00fcr die sie 31,500 Z\u00e4hler erhielt. Tages-H\u00f6chstwert und die F\u00fchrung nach drei von vier \u00dcbungen.<\/p>\n<p>Jetzt war mit dem Band Nervenst\u00e4rke gefragt. Und Varfolomeev lieferte. Danach winkte sie erleichtert ins Publikum und setzte wenig sp\u00e4ter bereits ein Siegerl\u00e4cheln auf, als auf der Anzeigetafel 29,650 Punkte aufleuchteten. Der Titel war ihr gewiss &#8211; und stand nach einer kurzen Wartezeit dann auch endg\u00fcltig fest.<\/p>\n","protected":false},"excerpt":{"rendered":"Frankfurt\/Main (dpa) &#8211; Erst leicht gewackelt, dann gegl\u00e4nzt und am Ende gejubelt: Darja Varfolomeev hat sich bei der&hellip;\n","protected":false},"author":2,"featured_media":1237271,"comment_status":"","ping_status":"","sticky":false,"template":"","format":"standard","meta":{"footnotes":"","_share_on_mastodon":"0"},"categories":[1829],"tags":[29,2050,2051,30,2052,984,55290,27381,11404],"class_list":["post-1237270","post","type-post","status-publish","format-standard","has-post-thumbnail","category-frankfurt-am-main","tag-deutschland","tag-frankfurt","tag-frankfurt-am-main","tag-germany","tag-hessen","tag-international","tag-rhythmische-sportgymnastik","tag-turnen","tag-wm"],"share_on_mastodon":{"url":"https:\/\/pubeurope.com\/@de\/117097071144569400","error":""},"_links":{"self":[{"href":"https:\/\/www.europesays.com\/de\/wp-json\/wp\/v2\/posts\/1237270","targetHints":{"allow":["GET"]}}],"collection":[{"href":"https:\/\/www.europesays.com\/de\/wp-json\/wp\/v2\/posts"}],"about":[{"href":"https:\/\/www.europesays.com\/de\/wp-json\/wp\/v2\/types\/post"}],"author":[{"embeddable":true,"href":"https:\/\/www.europesays.com\/de\/wp-json\/wp\/v2\/users\/2"}],"replies":[{"embeddable":true,"href":"https:\/\/www.europesays.com\/de\/wp-json\/wp\/v2\/comments?post=1237270"}],"version-history":[{"count":0,"href":"https:\/\/www.europesays.com\/de\/wp-json\/wp\/v2\/posts\/1237270\/revisions"}],"wp:featuredmedia":[{"embeddable":true,"href":"https:\/\/www.europesays.com\/de\/wp-json\/wp\/v2\/media\/1237271"}],"wp:attachment":[{"href":"https:\/\/www.europesays.com\/de\/wp-json\/wp\/v2\/media?parent=1237270"}],"wp:term":[{"taxonomy":"category","embeddable":true,"href":"https:\/\/www.europesays.com\/de\/wp-json\/wp\/v2\/categories?post=1237270"},{"taxonomy":"post_tag","embeddable":true,"href":"https:\/\/www.europesays.com\/de\/wp-json\/wp\/v2\/tags?post=1237270"}],"curies":[{"name":"wp","href":"https:\/\/api.w.org\/{rel}","templated":true}]}}