{"id":1237382,"date":"2026-08-15T03:22:42","date_gmt":"2026-08-15T03:22:42","guid":{"rendered":"https:\/\/www.europesays.com\/de\/1237382\/"},"modified":"2026-08-15T03:22:42","modified_gmt":"2026-08-15T03:22:42","slug":"viertes-sommerfest-der-blauen-fabrik-am-alten-leipziger-bahnhof","status":"publish","type":"post","link":"https:\/\/www.europesays.com\/de\/1237382\/","title":{"rendered":"Viertes Sommerfest der Blauen Fabrik am Alten Leipziger Bahnhof"},"content":{"rendered":"<p>Die Blaue Fabrik veranstaltet ihr viertes Sommerfest am Alten Leipziger Bahnhof. Am Freitag und Sonnabend stehen mehrere Bands und weitere musikalische Beitr\u00e4ge auf dem Programm. Der Eintritt ist frei, um Spenden wird gebeten.<br \/>\n<img fetchpriority=\"high\" decoding=\"async\" src=\"https:\/\/www.europesays.com\/de\/wp-content\/uploads\/2026\/08\/2026-08-13-BlaueFabrik1.jpg\" alt=\"Die Blaue Fabrik l\u00e4dt zum Sommerfest am 14. und 15. August. Foto: Archiv Anton Launer\" width=\"2400\" height=\"1350\" class=\"size-full wp-image-240510\"  \/>Die Blaue Fabrik l\u00e4dt zum Sommerfest am 14. und 15. August. Foto: Archiv Anton Launer\n<\/p>\n<p>Das Sommerfest beginnt am Freitag um 18 Uhr mit der Band des Projekts \u201eBigBand Workshops\u201c. Um 18.30 Uhr spielt DeFeyn. Die Band vom Gymnasium Pieschen belegte 2026 den zweiten Platz beim Wettbewerb \u201eSchule rockt!\u201c.\n<\/p>\n<p>Um 19.30 Uhr folgt die Schillerband vom Schiller-Gymnasium Pirna. Sie gewann 2026 den ersten Preis bei \u201eSchule rockt!\u201c. Ab 20.30 Uhr spielt Tom Two Indie-Pop und Rock aus Dresden.<br \/>\n<img loading=\"lazy\" decoding=\"async\" src=\"https:\/\/www.europesays.com\/de\/wp-content\/uploads\/2026\/08\/SF-1-scaled.jpg\" alt=\"Sommerfest in der Blauen Fabrik \" width=\"2560\" height=\"1440\" class=\"size-full wp-image-240534\"  \/>Sommerfest in der Blauen Fabrik\n<\/p>\n<p>Am Sonnabend beginnt das Programm um 17 Uhr mit der Haus-Sch\u00fclerband. Um 17.30 Uhr folgt eine Flamenco-Show von \u201eEl Patio Flamenco\u201c.<\/p>\n<p>Das Richard Ebert Quartett spielt ab 18.30 Uhr eigene Jazzkompositionen. Um 19.30 Uhr treten Noelia Recalde und Jonatan Szer aus Argentinien als Lohd\u00f3h auf. Ab 20.30 Uhr spielen die Balkaneros Balkan Brass. Den Abschluss bildet ab 22 Uhr die Dresdner Soul-Band The Souldiers.\n<\/p>\n<p>Das Sommerfest wird vom Stadtbezirk Neustadt gef\u00f6rdert, die R\u00e4te hatten mit <a href=\"https:\/\/www.neustadt-ticker.de\/236937\/aktuell\/aus-dem-stadtbezirksbeirat-neustadt\" rel=\"nofollow noopener\" target=\"_blank\">deutlicher Mehrheit<\/a> f\u00fcr die F\u00f6rderung gestimmt. Die Regionalstiftung der Kunst und Kultur der Osts\u00e4chsischen Sparkasse unterst\u00fctzt die Veranstaltung ebenfalls.\n<\/p>\n<ul>\n<li>Wann: Freitag ab 18 Uhr, Sonnabend ab 17 Uhr<\/li>\n<li>Wo: Alter Leipziger Bahnhof, Eisenbahnstra\u00dfe<\/li>\n<li>Eintritt: frei, Spenden erbeten<\/li>\n<li>Mehr Infos: <a href=\"https:\/\/blauefabrik.de\/event\/sommerfest\/\" target=\"_blank\" rel=\"nofollow noopener\">blauefabrik.de\/event\/sommerfest<\/a><\/li>\n<\/ul>\n<p>\u00dcber die Blaue Fabrik<\/p>\n<p>Die Blaue Fabrik ist ein Kulturort in freier Tr\u00e4gerschaft in der Dresdner Neustadt. Ihre Geschichte begann 1991 mit einer Galerie in einem Fabrikgeb\u00e4ude im Hinterhof der Prie\u00dfnitzstra\u00dfe. Nach deren Konkurs 1996 gr\u00fcndete sich 1997 aus ihrem Umfeld die K\u00fcnstlervereinigung Blaue Fabrik. 2005 erhielt sie den Kulturf\u00f6rderpreis der Landeshauptstadt Dresden, seit 2010 wird sie institutionell gef\u00f6rdert.\n<\/p>\n<p>Seit 2016 hat die Blaue Fabrik ihren Sitz im linken Fl\u00fcgel des Alten Leipziger Bahnhofs an der Eisenbahnstra\u00dfe. Auf zwei Etagen gibt es 14 Prober\u00e4ume f\u00fcr mehr als 50 K\u00fcnstler und angeschlossene Bands, darunter das New Town Swing Orchestra, The Souldiers, die Banda Comunale, das Richard Ebert Quartett und Youkali. Ein gro\u00dfer Teil der K\u00fcnstler sind Absolventen der Dresdner Musikhochschule.<\/p>\n<p>In den \u00f6ffentlichen R\u00e4umen finden regelm\u00e4\u00dfig Jazzkonzerte, Sessions, Ausstellungen und weitere Kulturveranstaltungen statt, auch von Dritten in Eigenregie. Kooperationspartner sind das Jazzkollektiv Dresden e. V. und der Gedenkort Alter Leipziger Bahnhof e. V. Vermietungen f\u00fcr Feiern tragen zur Finanzierung des Gesamtprojekts bei.\n<\/p>\n<p>Die Blaue Fabrik versteht sich in erster Linie als Kulturort f\u00fcr eigene Projekte von K\u00fcnstlerinnen aus ihrem Netzwerk. Der Verein bezeichnet sich als \u00fcberparteilich und distanziert sich von gruppenbezogener Diskriminierung sowie rassistischen, nationalistischen, sexistischen und menschenfeindlichen Positionen, betont zugleich aber die Freiheit der Kunst.<br \/>\n<img loading=\"lazy\" decoding=\"async\" src=\"https:\/\/www.europesays.com\/de\/wp-content\/uploads\/2026\/08\/2026-08-13-BlaueFabrik2.jpg\" alt=\"Seit nunmehr zehn Jahren residiert die Blaue Fabrik in der Gr\u00fcnen Villa am Alten Leipziger Bahnhof. Foto: Archiv Anton Launer\" width=\"2400\" height=\"1350\" class=\"size-full wp-image-240511\"  \/>Seit nunmehr zehn Jahren residiert die Blaue Fabrik in der Gr\u00fcnen Villa am Alten Leipziger Bahnhof. Foto: Archiv Anton Launer\n<\/p>\n<p>Der Alte Leipziger Bahnhof<\/p>\n<p>Die Lage am Alten Leipziger Bahnhof ist auch inhaltlich Teil der Arbeit der Blauen Fabrik. Das Gel\u00e4nde zwischen Eisenbahnstra\u00dfe, Leipziger Stra\u00dfe, Hansastra\u00dfe und Erfurter Stra\u00dfe z\u00e4hlt zu den noch unerschlossenen Innenstadtquartieren und ist bedeutsam f\u00fcr die Eisenbahn- und Industriegeschichte sowie f\u00fcr die Geschichte der Shoa.\n<\/p>\n<p>Mit verschiedenen Veranstaltungsformaten widmet sich die Blaue Fabrik der Entwicklung des Gel\u00e4ndes, auf dem nach Vorstellung des Vereins Erinnerungskultur und zeitgen\u00f6ssische Kunst, Gedenken, Feiern, j\u00fcdisches Leben und freie Kulturszene zusammenkommen k\u00f6nnten. Dabei versteht sie sich als unabh\u00e4ngiger Akteur und nicht als Teil eines k\u00fcnftig m\u00f6glicherweise entstehenden Gedenk- und Bildungsortes.<\/p>\n","protected":false},"excerpt":{"rendered":"Die Blaue Fabrik veranstaltet ihr viertes Sommerfest am Alten Leipziger Bahnhof. Am Freitag und Sonnabend stehen mehrere Bands&hellip;\n","protected":false},"author":2,"featured_media":1237383,"comment_status":"","ping_status":"","sticky":false,"template":"","format":"standard","meta":{"footnotes":"","_share_on_mastodon":"0"},"categories":[1835],"tags":[211145,3364,29,2386,30,4229,859,32990],"class_list":["post-1237382","post","type-post","status-publish","format-standard","has-post-thumbnail","category-dresden","tag-blaue-fabrik","tag-de","tag-deutschland","tag-dresden","tag-germany","tag-neustadt","tag-sachsen","tag-sommerfest"],"share_on_mastodon":{"url":"https:\/\/pubeurope.com\/@de\/117097382252027790","error":""},"_links":{"self":[{"href":"https:\/\/www.europesays.com\/de\/wp-json\/wp\/v2\/posts\/1237382","targetHints":{"allow":["GET"]}}],"collection":[{"href":"https:\/\/www.europesays.com\/de\/wp-json\/wp\/v2\/posts"}],"about":[{"href":"https:\/\/www.europesays.com\/de\/wp-json\/wp\/v2\/types\/post"}],"author":[{"embeddable":true,"href":"https:\/\/www.europesays.com\/de\/wp-json\/wp\/v2\/users\/2"}],"replies":[{"embeddable":true,"href":"https:\/\/www.europesays.com\/de\/wp-json\/wp\/v2\/comments?post=1237382"}],"version-history":[{"count":0,"href":"https:\/\/www.europesays.com\/de\/wp-json\/wp\/v2\/posts\/1237382\/revisions"}],"wp:featuredmedia":[{"embeddable":true,"href":"https:\/\/www.europesays.com\/de\/wp-json\/wp\/v2\/media\/1237383"}],"wp:attachment":[{"href":"https:\/\/www.europesays.com\/de\/wp-json\/wp\/v2\/media?parent=1237382"}],"wp:term":[{"taxonomy":"category","embeddable":true,"href":"https:\/\/www.europesays.com\/de\/wp-json\/wp\/v2\/categories?post=1237382"},{"taxonomy":"post_tag","embeddable":true,"href":"https:\/\/www.europesays.com\/de\/wp-json\/wp\/v2\/tags?post=1237382"}],"curies":[{"name":"wp","href":"https:\/\/api.w.org\/{rel}","templated":true}]}}