{"id":1237396,"date":"2026-08-15T03:31:13","date_gmt":"2026-08-15T03:31:13","guid":{"rendered":"https:\/\/www.europesays.com\/de\/1237396\/"},"modified":"2026-08-15T03:31:13","modified_gmt":"2026-08-15T03:31:13","slug":"el-mala-poker-beendet-diese-stars-hat-der-bvb-jetzt-auf-der-liste-sport","status":"publish","type":"post","link":"https:\/\/www.europesays.com\/de\/1237396\/","title":{"rendered":"El Mala-Poker beendet: Diese Stars hat der BVB jetzt auf der Liste | Sport"},"content":{"rendered":"<p data-21134c99=\"0-3163\"><b>Dortmund \u2013 Der BVB ist raus im Poker um Said El Mala (19). Am gestrigen Freitag erkl\u00e4rten die Dortmunder Bosse die Verhandlungen auch \u00f6ffentlich f\u00fcr beendet. Klub-Chef Carsten Cramer (57) zu BILD: \u201eWir haben uns gemeinsam bewusst dazu entschieden, kein weiteres Angebot mehr abzugeben. Wir hatten ein aus unserer Sicht sehr werthaltiges Angebot gemacht. Bei allen sportlichen Ambitionen ist es uns wichtig, dass die wirtschaftliche Vernunft nicht auf der Strecke bleibt.\u201c<\/b><\/p>\n<p data-21134c99=\"0-3163\">Was passiert jetzt stattdessen? Cramer und Pr\u00e4sident Hans-Joachim Watzke (67) haben die klare Erwartungshaltung an die sportliche F\u00fchrung um Sport-Boss Lars Ricken (50) und Sportdirektor Ole Book (40), dass der BVB-Kader in der laufenden Transferperiode noch deutlich aufgewertet wird.<\/p>\n<p>BILD wei\u00df: Schon w\u00e4hrend der El-Mala-Verhandlungen gab es Alternativ-Optionen. Zun\u00e4chst aber wird intern ein ganz wichtiges, strategisches Thema diskutiert! Lesen Sie hier weiter mit BILD PLUS.<\/p>\n","protected":false},"excerpt":{"rendered":"Dortmund \u2013 Der BVB ist raus im Poker um Said El Mala (19). Am gestrigen Freitag erkl\u00e4rten die&hellip;\n","protected":false},"author":2,"featured_media":1237397,"comment_status":"","ping_status":"","sticky":false,"template":"","format":"standard","meta":{"footnotes":"","_share_on_mastodon":"0"},"categories":[1833],"tags":[623,1263,888,3364,29,217,253980,538,30,5133,1209,957,12984,73392,803,819,1576,5132],"class_list":["post-1237396","post","type-post","status-publish","format-standard","has-post-thumbnail","category-dortmund","tag-1-fc-koeln","tag-aufmacher-bereich","tag-borussia-dortmund","tag-de","tag-deutschland","tag-dortmund","tag-el-mala-said","tag-erste-bundesliga","tag-germany","tag-hueber-yannick","tag-nordrhein-westfalen","tag-premier-league","tag-ricken-lars","tag-schroeer-michel","tag-spielertransfer","tag-sport-leuchtturm-essen","tag-super-a-teaser","tag-weiler-joerg"],"share_on_mastodon":{"url":"https:\/\/pubeurope.com\/@de\/117097417040749144","error":""},"_links":{"self":[{"href":"https:\/\/www.europesays.com\/de\/wp-json\/wp\/v2\/posts\/1237396","targetHints":{"allow":["GET"]}}],"collection":[{"href":"https:\/\/www.europesays.com\/de\/wp-json\/wp\/v2\/posts"}],"about":[{"href":"https:\/\/www.europesays.com\/de\/wp-json\/wp\/v2\/types\/post"}],"author":[{"embeddable":true,"href":"https:\/\/www.europesays.com\/de\/wp-json\/wp\/v2\/users\/2"}],"replies":[{"embeddable":true,"href":"https:\/\/www.europesays.com\/de\/wp-json\/wp\/v2\/comments?post=1237396"}],"version-history":[{"count":0,"href":"https:\/\/www.europesays.com\/de\/wp-json\/wp\/v2\/posts\/1237396\/revisions"}],"wp:featuredmedia":[{"embeddable":true,"href":"https:\/\/www.europesays.com\/de\/wp-json\/wp\/v2\/media\/1237397"}],"wp:attachment":[{"href":"https:\/\/www.europesays.com\/de\/wp-json\/wp\/v2\/media?parent=1237396"}],"wp:term":[{"taxonomy":"category","embeddable":true,"href":"https:\/\/www.europesays.com\/de\/wp-json\/wp\/v2\/categories?post=1237396"},{"taxonomy":"post_tag","embeddable":true,"href":"https:\/\/www.europesays.com\/de\/wp-json\/wp\/v2\/tags?post=1237396"}],"curies":[{"name":"wp","href":"https:\/\/api.w.org\/{rel}","templated":true}]}}