{"id":1237404,"date":"2026-08-15T03:35:15","date_gmt":"2026-08-15T03:35:15","guid":{"rendered":"https:\/\/www.europesays.com\/de\/1237404\/"},"modified":"2026-08-15T03:35:15","modified_gmt":"2026-08-15T03:35:15","slug":"theodor-heuss-bruecke-in-duesseldorf-100-verbotene-lkw-taeglich","status":"publish","type":"post","link":"https:\/\/www.europesays.com\/de\/1237404\/","title":{"rendered":"Theodor-Heuss-Br\u00fccke in D\u00fcsseldorf: 100 verbotene Lkw t\u00e4glich"},"content":{"rendered":"<p class=\"text_ohne_einzug richtext text-em-55 !leading-serif mx-6 desktop:mx-0\">Seit \u00fcber einem halben Jahr gilt ein Fahrverbot f\u00fcr Lkw auf der Theodor-Heuss-Br\u00fccke. Genauer: Maximal 3,5 Tonnen darf ein Fahrzeug noch wiegen, um das marode Bauwerk passieren zu d\u00fcrfen. So soll es geschont werden, damit es die Jahre bis zum Neubau durchh\u00e4lt. Doch es zeigt sich: Die Zahl der Verst\u00f6\u00dfe bleibt weiterhin hoch. Wenngleich das Verbot gleichzeitig daf\u00fcr sorgt, dass inzwischen sehr viel weniger Lkw auf der Br\u00fccke unterwegs sind. <\/p>\n","protected":false},"excerpt":{"rendered":"Seit \u00fcber einem halben Jahr gilt ein Fahrverbot f\u00fcr Lkw auf der Theodor-Heuss-Br\u00fccke. Genauer: Maximal 3,5 Tonnen darf&hellip;\n","protected":false},"author":2,"featured_media":1237405,"comment_status":"","ping_status":"","sticky":false,"template":"","format":"standard","meta":{"footnotes":"","_share_on_mastodon":"0"},"categories":[1831],"tags":[600,3364,29,3405,30,1962,1209],"class_list":["post-1237404","post","type-post","status-publish","format-standard","has-post-thumbnail","category-duesseldorf","tag-bruecke","tag-de","tag-deutschland","tag-duesseldorf","tag-germany","tag-lkw","tag-nordrhein-westfalen"],"share_on_mastodon":{"url":"","error":""},"_links":{"self":[{"href":"https:\/\/www.europesays.com\/de\/wp-json\/wp\/v2\/posts\/1237404","targetHints":{"allow":["GET"]}}],"collection":[{"href":"https:\/\/www.europesays.com\/de\/wp-json\/wp\/v2\/posts"}],"about":[{"href":"https:\/\/www.europesays.com\/de\/wp-json\/wp\/v2\/types\/post"}],"author":[{"embeddable":true,"href":"https:\/\/www.europesays.com\/de\/wp-json\/wp\/v2\/users\/2"}],"replies":[{"embeddable":true,"href":"https:\/\/www.europesays.com\/de\/wp-json\/wp\/v2\/comments?post=1237404"}],"version-history":[{"count":0,"href":"https:\/\/www.europesays.com\/de\/wp-json\/wp\/v2\/posts\/1237404\/revisions"}],"wp:featuredmedia":[{"embeddable":true,"href":"https:\/\/www.europesays.com\/de\/wp-json\/wp\/v2\/media\/1237405"}],"wp:attachment":[{"href":"https:\/\/www.europesays.com\/de\/wp-json\/wp\/v2\/media?parent=1237404"}],"wp:term":[{"taxonomy":"category","embeddable":true,"href":"https:\/\/www.europesays.com\/de\/wp-json\/wp\/v2\/categories?post=1237404"},{"taxonomy":"post_tag","embeddable":true,"href":"https:\/\/www.europesays.com\/de\/wp-json\/wp\/v2\/tags?post=1237404"}],"curies":[{"name":"wp","href":"https:\/\/api.w.org\/{rel}","templated":true}]}}