{"id":1237459,"date":"2026-08-15T04:09:20","date_gmt":"2026-08-15T04:09:20","guid":{"rendered":"https:\/\/www.europesays.com\/de\/1237459\/"},"modified":"2026-08-15T04:09:20","modified_gmt":"2026-08-15T04:09:20","slug":"kiel-coach-walter-sollten-aufhoeren-geschenke-zu-verteilen","status":"publish","type":"post","link":"https:\/\/www.europesays.com\/de\/1237459\/","title":{"rendered":"Kiel-Coach Walter: Sollten aufh\u00f6ren, Geschenke zu verteilen"},"content":{"rendered":"<p>2. Fu\u00dfball-Bundesliga <\/p>\n<p>Kiel-Coach Walter: Sollten aufh\u00f6ren, Geschenke zu verteilen<\/p>\n<p>Aktualisiert am 15.08.2026 &#8211; 05:53 UhrLesedauer: 2 Min.<\/p>\n<p><a href=\"#focus-0\" class=\"transition-colors block text-current relative\" data-sctrack=\"FocusGalleryImage.Reference\"><img fetchpriority=\"high\" data-testid=\"Opener.Image\"   loading=\"eager\" src=\"https:\/\/www.europesays.com\/de\/wp-content\/uploads\/2026\/08\/kiels-trainer-tim-walter-findet-den-saisonstart-seines-teams-in-ordnung.jpg\" alt=\"Holstein Kiel - FC St. Pauli\" title=\"Holstein Kiel - FC St. Pauli\" width=\"2048\" height=\"1152\" class=\"bg-[url:var(--lqipURL)] bg-cover bg-center flex h-full w-full max-w-full\" style=\"--lqipURL:url('https:\/\/images.t-online.de\/2026\/08\/pyGRsEMll4cw\/0x88:2048x1152\/fit-in\/150x0\/filters:blur(25)\/kiels-trainer-tim-walter-findet-den-saisonstart-seines-teams-in-ordnung.jpg')\" decoding=\"async\"\/><img loading=\"lazy\" src=\"https:\/\/www.t-online.de\/s\/paper\/_next\/static\/media\/zoom-in.f7dae02f.svg\" alt=\"Vergr\u00f6\u00dfern des Bildes\" title=\"Vergr\u00f6\u00dfern des Bildes\" class=\"block h-[calc(var(--height)_\/_16_*_1rem)] w-[calc(var(--width)_\/_16_*_1rem)] max-w-none absolute right-8 bottom-8 rounded-4 bg-snow p-8\" style=\"--width:32;--height:32\" decoding=\"async\"\/><\/a><\/p>\n<p>Kiels Trainer Tim Walter findet den Saisonstart seines Teams &#8222;in Ordnung&#8220;. (Quelle: Christian Charisius\/dpa\/dpa-bilder)<\/p>\n<p><img loading=\"lazy\" src=\"https:\/\/www.t-online.de\/s\/paper\/_next\/static\/media\/audio-volume.6689034c.svg\" alt=\"\" title=\"\" class=\"block h-[calc(var(--height)_\/_16_*_1rem)] w-[calc(var(--width)_\/_16_*_1rem)] max-w-none group-hover:brightness-0 group-hover:invert\" style=\"--width:16;--height:16\" decoding=\"async\"\/>Vorlesen<\/p>\n<p>Aktuelle Zeit:0:00Gesamtdauer:0:00<\/p>\n<p>1x<\/p>\n<p class=\"text-center\">Jetzt neu bei t-online:<\/p>\n<p class=\"text-center\">Schriftgr\u00f6\u00dfe anpassen!<\/p>\n<p><img loading=\"lazy\" src=\"https:\/\/www.t-online.de\/s\/paper\/_next\/static\/media\/font-sizes.32942e33.svg\" alt=\"\" title=\"\" class=\"block h-[calc(var(--height)_\/_16_*_1rem)] w-[calc(var(--width)_\/_16_*_1rem)] max-w-none group-hover:hidden group-aria-expanded:hidden\" style=\"--width:16;--height:16\" decoding=\"async\"\/><img loading=\"lazy\" src=\"https:\/\/www.t-online.de\/s\/paper\/_next\/static\/media\/font-sizes-dark-mode.e382645c.svg\" alt=\"\" title=\"\" class=\"block h-[calc(var(--height)_\/_16_*_1rem)] w-[calc(var(--width)_\/_16_*_1rem)] max-w-none hidden group-hover:block group-aria-expanded:block\" style=\"--width:16;--height:16\" decoding=\"async\"\/><img loading=\"lazy\" src=\"https:\/\/www.t-online.de\/s\/paper\/_next\/static\/media\/sharing-menu-icon.1eb71368.svg\" alt=\"\" title=\"\" class=\"block h-[calc(var(--height)_\/_16_*_1rem)] w-[calc(var(--width)_\/_16_*_1rem)] max-w-none group-hover:brightness-0 group-hover:invert\" style=\"--width:16;--height:16\" decoding=\"async\"\/>Artikel teilen<\/p>\n<p class=\"font-bold text-18 leading-17 user-text-lg:text-22 user-text-xl:text-24\">Holstein Kiel startet mit zwei 2:2-Unentschieden in die Saison. Trainer Tim Walter sieht dennoch Fortschritte und findet den Auftakt seines Teams &#8222;in Ordnung&#8220;.<\/p>\n<p class=\"text-18 leading-17 user-text-lg:text-22 user-text-xl:text-24\">Zwei Spiele, zwei Unentschieden, zweimal 2:2. Trainer Tim Walter ist mit dem Saisonstart von Holstein Kiel in der 2. Fu\u00dfball-Bundesliga dennoch zufrieden. &#8222;Das ist okay&#8220;, sagte der 50-J\u00e4hrige nach dem Remis am Freitag gegen den FC St. Pauli. Gegen die Hamburger hatten die St\u00f6rche einen 0:2-R\u00fcckstand im zweiten Abschnitt noch aufgeholt. Beim Saisonstart beim SV Darmstadt 98 hatten die Schleswig-Holsteiner dagegen eine 2:0-Pausenf\u00fchrung nicht \u00fcber die Zeit gebracht.<\/p>\n<p class=\"text-18 leading-17 user-text-lg:text-22 user-text-xl:text-24\">Man d\u00fcrfe &#8222;nicht vergessen, wo wir herkommen&#8220;, betonte Walter. In der vergangenen Saison habe sein Team lange gegen den Abstieg gek\u00e4mpft: &#8222;F\u00fcr da, wo wir herkommen, ist das in Ordnung.&#8220; Gegen die Darmst\u00e4dter Lilien habe die Mannschaft &#8222;75 Prozent dominiert. Heute haben wir insgesamt dominiert&#8220;, sagte Walter. &#8222;Wir sollten aber aufh\u00f6ren, Geschenke zu verteilen.&#8220; <\/p>\n<p>Walter: &#8222;Fehler sind menschlich, sie passieren immer wieder&#8220;<\/p>\n<p class=\"text-18 leading-17 user-text-lg:text-22 user-text-xl:text-24\">Gleichzeitig stellte er sich aber in gewohnter Manier vor seine Sch\u00fctzlinge: &#8222;Fehler sind menschlich, sie passieren immer wieder&#8220;, sagte Walter.<\/p>\n<p class=\"text-18 leading-17 user-text-lg:text-22 user-text-xl:text-24\">Gelassen ging der Trainer mit dem Ger\u00fccht um, dass Alexander Bernhardsson die Kieler vor dem Ende des noch offenen Transferfensters verlassen k\u00f6nnte. Er sei &#8222;ein super Spieler, und wir sind froh, ihn zu haben&#8220;, sagte Walter \u00fcber den schwedischen Nationalspieler, der die Treffer von Phil Harres und Jonas Therkelsen gegen den FC St. Pauli vorbereitet hatte.<\/p>\n<p class=\"text-18 leading-17 user-text-lg:text-22 user-text-xl:text-24\">Weiter geht es f\u00fcr die &#8222;St\u00f6rche&#8220; am n\u00e4chsten Samstag mit der Erstrunden-Partie im DFB-Pokal beim in die Regionalliga Bayern abgest\u00fcrzten Traditionsclub TSV 1860 M\u00fcnchen. Die n\u00e4chste Aufgabe in der Liga ist dann das Ausw\u00e4rtsspiel am 30. August beim 1. FC Magdeburg.<\/p>\n","protected":false},"excerpt":{"rendered":"2. Fu\u00dfball-Bundesliga Kiel-Coach Walter: Sollten aufh\u00f6ren, Geschenke zu verteilen Aktualisiert am 15.08.2026 &#8211; 05:53 UhrLesedauer: 2 Min. Kiels&hellip;\n","protected":false},"author":2,"featured_media":1237460,"comment_status":"","ping_status":"","sticky":false,"template":"","format":"standard","meta":{"footnotes":"","_share_on_mastodon":"0"},"categories":[1852],"tags":[3364,29,548,663,3934,459,485,30,13,10243,4949,14,15,3377,12,1971,8305,29733],"class_list":["post-1237459","post","type-post","status-publish","format-standard","has-post-thumbnail","category-kiel","tag-de","tag-deutschland","tag-eu","tag-europa","tag-europe","tag-fc-st-pauli","tag-fussball-bundesliga","tag-germany","tag-headlines","tag-holstein-kiel","tag-kiel","tag-nachrichten","tag-news","tag-saisonstart","tag-schlagzeilen","tag-schleswig-holstein","tag-sv-darmstadt-98","tag-tim-walter"],"share_on_mastodon":{"url":"https:\/\/pubeurope.com\/@de\/117097567428241519","error":""},"_links":{"self":[{"href":"https:\/\/www.europesays.com\/de\/wp-json\/wp\/v2\/posts\/1237459","targetHints":{"allow":["GET"]}}],"collection":[{"href":"https:\/\/www.europesays.com\/de\/wp-json\/wp\/v2\/posts"}],"about":[{"href":"https:\/\/www.europesays.com\/de\/wp-json\/wp\/v2\/types\/post"}],"author":[{"embeddable":true,"href":"https:\/\/www.europesays.com\/de\/wp-json\/wp\/v2\/users\/2"}],"replies":[{"embeddable":true,"href":"https:\/\/www.europesays.com\/de\/wp-json\/wp\/v2\/comments?post=1237459"}],"version-history":[{"count":0,"href":"https:\/\/www.europesays.com\/de\/wp-json\/wp\/v2\/posts\/1237459\/revisions"}],"wp:featuredmedia":[{"embeddable":true,"href":"https:\/\/www.europesays.com\/de\/wp-json\/wp\/v2\/media\/1237460"}],"wp:attachment":[{"href":"https:\/\/www.europesays.com\/de\/wp-json\/wp\/v2\/media?parent=1237459"}],"wp:term":[{"taxonomy":"category","embeddable":true,"href":"https:\/\/www.europesays.com\/de\/wp-json\/wp\/v2\/categories?post=1237459"},{"taxonomy":"post_tag","embeddable":true,"href":"https:\/\/www.europesays.com\/de\/wp-json\/wp\/v2\/tags?post=1237459"}],"curies":[{"name":"wp","href":"https:\/\/api.w.org\/{rel}","templated":true}]}}