{"id":1237463,"date":"2026-08-15T04:11:41","date_gmt":"2026-08-15T04:11:41","guid":{"rendered":"https:\/\/www.europesays.com\/de\/1237463\/"},"modified":"2026-08-15T04:11:41","modified_gmt":"2026-08-15T04:11:41","slug":"braunschweig-bei-entrup-debuet-gegen-bochum-geschlagen","status":"publish","type":"post","link":"https:\/\/www.europesays.com\/de\/1237463\/","title":{"rendered":"Braunschweig bei Entrup-Deb\u00fct gegen Bochum geschlagen"},"content":{"rendered":"<p>Eintracht Braunschweig, mit Ex-Rangnick-Co Lars Kornetka an der Seitenlinie, muss sich am zweiten Spieltag der zweiten deutschen Bundesliga im eigenen Stadion gegen den <a href=\"https:\/\/www.laola1.at\/de\/daten\/news\/fussball\/vfl-bochum\/\" class=\"tag\" rel=\"nofollow noopener\" target=\"_blank\">VfL Bochum<\/a> mit 0:1 geschlagen geben.<\/p>\n<p>Trotz eines besseren Starts des Heimteams und der ersten Topchance durch Urbich (4.) und Aydin (7.) nutzt Bochum in der 18. Minute die M\u00f6glichkeit und geht in F\u00fchrung.<\/p>\n<p>Nach einem Freisto\u00df kommt der Ball zu Miyoshi und anschlie\u00dfend zu Hofmann, der sich durchsetzt und zum 1:0 verwertet.<\/p>\n<p>Das Team rund um die \u00d6FB-Legion\u00e4re Casali (Bank) und Steinwender (von Beginn an) macht in der Tonart weiter und kommt durch den Torsch\u00fctzen (30.) und Taz (31.) zu den n\u00e4chsten guten Aktionen. Ein Tor k\u00f6nnen sie daraus jedoch nicht machen, damit geht es mit 1:0 in die Pause.<\/p>\n<p>Entrup kommt nach Pause<\/p>\n<p>F\u00fcr die zweiten 45. Minuten wird der Ex-Lask-Spieler Entrup bei Braunschweig erstmals eingewechselt. Er wirkt vorerst bei einem chancenarmen Spiel mit. Die beste Chance verzeichnet Rasmussen in der 77. Minute, ehe Mbom das 2:0 am Fu\u00df hat, doch ebenfalls vergibt.<\/p>\n<p>Dennoch bringt Bochum den knappen Vorsprung \u00fcber die Zeit und jubelt \u00fcber den ersten Sieg in dieser Saison, sowie \u00fcber die vorl\u00e4ufige Tabellenf\u00fchrung.<\/p>\n<p>St. Pauli gibt Sieg aus der Hand<\/p>\n<p><a href=\"https:\/\/www.laola1.at\/de\/daten\/news\/david-nemeth\/\" class=\"tag\" rel=\"nofollow noopener\" target=\"_blank\">David Nemeth<\/a> gastiert mit dem <a href=\"https:\/\/www.laola1.at\/de\/daten\/news\/fussball\/fc-st--pauli\/\" class=\"tag\" rel=\"nofollow noopener\" target=\"_blank\">FC St. Pauli<\/a> bei <a href=\"https:\/\/www.laola1.at\/de\/daten\/news\/fussball\/holstein-kiel\/\" class=\"tag\" rel=\"nofollow noopener\" target=\"_blank\">Holstein Kiel<\/a>. Nach einem Remis zum Auftakt gibt das Team des \u00d6FB-Legion\u00e4rs im zweiten Spiel in der letzten Minute den Sieg aus der Hand und muss sich mit einem 2:2 begn\u00fcgen.<\/p>\n<p>Beide Teams beginnen aktiv und kommen durch Kaars (2.) beziehungsweise Nekic (5.) prompt zu guten M\u00f6glichkeiten. Auf den ersten Treffer muss man jedoch l\u00e4nger warten. In der 32. Minute bringt Kaars die G\u00e4ste in F\u00fchrung.<\/p>\n<p>Kurz vor Ende der ersten Halbzeit kann St. Pauli nachlegen. Hara wird von Pyrka nach Ballgewinn bedient, er kann zum 2:0-Pausenstand erh\u00f6hen (45.+3.). Der Bundesliga-Absteiger ist deutlich effektiver, auch wenn Kiel vorerst mehr vom Spiel hat.<\/p>\n<p>Kiel gelingt Aufholjagd<\/p>\n<p>Erstmals etwas Z\u00e4hlbares herausschlagen kann das Heimteam in Minute 56. Harres gelingt per Kopf der Anschluss zum 1:2. Die n\u00e4chsten M\u00f6glichkeiten hat kurz danach wieder der Gegner.<strong> <\/strong>Kaars scheitert gleich doppelt an Weiner (62.\/63.). und auch in der 82. Minute bringt er den Ball nicht im Tor unter.<\/p>\n<p>Stattdessen jubelt erneut Kiel. Therkelsen kommt nach einer Flanke zum Ball und gleicht aus (88.). Nachdem Oppie wenige Augenblicke vor Schluss per Volley vergibt und Voll kurz darauf rettet, bleibt es beim 2:2.<\/p>\n<p>In der Tabelle halten beide Teams damit bei zwei Unentschieden und zwei Punkten. Vor den weiteren Spielen liegen sie auf Rang acht (Kiel) und neun (St. Pauli).<\/p>\n","protected":false},"excerpt":{"rendered":"Eintracht Braunschweig, mit Ex-Rangnick-Co Lars Kornetka an der Seitenlinie, muss sich am zweiten Spieltag der zweiten deutschen Bundesliga&hellip;\n","protected":false},"author":2,"featured_media":1237464,"comment_status":"","ping_status":"","sticky":false,"template":"","format":"standard","meta":{"footnotes":"","_share_on_mastodon":"0"},"categories":[1850],"tags":[21267,6429,99702,3364,29,21269,8704,548,663,3934,459,347,21268,30,13,10243,239763,14,15,1411,12,8173],"class_list":["post-1237463","post","type-post","status-publish","format-standard","has-post-thumbnail","category-braunschweig","tag-2-deutsche-bundesliga","tag-braunschweig","tag-david-nemeth","tag-de","tag-deutschland","tag-deutschland-fussball","tag-eintracht-braunschweig","tag-eu","tag-europa","tag-europe","tag-fc-st-pauli","tag-fussball","tag-fussball-international","tag-germany","tag-headlines","tag-holstein-kiel","tag-maximilian-entrup","tag-nachrichten","tag-news","tag-niedersachsen","tag-schlagzeilen","tag-vfl-bochum"],"share_on_mastodon":{"url":"https:\/\/pubeurope.com\/@de\/117097574074771134","error":""},"_links":{"self":[{"href":"https:\/\/www.europesays.com\/de\/wp-json\/wp\/v2\/posts\/1237463","targetHints":{"allow":["GET"]}}],"collection":[{"href":"https:\/\/www.europesays.com\/de\/wp-json\/wp\/v2\/posts"}],"about":[{"href":"https:\/\/www.europesays.com\/de\/wp-json\/wp\/v2\/types\/post"}],"author":[{"embeddable":true,"href":"https:\/\/www.europesays.com\/de\/wp-json\/wp\/v2\/users\/2"}],"replies":[{"embeddable":true,"href":"https:\/\/www.europesays.com\/de\/wp-json\/wp\/v2\/comments?post=1237463"}],"version-history":[{"count":0,"href":"https:\/\/www.europesays.com\/de\/wp-json\/wp\/v2\/posts\/1237463\/revisions"}],"wp:featuredmedia":[{"embeddable":true,"href":"https:\/\/www.europesays.com\/de\/wp-json\/wp\/v2\/media\/1237464"}],"wp:attachment":[{"href":"https:\/\/www.europesays.com\/de\/wp-json\/wp\/v2\/media?parent=1237463"}],"wp:term":[{"taxonomy":"category","embeddable":true,"href":"https:\/\/www.europesays.com\/de\/wp-json\/wp\/v2\/categories?post=1237463"},{"taxonomy":"post_tag","embeddable":true,"href":"https:\/\/www.europesays.com\/de\/wp-json\/wp\/v2\/tags?post=1237463"}],"curies":[{"name":"wp","href":"https:\/\/api.w.org\/{rel}","templated":true}]}}