{"id":1237529,"date":"2026-08-15T04:55:13","date_gmt":"2026-08-15T04:55:13","guid":{"rendered":"https:\/\/www.europesays.com\/de\/1237529\/"},"modified":"2026-08-15T04:55:13","modified_gmt":"2026-08-15T04:55:13","slug":"konferenz-wenn-maschinen-lernen-tausende-ki-forscher-in-bremen-politik","status":"publish","type":"post","link":"https:\/\/www.europesays.com\/de\/1237529\/","title":{"rendered":"Konferenz &#8211; Wenn Maschinen lernen \u2013 tausende KI-Forscher in Bremen &#8211; Politik"},"content":{"rendered":"<p data-manual=\"paragraph\" data-schema-org-speakable=\"true\" class=\"css-1eosz7k\"><a href=\"https:\/\/www.sueddeutsche.de\/thema\/Bremen\" rel=\"nofollow noopener\" target=\"_blank\">Bremen<\/a> (dpa\/lni) &#8211; Die neueste <a href=\"https:\/\/www.sueddeutsche.de\/thema\/Forschung\" rel=\"nofollow noopener\" target=\"_blank\">Forschung<\/a> rund um <a href=\"https:\/\/www.sueddeutsche.de\/thema\/K%C3%BCnstliche_Intelligenz\" rel=\"nofollow noopener\" target=\"_blank\">K\u00fcnstliche Intelligenz<\/a> (KI) steht im Mittelpunkt einer internationalen Konferenz in Bremen. Bis Freitag werden bei der IJCAI-ECAI rund 2.800 KI-Fachleute aus etwa 40 L\u00e4ndern und Gebieten erwartet, wie die Organisatoren mitteilten. Demnach reisen Experten etwa aus den USA, China, Gro\u00dfbritannien und Japan an.\u00a0<\/p>\n<p>Was ist das Ziel der Konferenz?<\/p>\n<p data-manual=\"paragraph\" data-schema-org-speakable=\"true\" class=\"css-1eosz7k\">Die Veranstaltung gilt als Forum f\u00fcr gepr\u00fcfte wissenschaftliche Forschung auf internationalem Spitzenniveau. Den Veranstaltern zufolge haben angenommene Beitr\u00e4ge eines der anspruchsvollsten Begutachtungsverfahren der KI-Forschung durchlaufen. \u201eDiskutiert werden neue Methoden, Modelle und Systeme, mit denen Maschinen lernen, schlussfolgern, wahrnehmen, handeln und mit Menschen oder anderen technischen Systemen interagieren\u201c, hie\u00df es. In Vortr\u00e4gen werden Forschungsergebnisse vorgestellt.\u00a0<\/p>\n<p>Welchen Nutzen hat die Konferenz f\u00fcr die Gesellschaft?<\/p>\n<p data-manual=\"paragraph\" data-schema-org-speakable=\"true\" class=\"css-1eosz7k\">Die Veranstalter verweisen darauf, dass viele Themen zentrale Fragen der kommenden Jahre betreffen \u2013 etwa den Einsatz von K\u00fcnstlicher Intelligenz in den Bereichen Gesundheit und Medizin, im Bereich Robotik und beim Thema Nachhaltigkeit. An der Konferenz nehmen f\u00fchrende Fachleute teil, die auch in nationalen und internationalen Beratungsgremien und wissenschaftlichen Akademien aktiv sind.\u00a0<\/p>\n<p data-manual=\"paragraph\" data-schema-org-speakable=\"true\" class=\"css-1eosz7k\">Erkenntnisse werden ver\u00f6ffentlicht und k\u00f6nnen in politische Debatten und Standards einflie\u00dfen, auch wenn auf der Veranstaltung selbst keine politischen Entscheidungen getroffen werden. Zum Rahmenprogramm der Konferenz geh\u00f6ren Angebote f\u00fcr die \u00d6ffentlichkeit, in denen es darum geht, sich \u00fcber K\u00fcnstliche Intelligenz zu informieren.\u00a0<\/p>\n<p data-manual=\"paragraph\" data-schema-org-speakable=\"true\" class=\"css-1eosz7k\">Zum Auftakt der Veranstaltung gibt es bis Montag (17. August) Workshops auf dem Campus der Universit\u00e4t Bremen. Dann folgt die wissenschaftliche Hauptkonferenz von Dienstag bis Freitag. Die Veranstaltung gilt als eine der weltweit wichtigsten Konferenzen zu K\u00fcnstlicher Intelligenz. Sie f\u00f6rdert den Austausch und erm\u00f6glicht neue Erkenntnisse und Kooperationen.<\/p>\n<p>Warum ist die Konferenz in Bremen?\u00a0<\/p>\n<p data-manual=\"paragraph\" data-schema-org-speakable=\"true\" class=\"css-1eosz7k\">F\u00fcr die Ausrichtung der Konferenz gab es ein internationales Bewerbungsverfahren, bei dem Bremen \u00fcberzeugte. \u201eHier in Bremen kommen die richtigen Kompetenzen zusammen, die f\u00fcr die aktuellen Fragen der KI-Forschung zentral sind\u201c, sagte die Leiterin des Lokalen Organisationskomitees, Professorin Tanja Schultz von der Universit\u00e4t Bremen, laut Mitteilung. Als Beispiele nannte sie die anwendungsnahe Robotikforschung sowie KI-Forschung im Bereich Raumfahrt und f\u00fcr maritime Technologien.\u00a0<\/p>\n<p data-manual=\"paragraph\" data-schema-org-speakable=\"true\" class=\"css-1eosz7k\">Bremen sei im Bereich KI international vernetzt und arbeite mit vielen Forschungseinrichtungen zusammen. Der Standort stehe f\u00fcr kurze Wege und enge Zusammenarbeit, so die Professorin. Zum lokalen Organisationskomitee geh\u00f6ren Wissenschaftler des Deutschen Forschungszentrums f\u00fcr K\u00fcnstliche Intelligenz und der U Bremen Research Alliance, einem Zusammenschluss, der die Uni Bremen mit dreizehn au\u00dferuniversit\u00e4ren Forschungseinrichtungen verbindet.<\/p>\n<p data-manual=\"paragraph\" data-schema-org-speakable=\"true\" class=\"css-1eosz7k\">\u00a9 dpa-infocom, dpa:260815-930-533158\/1<\/p>\n","protected":false},"excerpt":{"rendered":"Bremen (dpa\/lni) &#8211; Die neueste Forschung rund um K\u00fcnstliche Intelligenz (KI) steht im Mittelpunkt einer internationalen Konferenz in&hellip;\n","protected":false},"author":2,"featured_media":1237530,"comment_status":"","ping_status":"","sticky":false,"template":"","format":"standard","meta":{"footnotes":"","_share_on_mastodon":"0"},"categories":[1824],"tags":[2420,3364,29,5680,597,30,984,13287,198,37814,1256,1411,16,149,193,45667],"class_list":["post-1237529","post","type-post","status-publish","format-standard","has-post-thumbnail","category-bremen","tag-bremen","tag-de","tag-deutschland","tag-digital","tag-forschung","tag-germany","tag-international","tag-internationale-beziehung","tag-internet","tag-konferenzen","tag-kuenstliche-intelligenz","tag-niedersachsen","tag-politik","tag-sueddeutsche-zeitung","tag-wissenschaft","tag-wissenschaft-und-forschung"],"share_on_mastodon":{"url":"","error":""},"_links":{"self":[{"href":"https:\/\/www.europesays.com\/de\/wp-json\/wp\/v2\/posts\/1237529","targetHints":{"allow":["GET"]}}],"collection":[{"href":"https:\/\/www.europesays.com\/de\/wp-json\/wp\/v2\/posts"}],"about":[{"href":"https:\/\/www.europesays.com\/de\/wp-json\/wp\/v2\/types\/post"}],"author":[{"embeddable":true,"href":"https:\/\/www.europesays.com\/de\/wp-json\/wp\/v2\/users\/2"}],"replies":[{"embeddable":true,"href":"https:\/\/www.europesays.com\/de\/wp-json\/wp\/v2\/comments?post=1237529"}],"version-history":[{"count":0,"href":"https:\/\/www.europesays.com\/de\/wp-json\/wp\/v2\/posts\/1237529\/revisions"}],"wp:featuredmedia":[{"embeddable":true,"href":"https:\/\/www.europesays.com\/de\/wp-json\/wp\/v2\/media\/1237530"}],"wp:attachment":[{"href":"https:\/\/www.europesays.com\/de\/wp-json\/wp\/v2\/media?parent=1237529"}],"wp:term":[{"taxonomy":"category","embeddable":true,"href":"https:\/\/www.europesays.com\/de\/wp-json\/wp\/v2\/categories?post=1237529"},{"taxonomy":"post_tag","embeddable":true,"href":"https:\/\/www.europesays.com\/de\/wp-json\/wp\/v2\/tags?post=1237529"}],"curies":[{"name":"wp","href":"https:\/\/api.w.org\/{rel}","templated":true}]}}