{"id":1237550,"date":"2026-08-15T05:08:33","date_gmt":"2026-08-15T05:08:33","guid":{"rendered":"https:\/\/www.europesays.com\/de\/1237550\/"},"modified":"2026-08-15T05:08:33","modified_gmt":"2026-08-15T05:08:33","slug":"heim-wm-in-frankfurt-darja-varfolomeev-feiert-wm-gold-im-mehrkampf-der-rhythmischen-sportgymnastik","status":"publish","type":"post","link":"https:\/\/www.europesays.com\/de\/1237550\/","title":{"rendered":"Heim-WM in Frankfurt: Darja Varfolomeev feiert WM-Gold im Mehrkampf der Rhythmischen Sportgymnastik"},"content":{"rendered":"<p>            <img loading=\"lazy\" decoding=\"async\" class=\"ts-image\" src=\"https:\/\/www.europesays.com\/de\/wp-content\/uploads\/2026\/08\/swr-darja-varfolomeev-mit-dem-band-100.jpg\" alt=\"Darja Varfolomeev mit dem Band\" title=\"Darja Varfolomeev mit dem Band | IMAGO, IMAGO \/ Jan Huebner\"\/><\/p>\n<p class=\"metatextline\">Stand: 14.08.2026 \u2022 21:12 Uhr<\/p>\n<p class=\"article-head__shorttext\">\n        <strong>Darja Varfolomeev hat es vor heimischer Kulisse geschafft! Die 19-J\u00e4hrige hielt gro\u00dfem Druck stand und kr\u00f6nte sich unter gro\u00dfem Fan-Jubel zur Mehrkampf-Weltmeisterin.<\/strong>\n    <\/p>\n<p class=\"textabsatz m-ten m-offset-one l-eight l-offset-two columns twelve\">Erst leicht gewackelt, dann gegl\u00e4nzt und am Ende gejubelt: Darja Varfolomeev vom TSV Schmiden hat sich bei der Heim-WM in Frankfurt am Main zum dritten Mal in Serie zur Mehrkampf-Weltmeisterin in der Rhythmischen Sportgymnastik gekr\u00f6nt. Die 19-J\u00e4hrige erhielt f\u00fcr ihre vier Auftritte mit dem Reifen, dem Ball, den Keulen und dem Band insgesamt 119,500 Punkte und triumphierte damit wie schon 2023 und 2025.<\/p>\n<p class=\"textabsatz m-ten m-offset-one l-eight l-offset-two columns twelve\">&#8222;Es bedeutet f\u00fcr mich, aber auch f\u00fcr die Zuschauer, ganz ganz viel. Aber auch f\u00fcr meine Trainerin, f\u00fcr mein ganzes Team, das mich auf diesem Weg gef\u00fchrt hat, bedeutet es einfach alles&#8220;, <a href=\"https:\/\/www.swr.de\/sport\/mehr-sport\/darja-varfolomeev-rhythmische-sportgymnastik-wm-mehrkampf-gold-interview-100.html\" title=\"sagte die gl\u00fcckliche Weltmeisterin Varfolomeev im ARD-Interview direkt nach der Siegerehrung zu ihrem Titel.\" class=\"textlink--extern\" target=\"_blank\" rel=\"noopener nofollow\">sagte die gl\u00fcckliche Weltmeisterin Varfolomeev im ARD-Interview direkt nach der Siegerehrung zu ihrem Titel.<\/a><\/p>\n<p>    Darja Varfolomeev siegt vor Bulgarin und Italienerin<\/p>\n<p class=\"textabsatz m-ten m-offset-one l-eight l-offset-two columns twelve\">Vor zwei Jahren war Varfolomeev in Paris zudem als erste deutsche Gymnastin Olympiasiegerin im Mehrkampf geworden. Am Sonntag hat die Ausnahmeathletin, die bei jedem ihrer Auftritte von den 4.250 Zuschauern in der ausverkauften Frankfurter Festhalle frenetisch bejubelt wurde, <a href=\"https:\/\/www.swr.de\/sport\/mehr-sport\/rsg-wm-frankfurt-varfolomeev-100.html\" title=\"in den Einzelfinals mit Ball, Band und Reifen drei weitere Gold-Chancen.  \" class=\"textlink--extern\" target=\"_blank\" rel=\"noopener nofollow\">in den Einzelfinals mit Ball, Band und Reifen drei weitere Gold-Chancen. <\/a><\/p>\n<p class=\"textabsatz m-ten m-offset-one l-eight l-offset-two columns twelve\">Nur den Endkampf mit den Keulen hatte Varfolomeev als Neunte der Qualifikation um 0,3 Punkte verpasst. Entsprechend motiviert ging die Favoritin, die schon die Qualifikation dominiert hatte, in die Mehrkampf-Entscheidung. Am Ende lag sie um 1,900 Z\u00e4hler vor der Bulgarin Stiljana Nikolowa. Bronze ging an Sofia Raffaeli aus Italien.<\/p>\n<p>    Wackliger Start von Varfolomeev mit dem Reifen<\/p>\n<p class=\"textabsatz m-ten m-offset-one l-eight l-offset-two columns twelve\">Dabei verlief die erste \u00dcbung mit dem Reifen nicht nach Plan. Nur 28,300 Punkte gab es von den Wertungsrichtern. Die Unzufriedenheit stand Varfolomeev beim Abgang von der B\u00fchne ins Gesicht geschrieben. Beeindrucken lie\u00df sie sich davon jedoch nicht.<\/p>\n<p class=\"textabsatz m-ten m-offset-one l-eight l-offset-two columns twelve\">Im Gegenteil: Mit dem Ball lieferte die Europameisterin eine starke und vor allem fehlerfreie Vorstellung ab. Der Lohn waren 30,050 Punkte, die Varfolomeev mit einem erleichterten L\u00e4cheln zur Kenntnis nahm und sie wieder n\u00e4her an die Spitze heranbrachten.<\/p>\n<p>    Gala-Auftritt mit den Keulen ebnet Darja Varfolomeevs Weg zu Gold<\/p>\n<p class=\"textabsatz m-ten m-offset-one l-eight l-offset-two columns twelve\">Es folgte die gro\u00dfe Keulen-Show: Ausgerechnet bei dem Ger\u00e4t, mit dem sie am Vortag gepatzt hatte, lieferte Varfolomeev eine \u00fcberragende Performance ab, f\u00fcr die sie 31,500 Z\u00e4hler erhielt. Tages-H\u00f6chstwert und die F\u00fchrung nach drei von vier \u00dcbungen.<\/p>\n<p class=\"textabsatz m-ten m-offset-one l-eight l-offset-two columns twelve\">Jetzt war mit dem Band Nervenst\u00e4rke gefragt. Und Varfolomeev lieferte. Danach winkte sie erleichtert ins Publikum und setzte wenig sp\u00e4ter bereits ein Siegerl\u00e4cheln auf, als auf der Anzeigetafel 29,650 Punkte aufleuchteten. Der Titel war ihr gewiss &#8211; und stand nach einer kurzen Wartezeit dann auch endg\u00fcltig fest.<\/p>\n<p>    Mehr zu Darja Varfolomeev<\/p>\n<p>                                        <a class=\"backlink__link\" href=\"https:\/\/www.swr.de\/sport\/mehr-sport\/darja-varfolomeev-rhythmische-sportgymnastik-wm-mehrkampf-gold-100.html\" rel=\"nofollow noopener\" target=\"_blank\"><\/p>\n<p>                                                <img decoding=\"async\" src=\"https:\/\/images.sportschau.de\/image\/d14251d0-d158-4797-a47c-e97e1e58a56b\/AAABlap_vas\/AAABnR8VW9w\/original\/lra-swr-logo-100.svg\" alt=\"S\u00fcdwestrundfunk\"\/><\/p>\n<p>                                        <\/a><\/p>\n","protected":false},"excerpt":{"rendered":"Stand: 14.08.2026 \u2022 21:12 Uhr Darja Varfolomeev hat es vor heimischer Kulisse geschafft! Die 19-J\u00e4hrige hielt gro\u00dfem Druck&hellip;\n","protected":false},"author":2,"featured_media":1237551,"comment_status":"","ping_status":"","sticky":false,"template":"","format":"standard","meta":{"footnotes":"","_share_on_mastodon":"0"},"categories":[1829],"tags":[29,2050,2051,30,2052,55290,27381],"class_list":["post-1237550","post","type-post","status-publish","format-standard","has-post-thumbnail","category-frankfurt-am-main","tag-deutschland","tag-frankfurt","tag-frankfurt-am-main","tag-germany","tag-hessen","tag-rhythmische-sportgymnastik","tag-turnen"],"share_on_mastodon":{"url":"https:\/\/pubeurope.com\/@de\/117097800117877668","error":""},"_links":{"self":[{"href":"https:\/\/www.europesays.com\/de\/wp-json\/wp\/v2\/posts\/1237550","targetHints":{"allow":["GET"]}}],"collection":[{"href":"https:\/\/www.europesays.com\/de\/wp-json\/wp\/v2\/posts"}],"about":[{"href":"https:\/\/www.europesays.com\/de\/wp-json\/wp\/v2\/types\/post"}],"author":[{"embeddable":true,"href":"https:\/\/www.europesays.com\/de\/wp-json\/wp\/v2\/users\/2"}],"replies":[{"embeddable":true,"href":"https:\/\/www.europesays.com\/de\/wp-json\/wp\/v2\/comments?post=1237550"}],"version-history":[{"count":0,"href":"https:\/\/www.europesays.com\/de\/wp-json\/wp\/v2\/posts\/1237550\/revisions"}],"wp:featuredmedia":[{"embeddable":true,"href":"https:\/\/www.europesays.com\/de\/wp-json\/wp\/v2\/media\/1237551"}],"wp:attachment":[{"href":"https:\/\/www.europesays.com\/de\/wp-json\/wp\/v2\/media?parent=1237550"}],"wp:term":[{"taxonomy":"category","embeddable":true,"href":"https:\/\/www.europesays.com\/de\/wp-json\/wp\/v2\/categories?post=1237550"},{"taxonomy":"post_tag","embeddable":true,"href":"https:\/\/www.europesays.com\/de\/wp-json\/wp\/v2\/tags?post=1237550"}],"curies":[{"name":"wp","href":"https:\/\/api.w.org\/{rel}","templated":true}]}}