{"id":1237566,"date":"2026-08-15T05:17:20","date_gmt":"2026-08-15T05:17:20","guid":{"rendered":"https:\/\/www.europesays.com\/de\/1237566\/"},"modified":"2026-08-15T05:17:20","modified_gmt":"2026-08-15T05:17:20","slug":"schusswaffengewalt-schuesse-in-berlin-mehr-als-50-verdaechtige-in-haft","status":"publish","type":"post","link":"https:\/\/www.europesays.com\/de\/1237566\/","title":{"rendered":"Schusswaffengewalt: Sch\u00fcsse in Berlin &#8211; mehr als 50 Verd\u00e4chtige in Haft"},"content":{"rendered":"<p class=\"paragraph article__item\">Mit Spezialteams gehen Polizei und Staatsanwaltschaft gegen Schusswaffengewalt in <a class=\"rtr-entity\" href=\"https:\/\/www.zeit.de\/thema\/berlin\" rel=\"nofollow noopener\" target=\"_blank\">Berlin<\/a> vor und haben bislang mehr als 50 Verd\u00e4chtige in Untersuchungshaft gebracht. Nach weiteren mutma\u00dflichen T\u00e4tern wird laut Staatsanwaltschaft gefahndet. Insgesamt wurden 68 Haftbefehle nach Beh\u00f6rdenangaben erlassen (Stand: 13. August).\u00a0\n<\/p>\n<p>Aktuelles<\/p>\n<p>                <a href=\"https:\/\/www.zeit.de\/gesellschaft\/zeitgeschehen\/2026-08\/sparkassen-einbruch-gelsenkirchen-schliessfaecher-polizei-staatsanwaltschaft-essen\" data-ct-label=\"Sparkassen-Einbruch in Gelsenkirchen: Polizei f\u00fchrt drei\u00dfig Schlie\u00dffachbesitzer zwangsweise vor\" data-uuid=\"5ccdc6f3-3747-41b4-882d-8a8d0d90102b\" rel=\"nofollow noopener\" target=\"_blank\"><\/p>\n<p>                        Sparkassen-Einbruch in Gelsenkirchen:<br \/>\n                        Polizei f\u00fchrt drei\u00dfig Schlie\u00dffachbesitzer zwangsweise vor<\/p>\n<p>                <\/a><\/p>\n<p>                <a href=\"https:\/\/www.zeit.de\/gesellschaft\/zeitgeschehen\/2026-07\/csd-berlin-auto-menschenmenge-islamistisches-motiv-gxe\" data-ct-label=\"Christopher Street Day: Was wir \u00fcber den Anschlag auf den CSD in Berlin wissen\" data-uuid=\"87af7962-4901-46c3-a8e0-2035d34a5263\" rel=\"nofollow noopener\" target=\"_blank\"><\/p>\n<p>                        Christopher Street Day:<br \/>\n                        Was wir \u00fcber den Anschlag auf den CSD in Berlin wissen<\/p>\n<p>                <\/a><\/p>\n<p>                <a href=\"https:\/\/www.zeit.de\/gesellschaft\/2026-08\/prozess-berlin-frauen-vergewaltigung-betaeubung-sexuelle-gewalt\" data-ct-label=\"Prozess in Berlin: Die Frauen in den Tatvideos schnarchen. Sie husten und w\u00fcrgen\" data-uuid=\"55776dca-bc46-4110-b5ad-444fc8dbda45\" rel=\"nofollow noopener\" target=\"_blank\"><\/p>\n<p>        Z+ (abopflichtiger Inhalt);<\/p>\n<p>    Prozess in Berlin:<br \/>\n                        Die Frauen in den Tatvideos schnarchen. Sie husten und w\u00fcrgen<\/p>\n<p>                <\/a><\/p>\n<p class=\"paragraph article__item\">Mehr als 600 Ermittlungsverfahren hat die Sondereinheit \u00abFerrum\u00bb (lateinisch f\u00fcr \u00abEisen\u00bb) beim Landeskriminalamt (LKA) rund neun Monate nach Gr\u00fcndung eingeleitet, wie eine Polizeisprecherin auf Anfrage der Deutschen Presse-Agentur mitteilte. Mehr als 3.800 Fahrzeuge und 866 Lokale oder Gesch\u00e4fte wurden demnach \u00fcberpr\u00fcft. Rund 280 Menschen wurden laut <a class=\"rtr-entity\" href=\"https:\/\/www.zeit.de\/thema\/polizei\" rel=\"nofollow noopener\" target=\"_blank\">Polizei<\/a> im Rahmen der Ma\u00dfnahmen vor\u00fcbergehend festgenommen.\u00a0\n<\/p>\n<p>                        Knapp 200 Verfahren bei Staatsanwaltschaft            <\/p>\n<p class=\"paragraph article__item\">Bei der Staatsanwaltschaft ist die Ermittlungsgruppe \u00abTelum\u00bb (lateinisch f\u00fcr \u00abAngriffswaffe\u00bb) f\u00fcr die Verfahren zust\u00e4ndig. Sie wurde in Reaktion auf \u00abFerrum\u00bb eingerichtet, um die Bek\u00e4mpfung der Organisierten Kriminalit\u00e4t (OK) zu verst\u00e4rken. Beide Gruppen arbeiten eng zusammen.\u00a0\n<\/p>\n<p class=\"paragraph article__item\">Rund f\u00fcnf Monate nach Gr\u00fcndung hat \u00abTelum\u00bb inzwischen 197 Verfahren (Stand: 4. August) auf den Tisch bekommen, in elf F\u00e4llen davon wurde bislang Anklage erhoben. \u00abWir versuchen m\u00f6glichst viele Leute aus dem Verkehr zu ziehen und in die Strukturen hineinzukommen\u00bb, sagte Abteilungsleiter Thorsten Cloidt der Deutschen Presse-Agentur.\u00a0\n<\/p>\n<p class=\"paragraph article__item\">Die Schusswaffengewalt in Berlin hat sich in den vergangenen Jahren drastisch versch\u00e4rft. Im Jahr 2025 registrierte die Berliner Polizei 1.119 F\u00e4lle von Schusswaffengebrauch. Dazu z\u00e4hlen auch Drohungen ohne Schussabgabe. Das ist nach Beh\u00f6rdenangaben ein Anstieg von 68 Prozent gegen\u00fcber 2024. In diesem Jahr gab es laut Polizei bereits 62 Straftaten mit scharfen Schusswaffen (Stand: 5. August).\n<\/p>\n<p class=\"paragraph article__item\">\u00a9 dpa-infocom, dpa:260815-930-532913\/1<\/p>\n","protected":false},"excerpt":{"rendered":"Mit Spezialteams gehen Polizei und Staatsanwaltschaft gegen Schusswaffengewalt in Berlin vor und haben bislang mehr als 50 Verd\u00e4chtige&hellip;\n","protected":false},"author":2,"featured_media":1237567,"comment_status":"","ping_status":"","sticky":false,"template":"","format":"standard","meta":{"footnotes":"","_share_on_mastodon":"0"},"categories":[1825],"tags":[1941,1939,296,1937,2520,29,30,3824,1940,15,1938,121,121386,48903,1997],"class_list":["post-1237566","post","type-post","status-publish","format-standard","has-post-thumbnail","category-berlin","tag-aktuelle-nachrichten-aus-berlin","tag-aktuelle-news-aus-berlin","tag-berlin","tag-berlin-news","tag-deutsche-presse-agentur","tag-deutschland","tag-germany","tag-lka","tag-nachrichten-aus-berlin","tag-news","tag-news-aus-berlin","tag-polizei","tag-schusswaffengewalt","tag-spezialteam","tag-staatsanwaltschaft"],"share_on_mastodon":{"url":"","error":""},"_links":{"self":[{"href":"https:\/\/www.europesays.com\/de\/wp-json\/wp\/v2\/posts\/1237566","targetHints":{"allow":["GET"]}}],"collection":[{"href":"https:\/\/www.europesays.com\/de\/wp-json\/wp\/v2\/posts"}],"about":[{"href":"https:\/\/www.europesays.com\/de\/wp-json\/wp\/v2\/types\/post"}],"author":[{"embeddable":true,"href":"https:\/\/www.europesays.com\/de\/wp-json\/wp\/v2\/users\/2"}],"replies":[{"embeddable":true,"href":"https:\/\/www.europesays.com\/de\/wp-json\/wp\/v2\/comments?post=1237566"}],"version-history":[{"count":0,"href":"https:\/\/www.europesays.com\/de\/wp-json\/wp\/v2\/posts\/1237566\/revisions"}],"wp:featuredmedia":[{"embeddable":true,"href":"https:\/\/www.europesays.com\/de\/wp-json\/wp\/v2\/media\/1237567"}],"wp:attachment":[{"href":"https:\/\/www.europesays.com\/de\/wp-json\/wp\/v2\/media?parent=1237566"}],"wp:term":[{"taxonomy":"category","embeddable":true,"href":"https:\/\/www.europesays.com\/de\/wp-json\/wp\/v2\/categories?post=1237566"},{"taxonomy":"post_tag","embeddable":true,"href":"https:\/\/www.europesays.com\/de\/wp-json\/wp\/v2\/tags?post=1237566"}],"curies":[{"name":"wp","href":"https:\/\/api.w.org\/{rel}","templated":true}]}}