{"id":1237595,"date":"2026-08-15T05:35:15","date_gmt":"2026-08-15T05:35:15","guid":{"rendered":"https:\/\/www.europesays.com\/de\/1237595\/"},"modified":"2026-08-15T05:35:15","modified_gmt":"2026-08-15T05:35:15","slug":"mariae-himmelfahrt-wo-heute-feiertag-ist-und-wo-nicht","status":"publish","type":"post","link":"https:\/\/www.europesays.com\/de\/1237595\/","title":{"rendered":"Mari\u00e4 Himmelfahrt: Wo heute Feiertag ist \u2013 und wo nicht"},"content":{"rendered":"<p>Die einen haben frei, die anderen m\u00fcssen arbeiten \u2013 der Feiertag Mari\u00e4 Himmelfahrt am 15. August, teilt Bayern. Ein gesetzlicher Feiertag ist dieser Tag n\u00e4mlich nur in Kommunen, in denen mehr katholische Menschen leben als evangelische. Das sind in diesem Jahr 83 Prozent aller bayerischen Gemeinden, wie das Landesamt f\u00fcr Statistik mit Sitz in F\u00fcrth mitteilte. Dort, wo es mehr Protestanten als Katholiken gibt, ist der 15. August ein ganz normaler Arbeitstag bzw. heuer zumindest ein ganz normaler Samstag mit ge\u00f6ffneten L\u00e4den.\u00a0<\/p>\n<p>Wer frei hat \u2013 und wer nicht<\/p>\n<p>Im bayerischen Feiertagsgesetz ist geregelt, wer an Mari\u00e4 Himmelfahrt frei hat \u2013 und wo der Tag eben kein Feiertag ist. Datengrundlage sind die Zensus-Ergebnisse, also die letzte Volksz\u00e4hlung im Jahr 2022. In Oberbayern und Niederbayern leben in allen Gemeinden mehr Katholiken als Protestanten. Im Norden Bayerns sieht es anders aus: In Mittel- und Oberfranken \u00fcberwiegt der Anteil der evangelischen Kirchenmitglieder. In Schwaben, Unterfranken und der Oberpfalz ist der 15. August \u00fcberwiegend ein Feiertag. Aufgrund neuerer Zahlen \u00e4nderte sich der Status einiger Gemeinden im vergangenen Jahr: In sechs Gemeinden war der 15. August lange kein Feiertag \u2013 ist es aber seit 2025. <a href=\"https:\/\/www.br.de\/nachrichten\/deutschland-welt\/mariae-himmelfahrt-feiertag-in-mehr-gemeinden,UkJTKYn\" rel=\"nofollow noopener\" target=\"_blank\">Zwei Kommunen dagegen verloren ihren Feiertagsstatus.<\/a><\/p>\n","protected":false},"excerpt":{"rendered":"Die einen haben frei, die anderen m\u00fcssen arbeiten \u2013 der Feiertag Mari\u00e4 Himmelfahrt am 15. August, teilt Bayern.&hellip;\n","protected":false},"author":2,"featured_media":1237596,"comment_status":"","ping_status":"","sticky":false,"template":"","format":"standard","meta":{"footnotes":"","_share_on_mastodon":"0"},"categories":[2],"tags":[29,2415,30,13,6590,43993,14,15,12,10,8,9,11],"class_list":["post-1237595","post","type-post","status-publish","format-standard","has-post-thumbnail","category-deutschland","tag-deutschland","tag-feiertag","tag-germany","tag-headlines","tag-katholische-kirche","tag-mariae-himmelfahrt","tag-nachrichten","tag-news","tag-schlagzeilen","tag-top-news","tag-top-meldungen","tag-topmeldungen","tag-topnews"],"share_on_mastodon":{"url":"https:\/\/pubeurope.com\/@de\/117097904698205751","error":""},"_links":{"self":[{"href":"https:\/\/www.europesays.com\/de\/wp-json\/wp\/v2\/posts\/1237595","targetHints":{"allow":["GET"]}}],"collection":[{"href":"https:\/\/www.europesays.com\/de\/wp-json\/wp\/v2\/posts"}],"about":[{"href":"https:\/\/www.europesays.com\/de\/wp-json\/wp\/v2\/types\/post"}],"author":[{"embeddable":true,"href":"https:\/\/www.europesays.com\/de\/wp-json\/wp\/v2\/users\/2"}],"replies":[{"embeddable":true,"href":"https:\/\/www.europesays.com\/de\/wp-json\/wp\/v2\/comments?post=1237595"}],"version-history":[{"count":0,"href":"https:\/\/www.europesays.com\/de\/wp-json\/wp\/v2\/posts\/1237595\/revisions"}],"wp:featuredmedia":[{"embeddable":true,"href":"https:\/\/www.europesays.com\/de\/wp-json\/wp\/v2\/media\/1237596"}],"wp:attachment":[{"href":"https:\/\/www.europesays.com\/de\/wp-json\/wp\/v2\/media?parent=1237595"}],"wp:term":[{"taxonomy":"category","embeddable":true,"href":"https:\/\/www.europesays.com\/de\/wp-json\/wp\/v2\/categories?post=1237595"},{"taxonomy":"post_tag","embeddable":true,"href":"https:\/\/www.europesays.com\/de\/wp-json\/wp\/v2\/tags?post=1237595"}],"curies":[{"name":"wp","href":"https:\/\/api.w.org\/{rel}","templated":true}]}}