{"id":1237602,"date":"2026-08-15T05:39:27","date_gmt":"2026-08-15T05:39:27","guid":{"rendered":"https:\/\/www.europesays.com\/de\/1237602\/"},"modified":"2026-08-15T05:39:27","modified_gmt":"2026-08-15T05:39:27","slug":"2-fussball-bundesliga-kiel-coach-walter-sollten-aufhoeren-geschenke-zu-verteilen-sport","status":"publish","type":"post","link":"https:\/\/www.europesays.com\/de\/1237602\/","title":{"rendered":"2. Fu\u00dfball-Bundesliga &#8211; Kiel-Coach Walter: Sollten aufh\u00f6ren, Geschenke zu verteilen &#8211; Sport"},"content":{"rendered":"<p data-manual=\"paragraph\" data-schema-org-speakable=\"true\" class=\"css-1eosz7k\">Kiel (dpa\/lno) &#8211; Zwei Spiele, zwei Unentschieden, zweimal 2:2. Trainer Tim Walter ist mit dem Saisonstart von <a href=\"https:\/\/www.sueddeutsche.de\/thema\/Holstein_Kiel\" rel=\"nofollow noopener\" target=\"_blank\">Holstein Kiel<\/a> in der 2. <a href=\"https:\/\/www.sueddeutsche.de\/thema\/Fu%C3%9Fball\" rel=\"nofollow noopener\" target=\"_blank\">Fu\u00dfball<\/a>-Bundesliga dennoch zufrieden. \u201eDas ist okay\u201c, sagte der 50-J\u00e4hrige nach dem Remis am Freitag gegen den FC St. Pauli. Gegen die Hamburger hatten die St\u00f6rche einen 0:2-R\u00fcckstand im zweiten Abschnitt noch aufgeholt. Beim Saisonstart beim SV Darmstadt 98 hatten die Schleswig-Holsteiner dagegen eine 2:0-Pausenf\u00fchrung nicht \u00fcber die Zeit gebracht.<\/p>\n<p data-manual=\"paragraph\" data-schema-org-speakable=\"true\" class=\"css-1eosz7k\">Man d\u00fcrfe \u201enicht vergessen, wo wir herkommen\u201c, betonte Walter. In der vergangenen Saison habe sein Team lange gegen den Abstieg gek\u00e4mpft: \u201eF\u00fcr da, wo wir herkommen, ist das in Ordnung.\u201c Gegen die Darmst\u00e4dter Lilien habe die Mannschaft \u201e75 Prozent dominiert. Heute haben wir insgesamt dominiert\u201c, sagte Walter. \u201eWir sollten aber aufh\u00f6ren, Geschenke zu verteilen.\u201c\u00a0<\/p>\n<p>Walter: \u201eFehler sind menschlich, sie passieren immer wieder\u201c<\/p>\n<p data-manual=\"paragraph\" data-schema-org-speakable=\"true\" class=\"css-1eosz7k\">Gleichzeitig stellte er sich aber in gewohnter Manier vor seine Sch\u00fctzlinge: \u201eFehler sind menschlich, sie passieren immer wieder\u201c, sagte Walter.<\/p>\n<p data-manual=\"paragraph\" data-schema-org-speakable=\"true\" class=\"css-1eosz7k\">Gelassen ging der Trainer mit dem Ger\u00fccht um, dass Alexander Bernhardsson die Kieler vor dem Ende des noch offenen Transferfensters verlassen k\u00f6nnte. Er sei \u201eein super Spieler, und wir sind froh, ihn zu haben\u201c, sagte Walter \u00fcber den schwedischen Nationalspieler, der die Treffer von Phil Harres und Jonas Therkelsen gegen den FC St. Pauli vorbereitet hatte.<\/p>\n<p data-manual=\"paragraph\" data-schema-org-speakable=\"true\" class=\"css-1eosz7k\">Weiter geht es f\u00fcr die \u201eSt\u00f6rche\u201c am n\u00e4chsten Samstag mit der Erstrunden-Partie im DFB-Pokal beim in die Regionalliga Bayern abgest\u00fcrzten Traditionsclub TSV 1860 M\u00fcnchen. Die n\u00e4chste Aufgabe in der Liga ist dann das Ausw\u00e4rtsspiel am 30. August beim 1. FC Magdeburg.<\/p>\n<p data-manual=\"paragraph\" data-schema-org-speakable=\"true\" class=\"css-1eosz7k\">\u00a9 dpa-infocom, dpa:260815-930-533081\/1<\/p>\n","protected":false},"excerpt":{"rendered":"Kiel (dpa\/lno) &#8211; Zwei Spiele, zwei Unentschieden, zweimal 2:2. Trainer Tim Walter ist mit dem Saisonstart von Holstein&hellip;\n","protected":false},"author":2,"featured_media":1237603,"comment_status":"","ping_status":"","sticky":false,"template":"","format":"standard","meta":{"footnotes":"","_share_on_mastodon":"0"},"categories":[1852],"tags":[621,3364,29,548,663,3934,347,30,13,10243,88811,4949,14,15,12,1971,265,149],"class_list":["post-1237602","post","type-post","status-publish","format-standard","has-post-thumbnail","category-kiel","tag-2-bundesliga","tag-de","tag-deutschland","tag-eu","tag-europa","tag-europe","tag-fussball","tag-germany","tag-headlines","tag-holstein-kiel","tag-holstein-stadion","tag-kiel","tag-nachrichten","tag-news","tag-schlagzeilen","tag-schleswig-holstein","tag-sport","tag-sueddeutsche-zeitung"],"share_on_mastodon":{"url":"https:\/\/pubeurope.com\/@de\/117097920289646522","error":""},"_links":{"self":[{"href":"https:\/\/www.europesays.com\/de\/wp-json\/wp\/v2\/posts\/1237602","targetHints":{"allow":["GET"]}}],"collection":[{"href":"https:\/\/www.europesays.com\/de\/wp-json\/wp\/v2\/posts"}],"about":[{"href":"https:\/\/www.europesays.com\/de\/wp-json\/wp\/v2\/types\/post"}],"author":[{"embeddable":true,"href":"https:\/\/www.europesays.com\/de\/wp-json\/wp\/v2\/users\/2"}],"replies":[{"embeddable":true,"href":"https:\/\/www.europesays.com\/de\/wp-json\/wp\/v2\/comments?post=1237602"}],"version-history":[{"count":0,"href":"https:\/\/www.europesays.com\/de\/wp-json\/wp\/v2\/posts\/1237602\/revisions"}],"wp:featuredmedia":[{"embeddable":true,"href":"https:\/\/www.europesays.com\/de\/wp-json\/wp\/v2\/media\/1237603"}],"wp:attachment":[{"href":"https:\/\/www.europesays.com\/de\/wp-json\/wp\/v2\/media?parent=1237602"}],"wp:term":[{"taxonomy":"category","embeddable":true,"href":"https:\/\/www.europesays.com\/de\/wp-json\/wp\/v2\/categories?post=1237602"},{"taxonomy":"post_tag","embeddable":true,"href":"https:\/\/www.europesays.com\/de\/wp-json\/wp\/v2\/tags?post=1237602"}],"curies":[{"name":"wp","href":"https:\/\/api.w.org\/{rel}","templated":true}]}}