{"id":1237686,"date":"2026-08-15T06:39:09","date_gmt":"2026-08-15T06:39:09","guid":{"rendered":"https:\/\/www.europesays.com\/de\/1237686\/"},"modified":"2026-08-15T06:39:09","modified_gmt":"2026-08-15T06:39:09","slug":"schuetzenfest-geier-sturzflug-und-der-kaiser-von-unterbach-erkrath-jetzt","status":"publish","type":"post","link":"https:\/\/www.europesays.com\/de\/1237686\/","title":{"rendered":"Sch\u00fctzenfest: Geier Sturzflug und der Kaiser von Unterbach | erkrath.jetzt"},"content":{"rendered":"<p> <img fetchpriority=\"high\" width=\"678\" height=\"381\" class=\"attachment-mh-magazine-content size-mh-magazine-content wp-post-image lazyload\" alt=\"\" title=\"Sch\u00fctzenfest-Unterbach-2026-Foto GG-alte-und-neue-Majest\u00e4ten\" loading=\"eager\" decoding=\"async\" src=\"https:\/\/www.europesays.com\/de\/wp-content\/uploads\/2026\/08\/Schuetzenfest-Unterbach-2026-Foto-GG-alte-und-neue-Majestaeten-678x381.jpeg\" data-eio-rwidth=\"678\" data-eio-rheight=\"381\"\/>Alte und neue Majest\u00e4ten | Foto Gabi Gr\u00fcndker[Mit Fotogalerie] Das Unterbacher Sch\u00fctzenfest bot in diesem Jahr etwas Besonderes: Gerhard Fuhrmann wird zum dritten Mal K\u00f6nig und ist damit Sch\u00fctzenkaiser. Au\u00dferdem sorgte Geier Sturzflug daf\u00fcr, dass alle \u201ein die H\u00e4nde gespuckt\u201c haben. Stimmung pur in diesem Jahr.<\/p>\n<p class=\"wp-block-paragraph\">Vier Tage Sch\u00fctzenfest, zahlreiche H\u00f6hepunkte und ein besonderer Wechsel an der Spitze der St. Hubertus Sch\u00fctzenbruderschaft Unterbach: W\u00e4hrend die Familie Schweden das diesj\u00e4hrige Fest pr\u00e4gte, sicherte sich Gerhard Fuhrmann zum dritten Mal die K\u00f6nigsw\u00fcrde und wird damit zum Sch\u00fctzenkaiser. Traditionell feierte die St. Hubertus Sch\u00fctzenbruderschaft Unterbach 1870 e.V. am zweiten Augustwochenende ihr Sch\u00fctzenfest. Vier Tage lang bestimmten Sch\u00fctzen, Musik, Kirmes und zahlreiche Veranstaltungen das Geschehen auf der Sch\u00fctzenwiese an der Gerresheimer Landstra\u00dfe.<\/p>\n<p class=\"wp-block-paragraph\">Im Mittelpunkt stand in diesem Jahr Familie Schweden. Sch\u00fctzenk\u00f6nig und erster Vorsitzender Lars Schweden f\u00fchrte gemeinsam mit seiner Frau Sabine als K\u00f6nigspaar durch die Festtage. Unterst\u00fctzt wurden sie von ihren T\u00f6chtern Merle Schweden als Jungsch\u00fctzenprinz und Jule als Ehrendame. F\u00fcr die Besucher bot die Festwiese neben dem traditionellen Auto-Scooter zahlreiche weitere Fahrgesch\u00e4fte, Buden und Schausteller. Platzmeister Peter Kuhlemann und Daniel Spilke hatten erneut ein abwechslungsreiches Angebot zusammengestellt. Im gro\u00dfen Festzelt fanden zudem zahlreiche Veranstaltungen bei freiem Eintritt statt.<\/p>\n<p>Auftakt am Freitag: Kinder, Kirmes und eine 80er-Jahre-Party mit Geier Sturzflug<\/p>\n<p class=\"wp-block-paragraph\">Der Freitag begann traditionell mit dem Abholen der Kindergarten- und Grundschulkinder am Wittenbruchplatz. Gemeinsam mit den Sch\u00fctzen und ihren Familien zogen die Kinder zur Sch\u00fctzenwiese. Dort erhielten sie kostenlose Fahrchips f\u00fcr die Fahrgesch\u00e4fte. Anschlie\u00dfend wurde das Sch\u00fctzenfest offiziell er\u00f6ffnet. Nach dem Hissen der Flaggen und dem Platzkonzert erfolgte der Fassanstich. Die Er\u00f6ffnungsrede hielt in diesem Jahr Elmo Keller, zweiter Vorsitzender der St. Hubertus Sch\u00fctzenbruderschaft Unterbach 1870 e.V. Den Fassanstich \u00fcbernahm anschlie\u00dfend der ehrenamtliche B\u00fcrgermeister der Landeshauptstadt D\u00fcsseldorf, Fabian Zachel.<\/p>\n<p class=\"wp-block-paragraph\">Am Abend stand dann eine besondere Veranstaltung auf dem Programm: Bei der 80er-Jahre-Party trat die Kultband Geier Sturzflug als Special Guest auf. Die Veranstaltung war bereits im Vorfeld ausverkauft. DJ Marc Pesch sorgte vor und nach dem Auftritt f\u00fcr den passenden musikalischen Rahmen und brachte das Publikum mit einem Mix aus den Hits der 80er-Jahre in Partystimmung.<\/p>\n<p>Sch\u00fctzensamstag: Majest\u00e4ten, Gedenken und Musik<\/p>\n<p class=\"wp-block-paragraph\">Am Samstag hie\u00df es um 16.15 Uhr Antreten zum Abholen der Majest\u00e4ten. Den Empfang richtete Sch\u00fctzenk\u00f6nig Lars Schweden erstmals im Haus Unterbach aus. In besonderer Atmosph\u00e4re begr\u00fc\u00dfte das K\u00f6nigspaar dort Ehreng\u00e4ste und Sch\u00fctzen. Um 18 Uhr folgte die Kranzniederlegung zum Gedenken an die verstorbenen Mitglieder der Bruderschaft. Die Gedenkansprache hielt MdL Peter Blumenrath. Anschlie\u00dfend besuchten die Sch\u00fctzen gemeinsam die heilige Messe in der katholischen Kirche St. Mari\u00e4 Himmelfahrt.<\/p>\n<p class=\"wp-block-paragraph\">Am Abend wurde im Festzelt weitergefeiert. Ab 19.30 Uhr sorgte die Band JUST FOR YOU f\u00fcr Live-Musik. Um 22 Uhr \u00fcbernahm die Werstener Music Company mit ihren Bl\u00e4sern die B\u00fchne und pr\u00e4sentierte ebenfalls bekannte Hits aus den 80er-Jahren. F\u00fcr zus\u00e4tzliche Stimmung sorgten ein \u00dcberraschungsauftritt der Glamour Girls und der Sch\u00fctzenjugend. Gefeiert wurde bis weit nach Mitternacht.<\/p>\n<p>Gro\u00dfer Festumzug durch Unterbach<\/p>\n<p class=\"wp-block-paragraph\">Der Sonntag begann bereits um 6 Uhr mit dem traditionellen Wecken der Sch\u00fctzen sowie der F\u00f6rderer und G\u00f6nner. Um 10.30 Uhr spielte die Stadtkapelle Solingen e.V. 1871 beim musikalischen Fr\u00fchschoppen im Festzelt auf. Anschlie\u00dfend empfing das K\u00f6nigspaar die Ehreng\u00e4ste auf dem Dorfplatz des Hotels DORMERO. Zu den G\u00e4sten geh\u00f6rten Vereinsvorst\u00e4nde, Majest\u00e4ten aus dem Umland sowie Vertreter aus der Politik.<\/p>\n<p class=\"wp-block-paragraph\">Danach setzte sich der gro\u00dfe Festzug durch Unterbach in Bewegung. Mehrere Musikkapellen, eine Kutsche, ein Planwagen und zahlreiche befreundete Vereine begleiteten den Sch\u00fctzenk\u00f6nig durch die Stra\u00dfen des Stadtteils. Wie bereits im Vorjahr verzichtete Lars Schweden auf die traditionelle Kutschfahrt. Gemeinsam mit seiner Familie und den Sch\u00fctzen ging er zu Fu\u00df durch Unterbach.<\/p>\n<p class=\"wp-block-paragraph\">An den Festumzug schloss sich die Parade an. Die beteiligten Gruppen erwiesen dem K\u00f6nigspaar die Ehre. Ein besonderer H\u00f6hepunkt war die gemeinsame Serenade aller beteiligten Musikkapellen. Auch die Fahnenparade und das Fahnenschwenken sorgten f\u00fcr einen eindrucksvollen Abschluss des offiziellen Teils. Thomas Bruckmann und sein Sohn Oliver Bruckmann \u00a0zeigten dabei ihr K\u00f6nnen.<\/p>\n<p>Ein R\u00fcckblick in Bildern<a href=\"https:\/\/erkrath.jetzt\/wp-content\/uploads\/2026\/08\/Schuetzenfest-Unterbach-GG-23.jpeg\" data-caption-title=\"Geier Sturzflug | Foto Gabi Gr\u00fcndker\" data-attachment-id=\"107210\" data-type=\"image\" class=\"fg-thumb\" rel=\"nofollow noopener\" target=\"_blank\"><img src=\"https:\/\/www.europesays.com\/de\/wp-content\/uploads\/2026\/08\/2524356802.jpeg\" title=\"Geier Sturzflug | Foto Gabi Gr\u00fcndker\" width=\"640\" height=\"360\" class=\"skip-lazy fg-image\" decoding=\"async\" loading=\"lazy\"\/><\/a><\/p>\n<p>Geier Sturzflug | Foto Gabi Gr\u00fcndker<\/p>\n<p><a href=\"https:\/\/erkrath.jetzt\/wp-content\/uploads\/2026\/08\/Schuetzenfest-Unterbach-GG-16.jpeg\" data-caption-title=\"Foto: Gabi Gr\u00fcndker\" data-attachment-id=\"107204\" data-type=\"image\" class=\"fg-thumb\" rel=\"nofollow noopener\" target=\"_blank\"><img src=\"https:\/\/www.europesays.com\/de\/wp-content\/uploads\/2026\/08\/406908836.jpeg\" title=\"Foto: Gabi Gr\u00fcndker\" width=\"640\" height=\"360\" class=\"skip-lazy fg-image\" decoding=\"async\" loading=\"lazy\"\/><\/a><a href=\"https:\/\/erkrath.jetzt\/wp-content\/uploads\/2026\/08\/Schuetzenfest-Unterbach-GG-15.jpeg\" data-caption-title=\"Foto: Gabi Gr\u00fcndker\" data-attachment-id=\"107203\" data-type=\"image\" class=\"fg-thumb\" rel=\"nofollow noopener\" target=\"_blank\"><img src=\"https:\/\/www.europesays.com\/de\/wp-content\/uploads\/2026\/08\/2632200981.jpeg\" title=\"Foto: Gabi Gr\u00fcndker\" width=\"640\" height=\"360\" class=\"skip-lazy fg-image\" decoding=\"async\" loading=\"lazy\"\/><\/a><a href=\"https:\/\/erkrath.jetzt\/wp-content\/uploads\/2026\/08\/Geier-Sturzflug-Foto-Marc-Pesch.jpeg\" data-caption-title=\"Geier Sturzflug | Foto: Marc Pesch\" data-attachment-id=\"107202\" data-type=\"image\" class=\"fg-thumb\" rel=\"nofollow noopener\" target=\"_blank\"><img src=\"https:\/\/www.europesays.com\/de\/wp-content\/uploads\/2026\/08\/4017248161.jpeg\" title=\"Geier Sturzflug | Foto: Marc Pesch\" width=\"640\" height=\"360\" class=\"skip-lazy fg-image\" decoding=\"async\" loading=\"lazy\"\/><\/a><\/p>\n<p>Geier Sturzflug | Foto: Marc Pesch<\/p>\n<p><a href=\"https:\/\/erkrath.jetzt\/wp-content\/uploads\/2026\/08\/Schuetzenfest-Unterbach-GG-26.jpeg\" data-attachment-id=\"107212\" data-type=\"image\" class=\"fg-thumb\" rel=\"nofollow noopener\" target=\"_blank\"><img src=\"https:\/\/www.europesays.com\/de\/wp-content\/uploads\/2026\/08\/1842117976.jpeg\" width=\"640\" height=\"360\" class=\"skip-lazy fg-image\" decoding=\"async\" loading=\"lazy\"\/><\/a><a href=\"https:\/\/erkrath.jetzt\/wp-content\/uploads\/2026\/08\/Schuetzenfest-Unterbach-GG-24.jpeg\" data-caption-title=\"Foto Gabi Gr\u00fcndker\" data-attachment-id=\"107211\" data-type=\"image\" class=\"fg-thumb\" rel=\"nofollow noopener\" target=\"_blank\"><img src=\"https:\/\/www.europesays.com\/de\/wp-content\/uploads\/2026\/08\/1194951233.jpeg\" title=\"Foto Gabi Gr\u00fcndker\" width=\"640\" height=\"360\" class=\"skip-lazy fg-image\" decoding=\"async\" loading=\"lazy\"\/><\/a><a href=\"https:\/\/erkrath.jetzt\/wp-content\/uploads\/2026\/08\/Schuetzenfest-Unterbach-GG-22.jpeg\" data-caption-title=\"Foto: Gabi Gr\u00fcndker\" data-attachment-id=\"107209\" data-type=\"image\" class=\"fg-thumb\" rel=\"nofollow noopener\" target=\"_blank\"><img src=\"https:\/\/www.europesays.com\/de\/wp-content\/uploads\/2026\/08\/196744349.jpeg\" title=\"Foto: Gabi Gr\u00fcndker\" width=\"640\" height=\"360\" class=\"skip-lazy fg-image\" decoding=\"async\" loading=\"lazy\"\/><\/a><a href=\"https:\/\/erkrath.jetzt\/wp-content\/uploads\/2026\/08\/Schuetzenfest-Unterbach-GG-20.jpeg\" data-caption-title=\"Foto: Gabi Gr\u00fcndker\" data-attachment-id=\"107208\" data-type=\"image\" class=\"fg-thumb\" rel=\"nofollow noopener\" target=\"_blank\"><img src=\"https:\/\/www.europesays.com\/de\/wp-content\/uploads\/2026\/08\/2422371153.jpeg\" title=\"Foto: Gabi Gr\u00fcndker\" width=\"640\" height=\"360\" class=\"skip-lazy fg-image\" decoding=\"async\" loading=\"lazy\"\/><\/a><a href=\"https:\/\/erkrath.jetzt\/wp-content\/uploads\/2026\/08\/Schuetzenfest-Unterbach-GG-19.jpeg\" data-caption-title=\"Foto: Gabi Gr\u00fcndker\" data-attachment-id=\"107207\" data-type=\"image\" class=\"fg-thumb\" rel=\"nofollow noopener\" target=\"_blank\"><img src=\"https:\/\/www.europesays.com\/de\/wp-content\/uploads\/2026\/08\/3288004586.jpeg\" title=\"Foto: Gabi Gr\u00fcndker\" width=\"640\" height=\"360\" class=\"skip-lazy fg-image\" decoding=\"async\" loading=\"lazy\"\/><\/a><a href=\"https:\/\/erkrath.jetzt\/wp-content\/uploads\/2026\/08\/Schuetzenfest-Unterbach-GG-18.jpeg\" data-caption-title=\"Foto: Gabi Gr\u00fcndker\" data-attachment-id=\"107206\" data-type=\"image\" class=\"fg-thumb\" rel=\"nofollow noopener\" target=\"_blank\"><img src=\"https:\/\/www.europesays.com\/de\/wp-content\/uploads\/2026\/08\/1638903011.jpeg\" title=\"Foto: Gabi Gr\u00fcndker\" width=\"640\" height=\"360\" class=\"skip-lazy fg-image\" decoding=\"async\" loading=\"lazy\"\/><\/a><a href=\"https:\/\/erkrath.jetzt\/wp-content\/uploads\/2026\/08\/Schuetzenfest-Unterbach-GG-17.jpeg\" data-caption-title=\"Foto: Gabi Gr\u00fcndker\" data-attachment-id=\"107205\" data-type=\"image\" class=\"fg-thumb\" rel=\"nofollow noopener\" target=\"_blank\"><img src=\"https:\/\/www.europesays.com\/de\/wp-content\/uploads\/2026\/08\/3121984685.jpeg\" title=\"Foto: Gabi Gr\u00fcndker\" width=\"640\" height=\"360\" class=\"skip-lazy fg-image\" decoding=\"async\" loading=\"lazy\"\/><\/a><a href=\"https:\/\/erkrath.jetzt\/wp-content\/uploads\/2026\/08\/Schuetzenfest-Unterbach-GG-1.jpeg\" data-caption-title=\"Foto: Gabi Gr\u00fcndker\" data-attachment-id=\"107201\" data-type=\"image\" class=\"fg-thumb\" rel=\"nofollow noopener\" target=\"_blank\"><img src=\"https:\/\/www.europesays.com\/de\/wp-content\/uploads\/2026\/08\/2937168532.jpeg\" title=\"Foto: Gabi Gr\u00fcndker\" width=\"640\" height=\"360\" class=\"skip-lazy fg-image\" decoding=\"async\" loading=\"lazy\"\/><\/a><a href=\"https:\/\/erkrath.jetzt\/wp-content\/uploads\/2026\/08\/Schuetzenfest-Unterbach-GG-14.jpeg\" data-caption-title=\"Foto: Gabi Gr\u00fcndker\" data-attachment-id=\"107200\" data-type=\"image\" class=\"fg-thumb\" rel=\"nofollow noopener\" target=\"_blank\"><img src=\"https:\/\/www.europesays.com\/de\/wp-content\/uploads\/2026\/08\/2409427145.jpeg\" title=\"Foto: Gabi Gr\u00fcndker\" width=\"640\" height=\"360\" class=\"skip-lazy fg-image\" decoding=\"async\" loading=\"lazy\"\/><\/a><a href=\"https:\/\/erkrath.jetzt\/wp-content\/uploads\/2026\/08\/Schuetzenfest-Unterbach-GG-13.jpeg\" data-caption-title=\"Foto: Gabi Gr\u00fcndker\" data-attachment-id=\"107199\" data-type=\"image\" class=\"fg-thumb\" rel=\"nofollow noopener\" target=\"_blank\"><img src=\"https:\/\/www.europesays.com\/de\/wp-content\/uploads\/2026\/08\/3789998899.jpeg\" title=\"Foto: Gabi Gr\u00fcndker\" width=\"640\" height=\"360\" class=\"skip-lazy fg-image\" decoding=\"async\" loading=\"lazy\"\/><\/a><a href=\"https:\/\/erkrath.jetzt\/wp-content\/uploads\/2026\/08\/Schuetzenfest-Unterbach-GG-12.jpeg\" data-caption-title=\"Foto: Gabi Gr\u00fcndker\" data-attachment-id=\"107198\" data-type=\"image\" class=\"fg-thumb\" rel=\"nofollow noopener\" target=\"_blank\"><img src=\"https:\/\/www.europesays.com\/de\/wp-content\/uploads\/2026\/08\/1135841338.jpeg\" title=\"Foto: Gabi Gr\u00fcndker\" width=\"640\" height=\"360\" class=\"skip-lazy fg-image\" decoding=\"async\" loading=\"lazy\"\/><\/a><a href=\"https:\/\/erkrath.jetzt\/wp-content\/uploads\/2026\/08\/Schuetzenfest-Unterbach-GG-11.jpeg\" data-caption-title=\"Foto: Gabi Gr\u00fcndker\" data-attachment-id=\"107197\" data-type=\"image\" class=\"fg-thumb\" rel=\"nofollow noopener\" target=\"_blank\"><img src=\"https:\/\/www.europesays.com\/de\/wp-content\/uploads\/2026\/08\/1848780060.jpeg\" title=\"Foto: Gabi Gr\u00fcndker\" width=\"640\" height=\"360\" class=\"skip-lazy fg-image\" decoding=\"async\" loading=\"lazy\"\/><\/a><a href=\"https:\/\/erkrath.jetzt\/wp-content\/uploads\/2026\/08\/Schuetzenfest-Unterbach-GG-10.jpeg\" data-caption-title=\"Foto: Gabi Gr\u00fcndker\" data-attachment-id=\"107196\" data-type=\"image\" class=\"fg-thumb\" rel=\"nofollow noopener\" target=\"_blank\"><img src=\"https:\/\/www.europesays.com\/de\/wp-content\/uploads\/2026\/08\/3429334549.jpeg\" title=\"Foto: Gabi Gr\u00fcndker\" width=\"640\" height=\"360\" class=\"skip-lazy fg-image\" decoding=\"async\" loading=\"lazy\"\/><\/a><a href=\"https:\/\/erkrath.jetzt\/wp-content\/uploads\/2026\/08\/Schuetzenfest-Unterbach-GG-9.jpeg\" data-caption-title=\"Foto: Gabi Gr\u00fcndker\" data-attachment-id=\"107195\" data-type=\"image\" class=\"fg-thumb\" rel=\"nofollow noopener\" target=\"_blank\"><img src=\"https:\/\/www.europesays.com\/de\/wp-content\/uploads\/2026\/08\/613763365.jpeg\" title=\"Foto: Gabi Gr\u00fcndker\" width=\"640\" height=\"360\" class=\"skip-lazy fg-image\" decoding=\"async\" loading=\"lazy\"\/><\/a><a href=\"https:\/\/erkrath.jetzt\/wp-content\/uploads\/2026\/08\/Schuetzenfest-Unterbach-GG-7.jpeg\" data-caption-title=\"Foto: Gabi Gr\u00fcndker\" data-attachment-id=\"107194\" data-type=\"image\" class=\"fg-thumb\" rel=\"nofollow noopener\" target=\"_blank\"><img src=\"https:\/\/www.europesays.com\/de\/wp-content\/uploads\/2026\/08\/316139786.jpeg\" title=\"Foto: Gabi Gr\u00fcndker\" width=\"640\" height=\"360\" class=\"skip-lazy fg-image\" decoding=\"async\" loading=\"lazy\"\/><\/a><a href=\"https:\/\/erkrath.jetzt\/wp-content\/uploads\/2026\/08\/Schuetzenfest-Unterbach-GG-6.jpeg\" data-caption-title=\"Foto: Gabi Gr\u00fcndker\" data-attachment-id=\"107193\" data-type=\"image\" class=\"fg-thumb\" rel=\"nofollow noopener\" target=\"_blank\"><img src=\"https:\/\/www.europesays.com\/de\/wp-content\/uploads\/2026\/08\/2445186489.jpeg\" title=\"Foto: Gabi Gr\u00fcndker\" width=\"640\" height=\"360\" class=\"skip-lazy fg-image\" decoding=\"async\" loading=\"lazy\"\/><\/a><a href=\"https:\/\/erkrath.jetzt\/wp-content\/uploads\/2026\/08\/Schuetzenfest-Unterbach-GG-5.jpeg\" data-caption-title=\"Foto: Gabi Gr\u00fcndker\" data-attachment-id=\"107192\" data-type=\"image\" class=\"fg-thumb\" rel=\"nofollow noopener\" target=\"_blank\"><img src=\"https:\/\/www.europesays.com\/de\/wp-content\/uploads\/2026\/08\/1454625473.jpeg\" title=\"Foto: Gabi Gr\u00fcndker\" width=\"640\" height=\"360\" class=\"skip-lazy fg-image\" decoding=\"async\" loading=\"lazy\"\/><\/a><a href=\"https:\/\/erkrath.jetzt\/wp-content\/uploads\/2026\/08\/Schuetzenfest-Unterbach-GG-4.jpeg\" data-caption-title=\"Foto: Gabi Gr\u00fcndker\" data-attachment-id=\"107191\" data-type=\"image\" class=\"fg-thumb\" rel=\"nofollow noopener\" target=\"_blank\"><img src=\"https:\/\/www.europesays.com\/de\/wp-content\/uploads\/2026\/08\/2570669060.jpeg\" title=\"Foto: Gabi Gr\u00fcndker\" width=\"640\" height=\"360\" class=\"skip-lazy fg-image\" decoding=\"async\" loading=\"lazy\"\/><\/a><a href=\"https:\/\/erkrath.jetzt\/wp-content\/uploads\/2026\/08\/Schuetzenfest-Unterbach-GG-3.jpeg\" data-caption-title=\"Foto: Gabi Gr\u00fcndker\" data-attachment-id=\"107190\" data-type=\"image\" class=\"fg-thumb\" rel=\"nofollow noopener\" target=\"_blank\"><img src=\"https:\/\/www.europesays.com\/de\/wp-content\/uploads\/2026\/08\/64510576.jpeg\" title=\"Foto: Gabi Gr\u00fcndker\" width=\"640\" height=\"360\" class=\"skip-lazy fg-image\" decoding=\"async\" loading=\"lazy\"\/><\/a><a href=\"https:\/\/erkrath.jetzt\/wp-content\/uploads\/2026\/08\/Schuetzenfest-Unterbach-2026-Foto-GG-Kapelle.jpeg\" data-caption-title=\"Foto Gabi Gr\u00fcndker\" data-attachment-id=\"107290\" data-type=\"image\" class=\"fg-thumb\" rel=\"nofollow noopener\" target=\"_blank\"><img src=\"https:\/\/www.europesays.com\/de\/wp-content\/uploads\/2026\/08\/3035498899.jpeg\" title=\"Foto Gabi Gr\u00fcndker\" width=\"640\" height=\"360\" class=\"skip-lazy fg-image\" decoding=\"async\" loading=\"lazy\"\/><\/a><a href=\"https:\/\/erkrath.jetzt\/wp-content\/uploads\/2026\/08\/Schuetzenfest-Unterbach-2026-Foto-GG-Zapfenstreich.jpeg\" data-caption-title=\"Zapfenstreich | Foto Gabi Gr\u00fcndker\" data-attachment-id=\"107291\" data-type=\"image\" class=\"fg-thumb\" rel=\"nofollow noopener\" target=\"_blank\"><img src=\"https:\/\/www.europesays.com\/de\/wp-content\/uploads\/2026\/08\/1688643936.jpeg\" title=\"Zapfenstreich | Foto Gabi Gr\u00fcndker\" width=\"640\" height=\"360\" class=\"skip-lazy fg-image\" decoding=\"async\" loading=\"lazy\"\/><\/a><\/p>\n<p>Zapfenstreich | Foto Gabi Gr\u00fcndker<\/p>\n<p><a href=\"https:\/\/erkrath.jetzt\/wp-content\/uploads\/2026\/08\/Schuetzenfest-Unterbach-2026-Foto-GG-Kaiser-m-Frau-u-Adjutanten.jpeg\" data-caption-title=\"Foto Gabi Gr\u00fcndker\" data-attachment-id=\"107292\" data-type=\"image\" class=\"fg-thumb\" rel=\"nofollow noopener\" target=\"_blank\"><img src=\"https:\/\/www.europesays.com\/de\/wp-content\/uploads\/2026\/08\/2086447466.jpeg\" title=\"Foto Gabi Gr\u00fcndker\" width=\"640\" height=\"360\" class=\"skip-lazy fg-image\" decoding=\"async\" loading=\"lazy\"\/><\/a><a href=\"https:\/\/erkrath.jetzt\/wp-content\/uploads\/2026\/08\/Schuetzenfest-Unterbach-2026-Foto-GG-Jana-und-Marie.jpeg\" data-caption-title=\"Foto Gabi Gr\u00fcndker\" data-attachment-id=\"107293\" data-type=\"image\" class=\"fg-thumb\" rel=\"nofollow noopener\" target=\"_blank\"><img src=\"https:\/\/www.europesays.com\/de\/wp-content\/uploads\/2026\/08\/640277814.jpeg\" title=\"Foto Gabi Gr\u00fcndker\" width=\"640\" height=\"360\" class=\"skip-lazy fg-image\" decoding=\"async\" loading=\"lazy\"\/><\/a><a href=\"https:\/\/erkrath.jetzt\/wp-content\/uploads\/2026\/08\/Schuetzenfest-Unterbach-2026-Foto-GG-neuer-Schuetzenkaiser.jpeg\" data-caption-title=\"Begr\u00fc\u00dfung Sch\u00fctzenkaiser und Frau | Foto Gabi Gr\u00fcndker\" data-attachment-id=\"107294\" data-type=\"image\" class=\"fg-thumb\" rel=\"nofollow noopener\" target=\"_blank\"><img src=\"https:\/\/www.europesays.com\/de\/wp-content\/uploads\/2026\/08\/1283374990.jpeg\" title=\"Begr\u00fc\u00dfung Sch\u00fctzenkaiser und Frau | Foto Gabi Gr\u00fcndker\" width=\"640\" height=\"360\" class=\"skip-lazy fg-image\" decoding=\"async\" loading=\"lazy\"\/><\/a><\/p>\n<p>Begr\u00fc\u00dfung Sch\u00fctzenkaiser und Frau | Foto Gabi Gr\u00fcndker<\/p>\n<p><a href=\"https:\/\/erkrath.jetzt\/wp-content\/uploads\/2026\/08\/Schuetzenfest-Unterbach-2026-Foto-GG-Abschied-altes-Schuetzenpaar.jpeg\" data-caption-title=\"Abschied vom Sch\u00fctzenk\u00f6nig und Frau | Foto Gabi Gr\u00fcndker\" data-attachment-id=\"107295\" data-type=\"image\" class=\"fg-thumb\" rel=\"nofollow noopener\" target=\"_blank\"><img src=\"https:\/\/www.europesays.com\/de\/wp-content\/uploads\/2026\/08\/1710814488.jpeg\" title=\"Abschied vom Sch\u00fctzenk\u00f6nig und Frau | Foto Gabi Gr\u00fcndker\" width=\"640\" height=\"360\" class=\"skip-lazy fg-image\" decoding=\"async\" loading=\"lazy\"\/><\/a><\/p>\n<p>Abschied vom Sch\u00fctzenk\u00f6nig und Frau | Foto Gabi Gr\u00fcndker<\/p>\n<p><a href=\"https:\/\/erkrath.jetzt\/wp-content\/uploads\/2026\/08\/Schuetzenfest-Unterbach-2026-Foto-GG-Jana-Memmesheimer.jpeg\" data-caption-title=\"Jana Memmesheimer | Foto Gabi Gr\u00fcndker\" data-attachment-id=\"107296\" data-type=\"image\" class=\"fg-thumb\" rel=\"nofollow noopener\" target=\"_blank\"><img src=\"https:\/\/www.europesays.com\/de\/wp-content\/uploads\/2026\/08\/2907493130.jpeg\" title=\"Jana Memmesheimer | Foto Gabi Gr\u00fcndker\" width=\"640\" height=\"360\" class=\"skip-lazy fg-image\" decoding=\"async\" loading=\"lazy\"\/><\/a><\/p>\n<p>Jana Memmesheimer | Foto Gabi Gr\u00fcndker<\/p>\n<p><a href=\"https:\/\/erkrath.jetzt\/wp-content\/uploads\/2026\/08\/Schuetzenfest-Unterbach-2026-Foto-GG-Marie-Svitek.jpeg\" data-caption-title=\"Marie Svitek | Foto Gabi Gr\u00fcndker\" data-attachment-id=\"107297\" data-type=\"image\" class=\"fg-thumb\" rel=\"nofollow noopener\" target=\"_blank\"><img src=\"https:\/\/www.europesays.com\/de\/wp-content\/uploads\/2026\/08\/3013143478.jpeg\" title=\"Marie Svitek | Foto Gabi Gr\u00fcndker\" width=\"640\" height=\"360\" class=\"skip-lazy fg-image\" decoding=\"async\" loading=\"lazy\"\/><\/a><\/p>\n<p>Marie Svitek | Foto Gabi Gr\u00fcndker<\/p>\n<p><a href=\"https:\/\/erkrath.jetzt\/wp-content\/uploads\/2026\/08\/Schuetzenfest-Unterbach-2026-Foto-GG-alte-und-neue-Majestaeten.jpeg\" data-caption-title=\"Alte und neue Majest\u00e4ten | Foto Gabi Gr\u00fcndker\" data-attachment-id=\"107298\" data-type=\"image\" class=\"fg-thumb\" rel=\"nofollow noopener\" target=\"_blank\"><img src=\"https:\/\/www.europesays.com\/de\/wp-content\/uploads\/2026\/08\/378911119.jpeg\" title=\"Alte und neue Majest\u00e4ten | Foto Gabi Gr\u00fcndker\" width=\"640\" height=\"360\" class=\"skip-lazy fg-image\" decoding=\"async\" loading=\"lazy\"\/><\/a><\/p>\n<p>Alte und neue Majest\u00e4ten | Foto Gabi Gr\u00fcndker<\/p>\n<p><a href=\"https:\/\/erkrath.jetzt\/wp-content\/uploads\/2026\/08\/Schuetzenfest-Unterbach-2026-Foto-GG-Andreas-und-Antonia-Diering.jpeg\" data-caption-title=\"Andreas und Antonia Diering | Foto Gabi Gr\u00fcndker\" data-attachment-id=\"107300\" data-type=\"image\" class=\"fg-thumb\" rel=\"nofollow noopener\" target=\"_blank\"><img src=\"https:\/\/www.europesays.com\/de\/wp-content\/uploads\/2026\/08\/730788482.jpeg\" title=\"Andreas und Antonia Diering | Foto Gabi Gr\u00fcndker\" width=\"640\" height=\"360\" class=\"skip-lazy fg-image\" decoding=\"async\" loading=\"lazy\"\/><\/a><\/p>\n<p>Andreas und Antonia Diering | Foto Gabi Gr\u00fcndker<\/p>\n<p><a href=\"https:\/\/erkrath.jetzt\/wp-content\/uploads\/2026\/08\/Schuetzenfest-Unterbach-2026-Foto-GG-Axel-Rutsch.jpeg\" data-caption-title=\"Foto Gabi Gr\u00fcndker\" data-attachment-id=\"107301\" data-type=\"image\" class=\"fg-thumb\" rel=\"nofollow noopener\" target=\"_blank\"><img src=\"https:\/\/www.europesays.com\/de\/wp-content\/uploads\/2026\/08\/1905965675.jpeg\" title=\"Foto Gabi Gr\u00fcndker\" width=\"640\" height=\"360\" class=\"skip-lazy fg-image\" decoding=\"async\" loading=\"lazy\"\/><\/a><a href=\"https:\/\/erkrath.jetzt\/wp-content\/uploads\/2026\/08\/Schuetzenfest-Unterbach-2026-Foto-GG-Schuetzenkoenig-mit-Schuetzenkaiser.jpeg\" data-caption-title=\"Sch\u00fctzenkaiser und Sch\u00fctzenk\u00f6nig | Foto Gabi Gr\u00fcndker\" data-attachment-id=\"107302\" data-type=\"image\" class=\"fg-thumb\" rel=\"nofollow noopener\" target=\"_blank\"><img src=\"https:\/\/www.europesays.com\/de\/wp-content\/uploads\/2026\/08\/346981016.jpeg\" title=\"Sch\u00fctzenkaiser und Sch\u00fctzenk\u00f6nig | Foto Gabi Gr\u00fcndker\" width=\"640\" height=\"360\" class=\"skip-lazy fg-image\" decoding=\"async\" loading=\"lazy\"\/><\/a><\/p>\n<p>Sch\u00fctzenkaiser und Sch\u00fctzenk\u00f6nig | Foto Gabi Gr\u00fcndker<\/p>\n<p><a href=\"https:\/\/erkrath.jetzt\/wp-content\/uploads\/2026\/08\/Schuetzenfest-Unterbach-2026-Foto-GG-OB-Keller-Axel-Rutsch.jpeg\" data-caption-title=\"Oberb\u00fcrgermeister Stephan Keller mit Axel Rutsch | Foto Gabi Gr\u00fcndker\" data-attachment-id=\"107303\" data-type=\"image\" class=\"fg-thumb\" rel=\"nofollow noopener\" target=\"_blank\"><img src=\"https:\/\/www.europesays.com\/de\/wp-content\/uploads\/2026\/08\/3357135474.jpeg\" title=\"Oberb\u00fcrgermeister Stephan Keller mit Axel Rutsch | Foto Gabi Gr\u00fcndker\" width=\"640\" height=\"360\" class=\"skip-lazy fg-image\" decoding=\"async\" loading=\"lazy\"\/><\/a><\/p>\n<p>Oberb\u00fcrgermeister Stephan Keller mit Axel Rutsch | Foto Gabi Gr\u00fcndker<\/p>\n<p><a href=\"https:\/\/erkrath.jetzt\/wp-content\/uploads\/2026\/08\/Schuetzenfest-Unterbach-2026-Foto-GG-OB-Keller.jpeg\" data-caption-title=\"Oberb\u00fcrgermeister Stephan Keller | Foto Gabi Gr\u00fcndker\" data-attachment-id=\"107304\" data-type=\"image\" class=\"fg-thumb\" rel=\"nofollow noopener\" target=\"_blank\"><img src=\"https:\/\/www.europesays.com\/de\/wp-content\/uploads\/2026\/08\/1067613256.jpeg\" title=\"Oberb\u00fcrgermeister Stephan Keller | Foto Gabi Gr\u00fcndker\" width=\"640\" height=\"360\" class=\"skip-lazy fg-image\" decoding=\"async\" loading=\"lazy\"\/><\/a><\/p>\n<p>Oberb\u00fcrgermeister Stephan Keller | Foto Gabi Gr\u00fcndker<\/p>\n<p><a href=\"https:\/\/erkrath.jetzt\/wp-content\/uploads\/2026\/08\/Schuetzenfest-Unterbach-2026-Rolf-Voss-Foto-Simone-Niemann.jpeg\" data-caption-title=\"Rolf Voss | Foto: Simone Niemann\" data-attachment-id=\"107311\" data-type=\"image\" class=\"fg-thumb\" rel=\"nofollow noopener\" target=\"_blank\"><img src=\"https:\/\/www.europesays.com\/de\/wp-content\/uploads\/2026\/08\/1842694509.jpeg\" title=\"Rolf Voss | Foto: Simone Niemann\" width=\"640\" height=\"360\" class=\"skip-lazy fg-image\" decoding=\"async\" loading=\"lazy\"\/><\/a><\/p>\n<p>Rolf Voss | Foto: Simone Niemann<\/p>\n<p><a href=\"https:\/\/erkrath.jetzt\/wp-content\/uploads\/2026\/08\/Schuetzenfest-Unterbach-2026-Andreas-Memmesheimer-Foto-Simone-Niemann.jpeg\" data-caption-title=\"Andreas Memmesheimer | Foto: Simone Niemann\" data-attachment-id=\"107310\" data-type=\"image\" class=\"fg-thumb\" rel=\"nofollow noopener\" target=\"_blank\"><img src=\"https:\/\/www.europesays.com\/de\/wp-content\/uploads\/2026\/08\/902691945.jpeg\" title=\"Andreas Memmesheimer | Foto: Simone Niemann\" width=\"640\" height=\"360\" class=\"skip-lazy fg-image\" decoding=\"async\" loading=\"lazy\"\/><\/a><\/p>\n<p>Andreas Memmesheimer | Foto: Simone Niemann<\/p>\n<p><a href=\"https:\/\/erkrath.jetzt\/wp-content\/uploads\/2026\/08\/Schuetzenfest-Unterbach-2026-Petra-Juergens-Foto-Simone-Niemann.jpeg\" data-caption-title=\"Petra J\u00fcrgens | Foto: Simone Niemann\" data-attachment-id=\"107309\" data-type=\"image\" class=\"fg-thumb\" rel=\"nofollow noopener\" target=\"_blank\"><img src=\"https:\/\/www.europesays.com\/de\/wp-content\/uploads\/2026\/08\/2316841354.jpeg\" title=\"Petra J\u00fcrgens | Foto: Simone Niemann\" width=\"640\" height=\"360\" class=\"skip-lazy fg-image\" decoding=\"async\" loading=\"lazy\"\/><\/a><\/p>\n<p>Petra J\u00fcrgens | Foto: Simone Niemann<\/p>\n<p><a href=\"https:\/\/erkrath.jetzt\/wp-content\/uploads\/2026\/08\/Schuetzenfest-Unterbach-2026-Uli-Emde-Foto-Simone-Niemann.jpeg\" data-caption-title=\"Uli Emde | Foto: Simone Niemann\" data-attachment-id=\"107308\" data-type=\"image\" class=\"fg-thumb\" rel=\"nofollow noopener\" target=\"_blank\"><img src=\"https:\/\/www.europesays.com\/de\/wp-content\/uploads\/2026\/08\/2183940483.jpeg\" title=\"Uli Emde | Foto: Simone Niemann\" width=\"640\" height=\"360\" class=\"skip-lazy fg-image\" decoding=\"async\" loading=\"lazy\"\/><\/a><\/p>\n<p>Uli Emde | Foto: Simone Niemann<\/p>\n<p><a href=\"https:\/\/erkrath.jetzt\/wp-content\/uploads\/2026\/08\/Schuetzenfest-Unterbach-2026-Elmo-Keller-Foto-Simone-Niemann.jpeg\" data-caption-title=\"Elmo Keller | Foto: Simone Niemann\" data-attachment-id=\"107307\" data-type=\"image\" class=\"fg-thumb\" rel=\"nofollow noopener\" target=\"_blank\"><img src=\"https:\/\/www.europesays.com\/de\/wp-content\/uploads\/2026\/08\/4088067130.jpeg\" title=\"Elmo Keller | Foto: Simone Niemann\" width=\"640\" height=\"360\" class=\"skip-lazy fg-image\" decoding=\"async\" loading=\"lazy\"\/><\/a><\/p>\n<p>Elmo Keller | Foto: Simone Niemann<\/p>\n<p><a href=\"https:\/\/erkrath.jetzt\/wp-content\/uploads\/2026\/08\/Schuetzenfest-Unterbach-2026-Foto-GG-Kai-Baar.jpeg\" data-caption-title=\"Kai Baar | Foto: Gabi Gr\u00fcndker\" data-attachment-id=\"107306\" data-type=\"image\" class=\"fg-thumb\" rel=\"nofollow noopener\" target=\"_blank\"><img src=\"https:\/\/www.europesays.com\/de\/wp-content\/uploads\/2026\/08\/2282203808.jpeg\" title=\"Kai Baar | Foto: Gabi Gr\u00fcndker\" width=\"640\" height=\"360\" class=\"skip-lazy fg-image\" decoding=\"async\" loading=\"lazy\"\/><\/a><\/p>\n<p>Kai Baar | Foto: Gabi Gr\u00fcndker<\/p>\n<p><a href=\"https:\/\/erkrath.jetzt\/wp-content\/uploads\/2026\/08\/Schuetzenfest-Unterbach-2026-Foto-GG-Thomas-Schmidt.jpeg\" data-caption-title=\"Thomas Schmidt | Foto: Gabi Gr\u00fcndker\" data-attachment-id=\"107305\" data-type=\"image\" class=\"fg-thumb\" rel=\"nofollow noopener\" target=\"_blank\"><img src=\"https:\/\/www.europesays.com\/de\/wp-content\/uploads\/2026\/08\/1585038061.jpeg\" title=\"Thomas Schmidt | Foto: Gabi Gr\u00fcndker\" width=\"640\" height=\"360\" class=\"skip-lazy fg-image\" decoding=\"async\" loading=\"lazy\"\/><\/a><\/p>\n<p>Thomas Schmidt | Foto: Gabi Gr\u00fcndker<\/p>\n<p> Zur\u00fcck 1von44 Vor<\/p>\n<p>Pokale beim Vogelschie\u00dfen der Vereine<\/p>\n<p class=\"wp-block-paragraph\">Um 17.30 Uhr stand das Vogelschie\u00dfen der Vereine auf dem Programm. Den Pokal der Unterbacher Vereine sicherte sich Rolf Voss. Andreas Memmesheimer gewann den Pokal f\u00fcr den Karnevalsausschu\u00df Unterbach 1957 e.V., w\u00e4hrend Ulrich Emde den entscheidenden Treffer f\u00fcr die Unterbacher Jonges landete. Bei den Schafsch\u00fctzen hatte Petra J\u00fcrgens erneut das n\u00f6tige Gl\u00fcck und setzte den entscheidenden Treffer. Elmo Keller holte den Pokal f\u00fcr den Montagsclub. \u00dcber den Joachim-Zech-Wanderpokal durfte sich in diesem Jahr Kai Baar freuen. Sein Name wird als erster auf dem neuen Wanderpokal verewigt. Auf dem bisherigen Pokal war kein Platz mehr f\u00fcr eine weitere Gravur.<\/p>\n<p>Neue Majest\u00e4ten und ein emotionaler Abschluss<\/p>\n<p class=\"wp-block-paragraph\">Der Montag stand ganz im Zeichen des K\u00f6nigsschie\u00dfens. Um 16 Uhr begann das K\u00f6nigs- und Prinzenvogelschie\u00dfen. Jana Memmesheimer sicherte sich den Titel der Jungsch\u00fctzenprinzessin. Zu ihren Adjutantinnen werden Julyca Theisen und Cassandra Rothe.<\/p>\n<p class=\"wp-block-paragraph\">Beim K\u00f6nigsschie\u00dfen gelang Gerhard Fuhrmann der entscheidende Treffer. Damit wurde er nicht nur neuer Sch\u00fctzenk\u00f6nig, sondern zugleich Sch\u00fctzenkaiser: Bereits zum dritten Mal konnte er das K\u00f6nigsschie\u00dfen der Bruderschaft f\u00fcr sich entscheiden. Gemeinsam mit seiner Ehefrau Angelika wird Gerhard Fuhrmann im K\u00f6nigsjahr 2026\/2027 an der Spitze der Bruderschaft stehen. Als Adjutanten werden ihm Ehrenmitglied Johannes Bremkens und Dieter M\u00fcller zur Seite stehen.<\/p>\n<p class=\"wp-block-paragraph\">Beim anschlie\u00dfenden Kr\u00f6nungsball wurden traditionell verdiente Mitglieder geehrt. Thomas Schmidt erhielt f\u00fcr seine 40-j\u00e4hrige Mitgliedschaft den Jubelorden. Oberb\u00fcrgermeister Dr. Stephan Keller verlieh Axel Rutsch den Stadtorden der Stadt D\u00fcsseldorf. Auch Andreas Diering wurde f\u00fcr seinen langj\u00e4hrigen Einsatz f\u00fcr die Sch\u00fctzenbruderschaft mit dem St. Sebastianus Ehrenkreuz ausgezeichnet.<\/p>\n<p class=\"wp-block-paragraph\">F\u00fcr den musikalischen Abschluss sorgten die Blaskapelle Christoph G\u00e4ngel und das Tambour-Corps 1912 D\u00fcsseldorf-Oberbilk. Mit dem Zapfenstreich erhielt der Abend einen w\u00fcrdevollen Abschluss. Mit dem Kr\u00f6nungsball endete zugleich das Schwedenjahr. Hinter der St. Hubertus Sch\u00fctzenbruderschaft Unterbach 1870 e.V. liegen vier abwechslungsreiche Festtage mit Musik, Kirmes, Tradition und zahlreichen besonderen Momenten. Nun beginnt mit dem neuen Sch\u00fctzenkaiser Gerhard Fuhrmann und seiner Ehefrau Angelika eine neue Regentschaft.<\/p>\n<p>   31<\/p>\n","protected":false},"excerpt":{"rendered":"Alte und neue Majest\u00e4ten | Foto Gabi Gr\u00fcndker[Mit Fotogalerie] Das Unterbacher Sch\u00fctzenfest bot in diesem Jahr etwas Besonderes:&hellip;\n","protected":false},"author":2,"featured_media":1237687,"comment_status":"","ping_status":"","sticky":false,"template":"","format":"standard","meta":{"footnotes":"","_share_on_mastodon":"0"},"categories":[1831],"tags":[29287,3364,29,3405,30,1209,26611,3866],"class_list":["post-1237686","post","type-post","status-publish","format-standard","has-post-thumbnail","category-duesseldorf","tag-autoren","tag-de","tag-deutschland","tag-duesseldorf","tag-germany","tag-nordrhein-westfalen","tag-unterbach","tag-veranstaltungen"],"share_on_mastodon":{"url":"https:\/\/pubeurope.com\/@de\/117098164376674413","error":""},"_links":{"self":[{"href":"https:\/\/www.europesays.com\/de\/wp-json\/wp\/v2\/posts\/1237686","targetHints":{"allow":["GET"]}}],"collection":[{"href":"https:\/\/www.europesays.com\/de\/wp-json\/wp\/v2\/posts"}],"about":[{"href":"https:\/\/www.europesays.com\/de\/wp-json\/wp\/v2\/types\/post"}],"author":[{"embeddable":true,"href":"https:\/\/www.europesays.com\/de\/wp-json\/wp\/v2\/users\/2"}],"replies":[{"embeddable":true,"href":"https:\/\/www.europesays.com\/de\/wp-json\/wp\/v2\/comments?post=1237686"}],"version-history":[{"count":0,"href":"https:\/\/www.europesays.com\/de\/wp-json\/wp\/v2\/posts\/1237686\/revisions"}],"wp:featuredmedia":[{"embeddable":true,"href":"https:\/\/www.europesays.com\/de\/wp-json\/wp\/v2\/media\/1237687"}],"wp:attachment":[{"href":"https:\/\/www.europesays.com\/de\/wp-json\/wp\/v2\/media?parent=1237686"}],"wp:term":[{"taxonomy":"category","embeddable":true,"href":"https:\/\/www.europesays.com\/de\/wp-json\/wp\/v2\/categories?post=1237686"},{"taxonomy":"post_tag","embeddable":true,"href":"https:\/\/www.europesays.com\/de\/wp-json\/wp\/v2\/tags?post=1237686"}],"curies":[{"name":"wp","href":"https:\/\/api.w.org\/{rel}","templated":true}]}}