{"id":1237793,"date":"2026-08-15T07:45:23","date_gmt":"2026-08-15T07:45:23","guid":{"rendered":"https:\/\/www.europesays.com\/de\/1237793\/"},"modified":"2026-08-15T07:45:23","modified_gmt":"2026-08-15T07:45:23","slug":"zu-viel-buerokratie-erste-owl-unternehmen-stellen-verkauf-ins-ausland-ein","status":"publish","type":"post","link":"https:\/\/www.europesays.com\/de\/1237793\/","title":{"rendered":"Zu viel B\u00fcrokratie: Erste OWL-Unternehmen stellen Verkauf ins Ausland ein"},"content":{"rendered":"<p class=\"&#10;      nw-text-base&#10;      nw-text-gray-500&#10;      nw-font-medium&#10;    \">\n        Neue EU-Verpackungsverordnung\n    <\/p>\n<p>                Zu viel B\u00fcrokratie: Erste OWL-Unternehmen stellen Verkauf ins Ausland ein<\/p>\n<p class=\"nw-text-lg nw-text-black md:nw-w-5\/6 nw-pb-7\">\n                In der Region sorgt die EU-Verpackungsverordnung f\u00fcr Frust. Kleine Onlineh\u00e4ndler k\u00e4mpfen mit Nachweisen, Bevollm\u00e4chtigten und Geb\u00fchren. Sie fragen sich, ob sich der Versand in andere L\u00e4nder noch lohnt.\n            <\/p>\n<p class=\"nw-text-base nw-font-bold nw-text-gray-600 dark:nw-text-white nw-mb-0 nw-leading-snug\">\n                    Mehr Nachrichten aus OWL in Ihren Suchergebnissen\n                <\/p>\n<p class=\"nw-text-base nw-text-gray-400 dark:nw-text-white\/60 nw-mb-0 nw-mt-1.5 nw-leading-snug\">\n                    Legen Sie NW.de als bevorzugte Quelle fest.\n                <\/p>\n<p>            <a href=\"https:\/\/google.com\/preferences\/source?q=nw.de\" target=\"_blank\" rel=\"noopener noreferrer nofollow\" aria-label=\"NW.de bei Google als bevorzugte Nachrichtenquelle festlegen \u2013 \u00f6ffnet Google-Einstellungen in einem neuen Tab\" data-track=\"matomo\" data-track-category=\"preferred_source\" data-track-action=\"click\" data-track-name=\"preferred_source_google_click\" class=\"nw-flex nw-items-center nw-justify-center nw-w-full sm:nw-w-auto sm:nw-self-center sm:nw-shrink-0&#010;            nw-rounded-full nw-border nw-border-transparent&#010;            nw-bg-red-0&#010;            nw-shadow-sm&#010;            nw-px-5 nw-h-12 sm:nw-h-11 nw-text-base nw-font-semibold&#010;            nw-text-white&#010;            hover:nw-bg-red-100 hover:nw-shadow&#010;            focus-visible:nw-outline-2 focus-visible:nw-outline-offset-2 focus-visible:nw-outline-hk-blue-200 dark:focus-visible:nw-outline-white&#010;            nw-transition-all motion-reduce:nw-transition-none\"><br \/>\n                Bei Google hinzuf\u00fcgen<br \/>\n            <\/a><\/p>\n","protected":false},"excerpt":{"rendered":"Neue EU-Verpackungsverordnung Zu viel B\u00fcrokratie: Erste OWL-Unternehmen stellen Verkauf ins Ausland ein In der Region sorgt die EU-Verpackungsverordnung&hellip;\n","protected":false},"author":2,"featured_media":1237794,"comment_status":"","ping_status":"","sticky":false,"template":"","format":"standard","meta":{"footnotes":"","_share_on_mastodon":"0"},"categories":[3933],"tags":[331,332,1605,30852,1098,29,548,663,158,3934,3935,256705,13,5665,26267,9307,730,38297,1611,16383,2379,2377,2378,42500,256706,198343,2381,164252,229797,1612,1613,256707,14,15,22059,9238,12,10123,221275],"class_list":["post-1237793","post","type-post","status-publish","format-standard","has-post-thumbnail","category-eu","tag-aktuelle-nachrichten","tag-aktuelle-news","tag-bielefeld","tag-bunde","tag-buerokratie","tag-deutschland","tag-eu","tag-europa","tag-europaeische-union","tag-europe","tag-european-union","tag-handytreff","tag-headlines","tag-ihk","tag-kreis-herford","tag-label_foto","tag-label_grafik","tag-label_infokasten","tag-label_informiere-mich","tag-label_print-platziert","tag-label_push","tag-label_startseite","tag-label_umfrage","tag-label_wirtschaft","tag-matthias-carl","tag-meta_artikelklasse_aboanker","tag-meta_copyrights_rgowl_freier_mitarbeiter","tag-meta_eo_zusammenfassung","tag-meta_prio_1","tag-meta_themen_wirtschaft","tag-meta_userneeds_informieremich","tag-michael-mester","tag-nachrichten","tag-news","tag-owl","tag-redaktionsnetzwerk-deutschland","tag-schlagzeilen","tag-serie_nlmittagsnotiz","tag-verpackungsverordnung"],"share_on_mastodon":{"url":"","error":"Validation failed: Text character limit of 500 exceeded"},"_links":{"self":[{"href":"https:\/\/www.europesays.com\/de\/wp-json\/wp\/v2\/posts\/1237793","targetHints":{"allow":["GET"]}}],"collection":[{"href":"https:\/\/www.europesays.com\/de\/wp-json\/wp\/v2\/posts"}],"about":[{"href":"https:\/\/www.europesays.com\/de\/wp-json\/wp\/v2\/types\/post"}],"author":[{"embeddable":true,"href":"https:\/\/www.europesays.com\/de\/wp-json\/wp\/v2\/users\/2"}],"replies":[{"embeddable":true,"href":"https:\/\/www.europesays.com\/de\/wp-json\/wp\/v2\/comments?post=1237793"}],"version-history":[{"count":0,"href":"https:\/\/www.europesays.com\/de\/wp-json\/wp\/v2\/posts\/1237793\/revisions"}],"wp:featuredmedia":[{"embeddable":true,"href":"https:\/\/www.europesays.com\/de\/wp-json\/wp\/v2\/media\/1237794"}],"wp:attachment":[{"href":"https:\/\/www.europesays.com\/de\/wp-json\/wp\/v2\/media?parent=1237793"}],"wp:term":[{"taxonomy":"category","embeddable":true,"href":"https:\/\/www.europesays.com\/de\/wp-json\/wp\/v2\/categories?post=1237793"},{"taxonomy":"post_tag","embeddable":true,"href":"https:\/\/www.europesays.com\/de\/wp-json\/wp\/v2\/tags?post=1237793"}],"curies":[{"name":"wp","href":"https:\/\/api.w.org\/{rel}","templated":true}]}}