{"id":1237813,"date":"2026-08-15T07:59:17","date_gmt":"2026-08-15T07:59:17","guid":{"rendered":"https:\/\/www.europesays.com\/de\/1237813\/"},"modified":"2026-08-15T07:59:17","modified_gmt":"2026-08-15T07:59:17","slug":"darmstadt-98-reist-nach-dresden-darmstadt-98-reist-nach-dresden-neuer-sturm-neues-glueck","status":"publish","type":"post","link":"https:\/\/www.europesays.com\/de\/1237813\/","title":{"rendered":"Darmstadt 98 reist nach Dresden: Darmstadt 98 reist nach Dresden: Neuer Sturm, neues Gl\u00fcck"},"content":{"rendered":"<p>            <img loading=\"lazy\" decoding=\"async\" class=\"ts-image\" src=\"https:\/\/www.europesays.com\/de\/wp-content\/uploads\/2026\/08\/hr-florian-kohfeldt-im-ersten-saisonspiel-gegen-kiel-100.jpg\" alt=\"Florian Kohfeldt\" title=\"Florian Kohfeldt im ersten Saisonspiel gegen Kiel | IMAGO \/ Jan Huebner\"\/><\/p>\n<p class=\"metatextline\">Stand: 15.08.2026 \u2022 09:47 Uhr<\/p>\n<p class=\"article-head__shorttext\">\n        <strong>Ho-Jae Lee hat im ersten Spiel schon Eindruck hinterlassen, mit Milan Smit hat der SV Darmstadt 98 den n\u00e4chsten vielversprechenden St\u00fcrmer geholt. L\u00e4sst Lilien-Trainer Florian Kohfeldt in Dresden schon beide gemeinsam von der Kette?<\/strong>\n    <\/p>\n<p class=\"textabsatz m-ten m-offset-one l-eight l-offset-two columns twelve\">Die umfassenden Kaderrenovierungen beim SV Darmstadt 98 n\u00e4hern sich dem Ende, und wer einen zufriedenen Trainer erleben wollte, der war bei der Pressekonferenz der Lilien ganz richtig. &#8222;Wir haben lange daran gearbeitet&#8220;, sagte Trainer Florian Kohlfeld anl\u00e4sslich der <a href=\"https:\/\/www.hessenschau.de\/sport\/fussball\/darmstadt-98\/darmstadt-98-lilien-schliessen-letzte-sturm-luecke-und-holen-milan-smit-v1,lilien-smit-100.html\" title=\"Verpflichtung von Milan Smit\" class=\"textlink--extern\" target=\"_blank\" rel=\"noopener nofollow\">Verpflichtung von Milan Smit<\/a> vor dem Spiel gegen Dynamo Dresden am Sonntag (13:30 Uhr). &#8222;Ich bin mir sicher, dass das ein Transfer war, der gut f\u00fcr uns ist.&#8220;<\/p>\n<p class=\"textabsatz m-ten m-offset-one l-eight l-offset-two columns twelve\">26 Kaderbewegungen gab es im Sommer beim SV98, unter anderem ging das Sturmduo Fraser Hornby \/ Isac Lidberg, das in der Zweiten Liga zur Creme de la Creme geh\u00f6rte. Mit Smit und dem vor zwei Wochen verpflichteten Hoe-Jae Lee scheint die L\u00fccke geschlossen worden. &#8222;Er ist ein technisch sauberer Spieler, hat ein gutes Raumgef\u00fchl und eine gute Physis. Ich bin sehr froh, dass er hier ist&#8220;, so Kohfeldt \u00fcber den 1,92 m gro\u00dfen Niederl\u00e4nder.<\/p>\n<p>    Kohfeldt: &#8222;Wir glauben daran, dass er helfen kann \u2013 ab jetzt!&#8220;<\/p>\n<p class=\"textabsatz m-ten m-offset-one l-eight l-offset-two columns twelve\">Smit blickt trotz seiner erst 23 Jahre auf 58 Spiele in der Eredivisie, 39 in der Niederl\u00e4ndischen zweiten Liga und 13 in der Championship in England zur\u00fcck, zudem auf einen Pokalsieg in den Niederlanden. Passiert nichts Unerwartetes, wird der Neue schon gegen Dresden im Kader stehen. &#8222;Er steht voll im Saft. Wir glauben daran, dass er helfen kann \u2013 ab jetzt!&#8220;, so Kohfeldt. Vielleicht also ist das neue Sturmduo gefunden, Kohfeldt deutete an, im Laufe der Saison durchaus auf eine Doppelspitze setzen zu wollen. Wenngleich Smit in Dresden wahrscheinlich erst einmal auf der Bank sitzt.<\/p>\n<p class=\"textabsatz m-ten m-offset-one l-eight l-offset-two columns twelve\">Dynamo ist derweil mit einem 0:3 in N\u00fcrnberg in die Saison gestartet, Kohfeldt sch\u00e4tzt die Sachsen dennoch &#8222;sehr hoch&#8220; ein. &#8222;Sie haben einen sehr spielerischen Ansatz, kombinieren gerne von hinten heraus, haben viele Tiefenl\u00e4ufe&#8220;, so Kohfeldt, der zudem auf das stets ausverkaufte Rudolf Harbig-Stadion als Faktor verweist. &#8222;Sie haben das Stadion als Heimvorteil. Das ist eine sehr schwere Ausw\u00e4rtspartie&#8220;, so Kohfeldt.<\/p>\n<p>    Kohfeldt: &#8222;Waren weiter, als ich dachte&#8220;<\/p>\n<p class=\"textabsatz m-ten m-offset-one l-eight l-offset-two columns twelve\">Dennoch geht Kohfeldt aber zuversichtlich in die Partie, zumal die Leistung beim <a href=\"https:\/\/www.hessenschau.de\/sport\/fussball\/darmstadt-98\/spaetes-remis-lilien-drehen-zwei-tore-rueckstand-gegen-kiel-v1,darmstadt-kiel-nach-100.html\" title=\"2:2 gegen Kiel\" class=\"textlink--extern\" target=\"_blank\" rel=\"noopener nofollow\">2:2 gegen Kiel<\/a> ordentlich war. &#8222;F\u00fcr den Zeitraum, den wir in der Kombination zusammen waren, waren wir weiter, als ich dachte&#8220;, so Kohfeldt. Man habe Kontrolle \u00fcber das Spiel gehabt, das Manko sei eher gewesen, dass sich daraus zu selten Z\u00e4hlbares entwickelte.<\/p>\n<p class=\"textabsatz m-ten m-offset-one l-eight l-offset-two columns twelve\">&#8222;Aus dieser Kontrolle in Tempoaktionen zu kommen, hohe Ballgewinne in Torchancen umzum\u00fcnzen, das waren Themen, die uns zu punktuell gelungen sind. Und wir haben zu einfache Fehler gemacht&#8220;, so Kohfeldt. Viel wichtiger f\u00fcr den Coach aber: Das Gef\u00fchl hat gepasst. &#8222;Die Jungs hatten ein super Gef\u00fchl auf dem Platz. Wir hatten Mentalit\u00e4t und Gier, das war mehr als deutlich. Und das ist extrem wichtig, um Spiele zu gewinnen.&#8220; Zwei gute St\u00fcrmer k\u00f6nnen dabei nat\u00fcrlich auch nicht schaden.<\/p>\n<p class=\"textabsatz m-ten m-offset-one l-eight l-offset-two columns twelve\"><strong>So k\u00f6nnten die Lilien starten:<\/strong><\/p>\n<p class=\"absatzbild__info__text\">\n                        So k\u00f6nnten die Lilien gegen Dresden starten\n                    <\/p>\n<p>                                        <a class=\"backlink__link\" href=\"https:\/\/www.hessenschau.de\/sport\/fussball\/darmstadt-98\/darmstadt-98-reist-nach-dresden-neuer-sturm-neues-glueck-v1,lilien-vor-sgd-100.html\" rel=\"nofollow noopener\" target=\"_blank\"><\/p>\n<p>                                                <img decoding=\"async\" src=\"https:\/\/images.sportschau.de\/image\/d5dbef2b-a561-4a5d-8a3f-af75f4c80994\/AAABlap_bik\/AAABnR8VW9w\/original\/lra-hr-logo-100.svg\" alt=\"Hessischer Rundfunk\"\/><\/p>\n<p>                                        <\/a><\/p>\n","protected":false},"excerpt":{"rendered":"Stand: 15.08.2026 \u2022 09:47 Uhr Ho-Jae Lee hat im ersten Spiel schon Eindruck hinterlassen, mit Milan Smit hat&hellip;\n","protected":false},"author":2,"featured_media":1237814,"comment_status":"","ping_status":"","sticky":false,"template":"","format":"standard","meta":{"footnotes":"","_share_on_mastodon":"0"},"categories":[1835],"tags":[3364,29,2386,347,30,12591,859,8305],"class_list":["post-1237813","post","type-post","status-publish","format-standard","has-post-thumbnail","category-dresden","tag-de","tag-deutschland","tag-dresden","tag-fussball","tag-germany","tag-hr","tag-sachsen","tag-sv-darmstadt-98"],"share_on_mastodon":{"url":"https:\/\/pubeurope.com\/@de\/117098473596358595","error":""},"_links":{"self":[{"href":"https:\/\/www.europesays.com\/de\/wp-json\/wp\/v2\/posts\/1237813","targetHints":{"allow":["GET"]}}],"collection":[{"href":"https:\/\/www.europesays.com\/de\/wp-json\/wp\/v2\/posts"}],"about":[{"href":"https:\/\/www.europesays.com\/de\/wp-json\/wp\/v2\/types\/post"}],"author":[{"embeddable":true,"href":"https:\/\/www.europesays.com\/de\/wp-json\/wp\/v2\/users\/2"}],"replies":[{"embeddable":true,"href":"https:\/\/www.europesays.com\/de\/wp-json\/wp\/v2\/comments?post=1237813"}],"version-history":[{"count":0,"href":"https:\/\/www.europesays.com\/de\/wp-json\/wp\/v2\/posts\/1237813\/revisions"}],"wp:featuredmedia":[{"embeddable":true,"href":"https:\/\/www.europesays.com\/de\/wp-json\/wp\/v2\/media\/1237814"}],"wp:attachment":[{"href":"https:\/\/www.europesays.com\/de\/wp-json\/wp\/v2\/media?parent=1237813"}],"wp:term":[{"taxonomy":"category","embeddable":true,"href":"https:\/\/www.europesays.com\/de\/wp-json\/wp\/v2\/categories?post=1237813"},{"taxonomy":"post_tag","embeddable":true,"href":"https:\/\/www.europesays.com\/de\/wp-json\/wp\/v2\/tags?post=1237813"}],"curies":[{"name":"wp","href":"https:\/\/api.w.org\/{rel}","templated":true}]}}