{"id":1237823,"date":"2026-08-15T08:06:16","date_gmt":"2026-08-15T08:06:16","guid":{"rendered":"https:\/\/www.europesays.com\/de\/1237823\/"},"modified":"2026-08-15T08:06:16","modified_gmt":"2026-08-15T08:06:16","slug":"borussia-dortmund-der-plan-ohne-el-mala-welche-stars-bvb-im-visier-hat-fussball","status":"publish","type":"post","link":"https:\/\/www.europesays.com\/de\/1237823\/","title":{"rendered":"Borussia Dortmund: Der Plan ohne El Mala! Welche Stars BVB im Visier hat | Fu\u00dfball"},"content":{"rendered":"<p><b>F\u00fcr den BVB ist der <\/b><a href=\"https:\/\/sportbild.bild.de\/fussball\/borussia-dortmund\/borussia-dortmund-knall-im-poker-um-said-el-mala-6a7ee730169e8e32c0ae7de4\" class=\"text-link\" rel=\"nofollow noopener\" target=\"_blank\"><b>Poker um Said El Mala (19) beendet<\/b><\/a><b>. Die Dortmunder Vereinsf\u00fchrung machte das Aus der Verhandlungen bereits am gestrigen Freitag \u00f6ffentlich. Klub-Chef Carsten Cramer (57) sagte dazu gegen\u00fcber SPORT BILD: \u201eWir haben uns gemeinsam bewusst dazu entschieden, kein weiteres Angebot mehr abzugeben. Wir hatten ein aus unserer Sicht sehr werthaltiges Angebot gemacht. Bei allen sportlichen Ambitionen ist es uns wichtig, dass die wirtschaftliche Vernunft nicht auf der Strecke bleibt.\u201c<\/b><\/p>\n<p>Wie geht es nun weiter? Von der sportlichen F\u00fchrung rund um Sport-Boss Lars Ricken (50) und Sportdirektor Ole Book (40) erwarten Cramer und Pr\u00e4sident Hans-Joachim Watzke (67) unmissverst\u00e4ndlich, dass der Kader noch in dieser Transferperiode sp\u00fcrbar verst\u00e4rkt wird.<\/p>\n<p><img decoding=\"async\" width=\"992\" height=\"558\" alt=\"Bleibt wohl beim \u201eEffzeh\u201c: Said El Mala (19)\" loading=\"lazy\" src=\"https:\/\/www.europesays.com\/de\/wp-content\/uploads\/2026\/08\/c792e7808f24cb903cd5244a501b240f,50accd9d.jpeg\"   class=\"landscape\"\/><\/p>\n<p class=\"fig__caption__text\">Bleibt wohl beim \u201eEffzeh\u201c: Said El Mala (19)<\/p>\n<p>Foto: Marius Becker\/dpa<\/p>\n<p>SPORT BILD wei\u00df: Alternativ-Optionen standen bereits w\u00e4hrend der laufenden El-Mala-Gespr\u00e4che im Raum. Intern dreht sich die Debatte zun\u00e4chst aber um eine grunds\u00e4tzliche, strategische Frage.<\/p>\n<p>Der BVB-Plan ohne El Mala<\/p>\n<p>Hinter den Kulissen wird derzeit abgewogen: H\u00e4lt man am von SPORT BILD enth\u00fcllten Kurs fest, wonach lieber ein einzelner, teurer Ausnahmespieler verpflichtet werden soll? Oder wird das Geld stattdessen breiter gestreut \u2013 auf zwei bis drei Stars? In letzterem Fall w\u00e4ren Verst\u00e4rkungen gleich auf mehreren Positionen denkbar.<\/p>\n<p>Mehr zum Thema<\/p>\n<p>Fest steht schon jetzt: Mit dem letzten Angebot an den 1. FC K\u00f6ln f\u00fcr El Mala, das ein Gesamtpaket von rund 52,5 Mio. Euro umfasste, war die selbst gesetzte Schmerzgrenze der Dortmunder bereits \u00fcberschritten. Ob der <a href=\"https:\/\/sportbild.bild.de\/bundesliga\/vereine\/borussia-dortmund\/home-33283690.sport.html\" class=\"text-link\" rel=\"nofollow noopener\" target=\"_blank\">BVB<\/a> bereit w\u00e4re, f\u00fcr andere Kandidaten \u00fcberhaupt in die N\u00e4he eines Budgets von 50 Mio. Euro zu gehen, ist bislang v\u00f6llig offen<\/p>\n<p>Diese Stars hat Dortmund jetzt auf der Liste<\/p>\n<p>Der nach SPORT BILD-Informationen hei\u00dfeste Name: Giannis Konstantelias (23) von PAOK Saloniki, einsetzbar im zentral-offensiven Mittelfeld sowie auf dem linken Fl\u00fcgel. Er w\u00fcrde sich gut mit seinem Landsmann und BVB-K\u00f6nigstransfer Konstantinos Karetsas (18) erg\u00e4nzen. Kontakt zwischen Klub und Spieler soll bereits bestehen, im Gespr\u00e4ch sind eine Abl\u00f6se von 25,5 Mio. Euro sowie ein Jahresgehalt von drei Mio. Euro.<\/p>\n<p><img decoding=\"async\" width=\"992\" height=\"558\" alt=\"Spannender Name im BVB-Umfeld: Giannis Konstantelias (23)\" loading=\"lazy\" src=\"https:\/\/www.europesays.com\/de\/wp-content\/uploads\/2026\/08\/d007a0bd784b0d6ea294baca82bc7d91,dcbd215.jpeg\"   class=\"landscape\"\/><\/p>\n<p class=\"fig__caption__text\">Spannender Name im BVB-Umfeld: Giannis Konstantelias (23)<\/p>\n<p>Foto: AP<\/p>\n<p>Auch Hoffenheim-St\u00fcrmer Fisnik Asllani (24) bleibt Teil der \u00dcberlegungen \u2013 sein Wechsel zu Liga-Konkurrent RB Leipzig war zuletzt nach dem Medizincheck geplatzt. Book, der ihn noch aus gemeinsamen Elversberg-Zeiten kennt, soll sich weiterhin f\u00fcr ihn starkmachen. F\u00fcr Asllani wiederum ist Dortmund sogar der Wunschklub.<\/p>\n<p>Weitere Namen kursieren derzeit im Umfeld von BVB: Linksau\u00dfen Abde Ezzalzouli (24\/Betis Sevilla\/40 Mio. Euro Marktwert) und Fl\u00fcgelspieler Alberto Moleiro (22\/Villarreal\/50 Mio.) werden beobachtet, gelten aber als potenziell sehr teuer. Auch Mittelfeldstratege Joey Veerman (27\/Eindhoven\/25 Mio.) fiel als Kandidat \u2013 er besitzt eine Ausstiegsklausel \u00fcber 20 Mio. Euro.<\/p>\n<p><img decoding=\"async\" width=\"992\" height=\"558\" alt=\"Jadon Sancho (26) spielte zuletzt per Leihe f\u00fcr Aston Villa\" loading=\"lazy\" src=\"https:\/\/www.europesays.com\/de\/wp-content\/uploads\/2026\/08\/2de45609fdc2cca6dabc0563f47243cc,619b04b6.jpeg\"   class=\"landscape\"\/><\/p>\n<p class=\"fig__caption__text\">Jadon Sancho (26) spielte zuletzt per Leihe f\u00fcr Aston Villa<\/p>\n<p>Foto: picture alliance\/Pressefoto Ulmer<\/p>\n<p>Und schlie\u00dflich bleibt da noch Jadon Sancho (26\/vereinslos\/18 Mio.): Wie BILD bereits berichtete, k\u00f6nnte der Fan-Liebling gegen Ende der Transferperiode noch einmal zur Option werden, falls im Kader weiterhin Bedarf besteht. Aktuell haben die Bosse aber Zweifel \u2013 da bislang kaum andere Klubs Interesse an Sancho zeigen und dessen Fitnesszustand ein Fragezeichen bleibt.<\/p>\n","protected":false},"excerpt":{"rendered":"F\u00fcr den BVB ist der Poker um Said El Mala (19) beendet. Die Dortmunder Vereinsf\u00fchrung machte das Aus&hellip;\n","protected":false},"author":2,"featured_media":1237824,"comment_status":"","ping_status":"","sticky":false,"template":"","format":"standard","meta":{"footnotes":"","_share_on_mastodon":"0"},"categories":[1833],"tags":[623,1263,888,3364,29,217,253980,538,30,5133,9662,1209,957,12984,73392,803,126193,819,1576,5132],"class_list":["post-1237823","post","type-post","status-publish","format-standard","has-post-thumbnail","category-dortmund","tag-1-fc-koeln","tag-aufmacher-bereich","tag-borussia-dortmund","tag-de","tag-deutschland","tag-dortmund","tag-el-mala-said","tag-erste-bundesliga","tag-germany","tag-hueber-yannick","tag-no-sport-app","tag-nordrhein-westfalen","tag-premier-league","tag-ricken-lars","tag-schroeer-michel","tag-spielertransfer","tag-spobi-bundesliga","tag-sport-leuchtturm-essen","tag-super-a-teaser","tag-weiler-joerg"],"share_on_mastodon":{"url":"","error":""},"_links":{"self":[{"href":"https:\/\/www.europesays.com\/de\/wp-json\/wp\/v2\/posts\/1237823","targetHints":{"allow":["GET"]}}],"collection":[{"href":"https:\/\/www.europesays.com\/de\/wp-json\/wp\/v2\/posts"}],"about":[{"href":"https:\/\/www.europesays.com\/de\/wp-json\/wp\/v2\/types\/post"}],"author":[{"embeddable":true,"href":"https:\/\/www.europesays.com\/de\/wp-json\/wp\/v2\/users\/2"}],"replies":[{"embeddable":true,"href":"https:\/\/www.europesays.com\/de\/wp-json\/wp\/v2\/comments?post=1237823"}],"version-history":[{"count":0,"href":"https:\/\/www.europesays.com\/de\/wp-json\/wp\/v2\/posts\/1237823\/revisions"}],"wp:featuredmedia":[{"embeddable":true,"href":"https:\/\/www.europesays.com\/de\/wp-json\/wp\/v2\/media\/1237824"}],"wp:attachment":[{"href":"https:\/\/www.europesays.com\/de\/wp-json\/wp\/v2\/media?parent=1237823"}],"wp:term":[{"taxonomy":"category","embeddable":true,"href":"https:\/\/www.europesays.com\/de\/wp-json\/wp\/v2\/categories?post=1237823"},{"taxonomy":"post_tag","embeddable":true,"href":"https:\/\/www.europesays.com\/de\/wp-json\/wp\/v2\/tags?post=1237823"}],"curies":[{"name":"wp","href":"https:\/\/api.w.org\/{rel}","templated":true}]}}