{"id":1237828,"date":"2026-08-15T08:09:12","date_gmt":"2026-08-15T08:09:12","guid":{"rendered":"https:\/\/www.europesays.com\/de\/1237828\/"},"modified":"2026-08-15T08:09:12","modified_gmt":"2026-08-15T08:09:12","slug":"sauberkeit-in-duesseldorf-ob-keller-kritisiert-buerger","status":"publish","type":"post","link":"https:\/\/www.europesays.com\/de\/1237828\/","title":{"rendered":"Sauberkeit in D\u00fcsseldorf: OB Keller kritisiert B\u00fcrger"},"content":{"rendered":"<p class=\"text_ohne_einzug richtext text-em-55 !leading-serif mx-6 desktop:mx-0\">Wenn die Menschen in <a href=\"https:\/\/rp-online.de\/thema\/duesseldorf\/\" rel=\"nofollow noopener\" target=\"_blank\">D\u00fcsseldorf<\/a> nach Problemen gefragt werden, dann steht dieses Thema weit oben: eine zu dreckige Stadt. Nur Wohnen und Mobilit\u00e4t werden in der regelm\u00e4\u00dfig von der Stadt durchgef\u00fchrten Umfrage (zuletzt 2024) noch h\u00f6her gewichtet. Dass es hier erh\u00f6hten Handlungsbedarf gibt, hat Oberb\u00fcrgermeister <a href=\"https:\/\/rp-online.de\/thema\/stephan-keller\/\" rel=\"nofollow noopener\" target=\"_blank\">Stephan Keller<\/a> (CDU) von Beginn seiner inzwischen sechsj\u00e4hrigen Amtszeit an betont. <a href=\"https:\/\/rp-online.de\/nrw\/staedte\/duesseldorf\/stadtsauberkeitsoffensive-so-soll-duesseldorf-sauberer-werden_aid-72901875\" rel=\"nofollow noopener\" target=\"_blank\">Unter dem Stichwort \u201eSauberkeitsoffensive\u201c hat er immer wieder neue Schritte vorgestellt.<\/a> So auch am Freitagmittag auf dem Quartiersplatz in Rath. Die Stadtteile sollen in diesem Jahr mehr in den Fokus r\u00fccken.<\/p>\n","protected":false},"excerpt":{"rendered":"Wenn die Menschen in D\u00fcsseldorf nach Problemen gefragt werden, dann steht dieses Thema weit oben: eine zu dreckige&hellip;\n","protected":false},"author":2,"featured_media":1237829,"comment_status":"","ping_status":"","sticky":false,"template":"","format":"standard","meta":{"footnotes":"","_share_on_mastodon":"0"},"categories":[1831],"tags":[78845,3364,29,3405,30,3744,1209],"class_list":["post-1237828","post","type-post","status-publish","format-standard","has-post-thumbnail","category-duesseldorf","tag-awista","tag-de","tag-deutschland","tag-duesseldorf","tag-germany","tag-keller","tag-nordrhein-westfalen"],"share_on_mastodon":{"url":"https:\/\/pubeurope.com\/@de\/117098509966897726","error":""},"_links":{"self":[{"href":"https:\/\/www.europesays.com\/de\/wp-json\/wp\/v2\/posts\/1237828","targetHints":{"allow":["GET"]}}],"collection":[{"href":"https:\/\/www.europesays.com\/de\/wp-json\/wp\/v2\/posts"}],"about":[{"href":"https:\/\/www.europesays.com\/de\/wp-json\/wp\/v2\/types\/post"}],"author":[{"embeddable":true,"href":"https:\/\/www.europesays.com\/de\/wp-json\/wp\/v2\/users\/2"}],"replies":[{"embeddable":true,"href":"https:\/\/www.europesays.com\/de\/wp-json\/wp\/v2\/comments?post=1237828"}],"version-history":[{"count":0,"href":"https:\/\/www.europesays.com\/de\/wp-json\/wp\/v2\/posts\/1237828\/revisions"}],"wp:featuredmedia":[{"embeddable":true,"href":"https:\/\/www.europesays.com\/de\/wp-json\/wp\/v2\/media\/1237829"}],"wp:attachment":[{"href":"https:\/\/www.europesays.com\/de\/wp-json\/wp\/v2\/media?parent=1237828"}],"wp:term":[{"taxonomy":"category","embeddable":true,"href":"https:\/\/www.europesays.com\/de\/wp-json\/wp\/v2\/categories?post=1237828"},{"taxonomy":"post_tag","embeddable":true,"href":"https:\/\/www.europesays.com\/de\/wp-json\/wp\/v2\/tags?post=1237828"}],"curies":[{"name":"wp","href":"https:\/\/api.w.org\/{rel}","templated":true}]}}