{"id":1237906,"date":"2026-08-15T08:59:23","date_gmt":"2026-08-15T08:59:23","guid":{"rendered":"https:\/\/www.europesays.com\/de\/1237906\/"},"modified":"2026-08-15T08:59:23","modified_gmt":"2026-08-15T08:59:23","slug":"polizei-am-badepark-manchmal-reicht-ein-strenger-blick-meinung","status":"publish","type":"post","link":"https:\/\/www.europesays.com\/de\/1237906\/","title":{"rendered":"Polizei am Badepark: Manchmal reicht ein strenger Blick &#8211; Meinung"},"content":{"rendered":"<p class=\"rhp-dpa-teaser\"><b>Die gemeinsame Streife von deutschen und franz\u00f6sischen Beamten hat viele Badeg\u00e4ste verwundert. Dabei ist die L\u00f6sung ganz einfach.<\/b><\/p>\n<p>Eine Premiere gab es j\u00fcngst vor dem Badepark <a class=\"rtr-entity\" data-rtr-entity=\"W\u00f6rth\" data-rtr-id=\"c68b4afdf45a0ab361d35b4a6813e0800f76b867\" data-rtr-score=\"14.689922480620156\" data-rtr-etype=\"location\" data-rtr-index=\"8\" href=\"https:\/\/www.rheinpfalz.de\/themen\/woerth-am-rhein\" rel=\"nofollow noopener\" target=\"_blank\">W\u00f6rth<\/a>: Deutsche und franz\u00f6sische Polizeibeamte waren zwei Stunden vor Ort und \u201ezeigten Pr\u00e4senz\u201c, wie es im Amtsdeutsch hei\u00dft. Nat\u00fcrlich wurde kurz darauf in den sozialen Medien erst mal geraunt: Warum denn Polizei am Schwimmbad?<\/p>\n<p class=\"rhp-teaser\"><b>Die gemeinsame Streife von deutschen und franz\u00f6sischen Beamten hat viele Badeg\u00e4ste verwundert. Dabei ist die L\u00f6sung ganz einfach.<\/b><\/p>\n","protected":false},"excerpt":{"rendered":"Die gemeinsame Streife von deutschen und franz\u00f6sischen Beamten hat viele Badeg\u00e4ste verwundert. Dabei ist die L\u00f6sung ganz einfach.&hellip;\n","protected":false},"author":2,"featured_media":1237907,"comment_status":"","ping_status":"","sticky":false,"template":"","format":"standard","meta":{"footnotes":"","_share_on_mastodon":"0"},"categories":[1844],"tags":[1634,50562,3364,29,291,30,8903,4060,121,30446,26148],"class_list":["post-1237906","post","type-post","status-publish","format-standard","has-post-thumbnail","category-karlsruhe","tag-baden-wuerttemberg","tag-badepark","tag-de","tag-deutschland","tag-facebook","tag-germany","tag-karlsruhe","tag-lokal","tag-polizei","tag-rheinpfalz","tag-woerth"],"share_on_mastodon":{"url":"","error":""},"_links":{"self":[{"href":"https:\/\/www.europesays.com\/de\/wp-json\/wp\/v2\/posts\/1237906","targetHints":{"allow":["GET"]}}],"collection":[{"href":"https:\/\/www.europesays.com\/de\/wp-json\/wp\/v2\/posts"}],"about":[{"href":"https:\/\/www.europesays.com\/de\/wp-json\/wp\/v2\/types\/post"}],"author":[{"embeddable":true,"href":"https:\/\/www.europesays.com\/de\/wp-json\/wp\/v2\/users\/2"}],"replies":[{"embeddable":true,"href":"https:\/\/www.europesays.com\/de\/wp-json\/wp\/v2\/comments?post=1237906"}],"version-history":[{"count":0,"href":"https:\/\/www.europesays.com\/de\/wp-json\/wp\/v2\/posts\/1237906\/revisions"}],"wp:featuredmedia":[{"embeddable":true,"href":"https:\/\/www.europesays.com\/de\/wp-json\/wp\/v2\/media\/1237907"}],"wp:attachment":[{"href":"https:\/\/www.europesays.com\/de\/wp-json\/wp\/v2\/media?parent=1237906"}],"wp:term":[{"taxonomy":"category","embeddable":true,"href":"https:\/\/www.europesays.com\/de\/wp-json\/wp\/v2\/categories?post=1237906"},{"taxonomy":"post_tag","embeddable":true,"href":"https:\/\/www.europesays.com\/de\/wp-json\/wp\/v2\/tags?post=1237906"}],"curies":[{"name":"wp","href":"https:\/\/api.w.org\/{rel}","templated":true}]}}