{"id":1238023,"date":"2026-08-15T10:13:21","date_gmt":"2026-08-15T10:13:21","guid":{"rendered":"https:\/\/www.europesays.com\/de\/1238023\/"},"modified":"2026-08-15T10:13:21","modified_gmt":"2026-08-15T10:13:21","slug":"joerg-knoer-hoert-auf-ich-langweile-mich-auf-der-buehne-ueber-mich-selbst-unterhaltung","status":"publish","type":"post","link":"https:\/\/www.europesays.com\/de\/1238023\/","title":{"rendered":"J\u00f6rg Kn\u00f6r h\u00f6rt auf! \u201eIch langweile mich auf der B\u00fchne \u00fcber mich selbst\u201c | Unterhaltung"},"content":{"rendered":"<p><a class=\"skip-content skip-content--link\" href=\"#in-content-skip-link-target-v-0-0\">TTS-Player \u00fcberspringen\u21b5<\/a><a id=\"in-content-skip-link-target-v-0-0\" class=\"skip-content--target-link-hidden skip-content skip-content--target-link\" href=\"#in-content-skip-link-target-v-0-0\">Artikel weiterlesen<\/a><\/p>\n<p data-32581ace=\"0-2270\">Hamburg \u2013\u00a0<b>Fast 50 Jahre lang brachte er Millionen Deutsche zum Lachen. Jetzt sagt einer der gr\u00f6\u00dften Parodisten des Landes: Es reicht! Comedy-Legende J\u00f6rg Kn\u00f6r (67) h\u00f6rt auf. Nach 5700 Auftritten, 35 B\u00fchnenprogrammen und einer Karriere voller TV-Hits steigt der Entertainer Ende 2026 endg\u00fcltig von der B\u00fchne. Nur noch siebenmal wird er auftreten. Am 28. Dezember verabschiedet er sich in Buchholz (Niedersachsen) von seinem Publikum.<\/b><\/p>\n<p><img decoding=\"async\" width=\"992\" height=\"608\" alt=\"J\u00f6rg Kn\u00f6r (damals 31, l.) im September 1991 mit T\u00e4nzerin Helga Gundlach (Chapeau Claque Theaterrevue) und Tommy Denninger in der ZDF-Show \u201eDie J\u00f6rg Kn\u00f6r-Show\u201c in M\u00fcnchen\" loading=\"lazy\" src=\"https:\/\/www.europesays.com\/de\/wp-content\/uploads\/2026\/08\/c5f8b285834a88d6047717d9609a248c,5928e1b0.jpeg\"   class=\"dynamic\"\/><\/p>\n<p class=\"fig__caption__text\">J\u00f6rg Kn\u00f6r (damals 31, l.) im September 1991 mit T\u00e4nzerin Helga Gundlach (Chapeau Claque Theaterrevue) und K\u00fcnstler Tommy Deininger (damals 41) in der ZDF-Show \u201eDie J\u00f6rg Kn\u00f6r-Show\u201c in M\u00fcnchen<\/p>\n<p>Foto: Getty Images<\/p>\n<p>J\u00f6rg Kn\u00f6r: Darum h\u00f6re ich jetzt auf<\/p>\n<p data-32581ace=\"0-2270\">\u201eIch erlebe nichts Neues mehr, wenn ich weitermache. Ich gehe auf die B\u00fchne und langweile mich ein wenig \u00fcber mich selbst\u201c, sagt Kn\u00f6r exklusiv zu BILD. Der Gedanke ans Aufh\u00f6ren sei f\u00fcr ihn sogar befreiend. \u201eBei dem Gedanken an den Abschied f\u00fchle ich mich geradezu erl\u00f6st. Die Promi-Parodie kann jetzt mal weg von der Speisekarte.\u201c<\/p>\n<p data-32581ace=\"0-2270\">Nach Jahrzehnten im Rampenlicht will der Komiker zur\u00fcckschalten. \u201eIn der Sanduhr ist nicht mehr so viel Sand\u201c, sagt er. Das letzte Lebensdrittel wolle er bewusst mit seiner Frau Kerstin (61) verbringen. \u201eWir haben vor, gut gelaunt gemeinsam zu verwelken.\u201c<\/p>\n<p><img decoding=\"async\" width=\"992\" height=\"955\" alt=\"J\u00f6rg Kn\u00f6r parodierte auch die Hamburger Musiker-Legende Udo Lindenberg\" loading=\"lazy\" src=\"https:\/\/www.europesays.com\/de\/wp-content\/uploads\/2026\/08\/63d66e40f1f94708585614e8b6530d9d,faa26c0e.jpeg\"   class=\"dynamic\"\/><\/p>\n<p class=\"fig__caption__text\">J\u00f6rg Kn\u00f6r parodierte auch die Hamburger Musiker-Legende Udo Lindenberg<\/p>\n<p>Foto: picture alliance\/Eventpress<\/p>\n<p>5700 Shows, Insolvenzen und zwei Scheidungen<\/p>\n<p data-32581ace=\"0-2270\">Hinter ihm liegen bewegte Jahrzehnte. Kn\u00f6r spricht \u00fcber zwei Insolvenzen durch \u201eunfaire Gesch\u00e4ftspartner\u201c, zwei kr\u00e4ftezehrende Scheidungen und den Druck seines Berufs. F\u00fcr jedes neue B\u00fchnenprogramm zog er sich zwei Monate lang komplett zur\u00fcck. \u201eIch habe mich in ein Hotelzimmer eingeschlossen, ohne Kontakt nach au\u00dfen. Es ist erl\u00f6send, dass ich mir jetzt keine neuen Programme mehr ausdenken muss.\u201c<\/p>\n<p><img decoding=\"async\" width=\"992\" height=\"1132\" alt=\"Sieht aus wie der echte: J\u00f6rg Kn\u00f6r als Star-Designer Karl Lagerfeld. Jetzt hat der Kult-Comedian keine Lust mehr auf die Promi-Parodie\" loading=\"lazy\" src=\"https:\/\/www.europesays.com\/de\/wp-content\/uploads\/2026\/08\/9fb760b85d2c05b662cc829113c229ea,9d822e7d.jpeg\"   class=\"dynamic\"\/><\/p>\n<p class=\"fig__caption__text\">Sieht aus wie der echte: J\u00f6rg Kn\u00f6r als Star-Designer Karl Lagerfeld. Jetzt hat der Kult-Comedian keine Lust mehr auf die Promi-Parodie<\/p>\n<p>Foto: Privat<\/p>\n<p data-32581ace=\"0-2270\">Dabei begann alles schon in den 70er-Jahren. 1975 trat Kn\u00f6r erstmals im Fernsehen auf, 1977 wurde er mit nur 17 Jahren Europas j\u00fcngster Fernsehansager beim WDR. Sp\u00e4ter sahen bis zu sieben Millionen Zuschauer die \u201eJ\u00f6rg Kn\u00f6r Show\u201c im ZDF.<\/p>\n<p>Jetzt beginnt das Leben nach der B\u00fchne<\/p>\n<p data-32581ace=\"0-2270\">Doch das fr\u00fchere Leben passe heute nicht mehr zu ihm. \u201eEs f\u00fchlt sich an wie ein zu enger Anzug, der zur Altkleidersammlung muss.\u201c Statt neuer Parodien warten jetzt andere Projekte auf ihn. Der Entertainer schreibt an seiner Biografie und widmet sich seinen \u201eKn\u00f6rikaturen\u201c.<\/p>\n<p><img decoding=\"async\" width=\"992\" height=\"877\" alt=\"Gro\u00dfe Liebe: J\u00f6rg Kn\u00f6r mit seiner Frau Kerstin Goeritz (61) sind seit 2014 gl\u00fccklich verheiratet\" loading=\"lazy\" src=\"https:\/\/www.europesays.com\/de\/wp-content\/uploads\/2026\/08\/fe7a2a0db7d5ea47292f3d71f747e353,208b7541.jpeg\"   class=\"dynamic\"\/><\/p>\n<p class=\"fig__caption__text\">Gro\u00dfe Liebe: J\u00f6rg Kn\u00f6r mit seiner Frau Kerstin Goeritz (61) sind seit 2014 gl\u00fccklich verheiratet<\/p>\n<p>Foto: Privat<\/p>\n<p data-32581ace=\"0-2270\">Sein Fazit: \u201eIch habe mir selbst \u00fcber so viele Jahre gefehlt. Jetzt bin ich dran. Und meine Liebsten.\u201c Ein Satz, der zeigt: Dieser Abschied kommt nicht aus Frust, sondern aus tiefster \u00dcberzeugung.<\/p>\n","protected":false},"excerpt":{"rendered":"TTS-Player \u00fcberspringen\u21b5Artikel weiterlesen Hamburg \u2013\u00a0Fast 50 Jahre lang brachte er Millionen Deutsche zum Lachen. Jetzt sagt einer der&hellip;\n","protected":false},"author":2,"featured_media":1238024,"comment_status":"","ping_status":"","sticky":false,"template":"","format":"standard","meta":{"footnotes":"","_share_on_mastodon":"0"},"categories":[155],"tags":[158491,8373,29,9892,214,30,692,1710,256752,138370,94,1017,684,215,12459],"class_list":["post-1238023","post","type-post","status-publish","format-standard","has-post-thumbnail","category-unterhaltung","tag-carrell-rudi","tag-comedy-show","tag-deutschland","tag-entertainer","tag-entertainment","tag-germany","tag-hamburg","tag-karriere","tag-knoer-joerg","tag-team-first","tag-theater","tag-trump-donald","tag-tv","tag-unterhaltung","tag-von-mutius-franziska"],"share_on_mastodon":{"url":"https:\/\/pubeurope.com\/@de\/117098997935037512","error":""},"_links":{"self":[{"href":"https:\/\/www.europesays.com\/de\/wp-json\/wp\/v2\/posts\/1238023","targetHints":{"allow":["GET"]}}],"collection":[{"href":"https:\/\/www.europesays.com\/de\/wp-json\/wp\/v2\/posts"}],"about":[{"href":"https:\/\/www.europesays.com\/de\/wp-json\/wp\/v2\/types\/post"}],"author":[{"embeddable":true,"href":"https:\/\/www.europesays.com\/de\/wp-json\/wp\/v2\/users\/2"}],"replies":[{"embeddable":true,"href":"https:\/\/www.europesays.com\/de\/wp-json\/wp\/v2\/comments?post=1238023"}],"version-history":[{"count":0,"href":"https:\/\/www.europesays.com\/de\/wp-json\/wp\/v2\/posts\/1238023\/revisions"}],"wp:featuredmedia":[{"embeddable":true,"href":"https:\/\/www.europesays.com\/de\/wp-json\/wp\/v2\/media\/1238024"}],"wp:attachment":[{"href":"https:\/\/www.europesays.com\/de\/wp-json\/wp\/v2\/media?parent=1238023"}],"wp:term":[{"taxonomy":"category","embeddable":true,"href":"https:\/\/www.europesays.com\/de\/wp-json\/wp\/v2\/categories?post=1238023"},{"taxonomy":"post_tag","embeddable":true,"href":"https:\/\/www.europesays.com\/de\/wp-json\/wp\/v2\/tags?post=1238023"}],"curies":[{"name":"wp","href":"https:\/\/api.w.org\/{rel}","templated":true}]}}