{"id":1238155,"date":"2026-08-15T11:35:19","date_gmt":"2026-08-15T11:35:19","guid":{"rendered":"https:\/\/www.europesays.com\/de\/1238155\/"},"modified":"2026-08-15T11:35:19","modified_gmt":"2026-08-15T11:35:19","slug":"berlin-wilmersdorf-antisemitische-beleidigung-in-berliner-u-bahn","status":"publish","type":"post","link":"https:\/\/www.europesays.com\/de\/1238155\/","title":{"rendered":"Berlin-Wilmersdorf: Antisemitische Beleidigung in Berliner U-Bahn"},"content":{"rendered":"<p>Quelle: dpa Berlin\/Brandenburg<br \/>\n        15. August 2026, 12:56 Uhr\n    <\/p>\n<p>        Sie k\u00f6nnen sich Artikel der ZEIT in der Google-Suche nun bevorzugt anzeigen lassen.<\/p>\n<p>        <a class=\"zps-widget__icon\" href=\"https:\/\/www.google.com\/preferences\/source?q=zeit.de\" data-ct-label=\"Google Preferred Source Onboarding Widget Icon\" id=\"zps-link-icon-activate\" aria-label=\"ZEIT als bevorzugte Quelle bei Google aktivieren\" target=\"_blank\" rel=\"nofollow noopener\"><\/p>\n<p>        <\/a><\/p>\n<p>        Hinweis<\/p>\n<p class=\"article-notice__text\">DIE ZEIT hat diese Meldung redaktionell nicht bearbeitet. Sie wurde automatisch von der Deutschen Presse-Agentur (dpa) \u00fcbernommen.<\/p>\n<p>            <img decoding=\"async\" class=\"article__media-item\" src=\"https:\/\/www.europesays.com\/de\/wp-content\/uploads\/2026\/08\/1786793719_628_wide__660x371.jpeg\" alt=\"Berlin-Wilmersdorf: Ein Mann mit Kippa soll in der Berliner U-Bahn antisemitisch beleidigt worden sein. (Symbolbild)\"\/><\/p>\n<p>                    Ein Mann mit Kippa soll in der Berliner U-Bahn antisemitisch beleidigt worden sein. (Symbolbild)<br \/>\n            \u00a9\u00a0Soeren Stache\/\u200bdpa<\/p>\n<p class=\"paragraph article__item\">Unbekannte sollen einen Fahrgast in der Berliner U-Bahn antisemitisch beleidigt und bedroht haben. Der 30-J\u00e4hrige war in der Nacht von Freitag auf Samstag mit der Linie U9 in Wilmersdorf unterwegs, wie die Polizei mitteilte.\n<\/p>\n<p>Aktuelles<\/p>\n<p>                <a href=\"https:\/\/www.zeit.de\/gesellschaft\/zeitgeschehen\/2026-07\/bahn-sicherheitsmitarbeiter-sturz-zug-tuer-ettlingen\" data-ct-label=\"Deutsche Bahn: Bahn-Mitarbeiter st\u00fcrzt w\u00e4hrend Streit aus fahrendem Zug\" data-uuid=\"20eeac03-0ae1-44f1-aed2-39a14f6c40a1\" rel=\"nofollow noopener\" target=\"_blank\"><\/p>\n<p>                        Deutsche Bahn:<br \/>\n                        Bahn-Mitarbeiter st\u00fcrzt w\u00e4hrend Streit aus fahrendem Zug<\/p>\n<p>                <\/a><\/p>\n<p>                <a href=\"https:\/\/www.zeit.de\/zeit-verbrechen\/2026\/39\/amtsgericht-verbrechen-koerperverletzung-autorennen-berlin-polizei\" data-ct-label=\"Amtsgericht: Die bemerkenswerte Verbissenheit der M\u00fctter vom Prenzlauer Berg\" data-uuid=\"15edc981-bfe1-4ec6-972d-5f23a88669ab\" rel=\"nofollow noopener\" target=\"_blank\"><\/p>\n<p>        Z+ (abopflichtiger Inhalt);<\/p>\n<p>    Amtsgericht:<br \/>\n                        Die bemerkenswerte Verbissenheit der M\u00fctter vom Prenzlauer Berg<\/p>\n<p>                <\/a><\/p>\n<p>                <a href=\"https:\/\/www.zeit.de\/mobilitaet\/2026-07\/alkoholverbot-banhof-hamburg-hauptbahnhof-armut-sicherheit\" data-ct-label=\"Alkoholverbot an Bahnh\u00f6fen: Ist der Hamburger Hauptbahnhof ohne Bier ein besserer Ort?\" data-uuid=\"8b07164d-878b-4bbc-a229-fb74d3452458\" rel=\"nofollow noopener\" target=\"_blank\"><\/p>\n<p>                        Alkoholverbot an Bahnh\u00f6fen:<br \/>\n                        Ist der Hamburger Hauptbahnhof ohne Bier ein besserer Ort?<\/p>\n<p>                <\/a><\/p>\n<p class=\"paragraph article__item\">\u00abEr trug eine Kippa\u00bb, sagte eine Polizeisprecherin. Eine Gruppe junger M\u00e4nner soll ihn demnach im Waggon beleidigt und bedroht haben. Am U-Bahnhof Berliner Stra\u00dfe sei er ausgestiegen und habe den Notrufknopf einer BVG-S\u00e4ule gedr\u00fcckt. Anschlie\u00dfend setzte er seine Fahrt mit der U-Bahn fort.\n<\/p>\n<p class=\"paragraph article__item\">Die Unbekannten h\u00e4tten ihn jedoch weiterverfolgt. Er verlie\u00df den Zug an der Station Eisenacher Stra\u00dfe, w\u00e4hrend die Gruppe in der Bahn blieb. Der 30-J\u00e4hrige erstattete bei einer Polizeiwache in der N\u00e4he Anzeige. Die Beamten sicherten die Videoaufnahmen aus der U-Bahn. Der Staatsschutz ermittelt.\n<\/p>\n<p class=\"paragraph article__item\">\u00a9 dpa-infocom, dpa:260815-930-534148\/1<\/p>\n","protected":false},"excerpt":{"rendered":"Quelle: dpa Berlin\/Brandenburg 15. August 2026, 12:56 Uhr Sie k\u00f6nnen sich Artikel der ZEIT in der Google-Suche nun&hellip;\n","protected":false},"author":2,"featured_media":1238156,"comment_status":"","ping_status":"","sticky":false,"template":"","format":"standard","meta":{"footnotes":"","_share_on_mastodon":"0"},"categories":[1825],"tags":[25834,296,2539,29,30,15,17849],"class_list":["post-1238155","post","type-post","status-publish","format-standard","has-post-thumbnail","category-berlin","tag-beleidigung","tag-berlin","tag-berlin-wilmersdorf","tag-deutschland","tag-germany","tag-news","tag-wilmersdorf"],"share_on_mastodon":{"url":"","error":""},"_links":{"self":[{"href":"https:\/\/www.europesays.com\/de\/wp-json\/wp\/v2\/posts\/1238155","targetHints":{"allow":["GET"]}}],"collection":[{"href":"https:\/\/www.europesays.com\/de\/wp-json\/wp\/v2\/posts"}],"about":[{"href":"https:\/\/www.europesays.com\/de\/wp-json\/wp\/v2\/types\/post"}],"author":[{"embeddable":true,"href":"https:\/\/www.europesays.com\/de\/wp-json\/wp\/v2\/users\/2"}],"replies":[{"embeddable":true,"href":"https:\/\/www.europesays.com\/de\/wp-json\/wp\/v2\/comments?post=1238155"}],"version-history":[{"count":0,"href":"https:\/\/www.europesays.com\/de\/wp-json\/wp\/v2\/posts\/1238155\/revisions"}],"wp:featuredmedia":[{"embeddable":true,"href":"https:\/\/www.europesays.com\/de\/wp-json\/wp\/v2\/media\/1238156"}],"wp:attachment":[{"href":"https:\/\/www.europesays.com\/de\/wp-json\/wp\/v2\/media?parent=1238155"}],"wp:term":[{"taxonomy":"category","embeddable":true,"href":"https:\/\/www.europesays.com\/de\/wp-json\/wp\/v2\/categories?post=1238155"},{"taxonomy":"post_tag","embeddable":true,"href":"https:\/\/www.europesays.com\/de\/wp-json\/wp\/v2\/tags?post=1238155"}],"curies":[{"name":"wp","href":"https:\/\/api.w.org\/{rel}","templated":true}]}}